{"id":1023,"date":"2016-02-12T19:42:00","date_gmt":"2016-02-12T18:42:00","guid":{"rendered":"http:\/\/mobilaner.de\/blog\/?p=1023"},"modified":"2021-01-18T20:05:52","modified_gmt":"2021-01-18T19:05:52","slug":"am-erg-chebbi","status":"publish","type":"post","link":"http:\/\/mobilaner.de\/blog\/2016\/02\/12\/am-erg-chebbi\/","title":{"rendered":"Am Erg Chebbi"},"content":{"rendered":"\n<p>Die Pause haben wir uns verdient!<\/p>\n\n\n\n<p>Einer meiner Punkte auf dieser Reise war ja, einmal Saharasand unter die Reifen zu kriegen. Jetzt habe ich den Sand, nicht nur unter den Reifen, auch auf dem Fu\u00dfboden, im Bett, in der K\u00fcche in allen Klamotten, \u2026 Bisher sind wir an allen Pl\u00e4tzen relativ schnell wieder aufgebrochen, hier wollen wir uns mal ein wenig vom Reisestress erholen. Daf\u00fcr k\u00f6nnen wir dann auch mal ein paar Tage Unterkunft bezahlen, soviel Luxus darf auch mal sein.<\/p>\n\n\n\n<figure class=\"wp-block-image size-large\"><img loading=\"lazy\" decoding=\"async\" width=\"1024\" height=\"768\" src=\"http:\/\/mobilaner.de\/blog\/wp-content\/uploads\/2021\/01\/IMG_7903-1024x768.jpg\" alt=\"\" class=\"wp-image-1024\" srcset=\"http:\/\/mobilaner.de\/blog\/wp-content\/uploads\/2021\/01\/IMG_7903-scaled.jpg 1024w, http:\/\/mobilaner.de\/blog\/wp-content\/uploads\/2021\/01\/IMG_7903-300x225.jpg 300w, http:\/\/mobilaner.de\/blog\/wp-content\/uploads\/2021\/01\/IMG_7903-768x576.jpg 768w, http:\/\/mobilaner.de\/blog\/wp-content\/uploads\/2021\/01\/IMG_7903-1536x1152.jpg 1536w, http:\/\/mobilaner.de\/blog\/wp-content\/uploads\/2021\/01\/IMG_7903-2048x1536.jpg 2048w, http:\/\/mobilaner.de\/blog\/wp-content\/uploads\/2021\/01\/IMG_7903-80x60.jpg 80w\" sizes=\"auto, (max-width: 1024px) 100vw, 1024px\" \/><figcaption>Hier l\u00e4sst es sich erstmal aushalten.<\/figcaption><\/figure>\n\n\n\n<p>Die Herberge ist reichlich gro\u00df, 70 Zimmer, und wohl die erste, die hier erbaut wurde. 1982 ging es schon los, damals allerdings noch mit Zelten. Zum Gl\u00fcck f\u00fcr uns ist hier aber zur Zeit wenig los, so dass wir das Gef\u00fchl haben, nicht unbedingt massen-abgefertigt zu werden, sondern sich auch sehr angenehme Gespr\u00e4che entwickeln. Au\u00dferdem sind wir die einzigen, die mit eigenem Fahrzeug hier angereist sind und ihr Camp im Vorhof aufgeschlagen haben. Klar ist das hier schon sehr touristisch, und noch weit ab von endlosen, einsamen Weiten, aber Hey! Ich bin mit Oma Duck in der Sahara!<\/p>\n\n\n\n<figure class=\"wp-block-image size-large\"><img loading=\"lazy\" decoding=\"async\" width=\"1024\" height=\"768\" src=\"http:\/\/mobilaner.de\/blog\/wp-content\/uploads\/2021\/01\/IMG_7904-1024x768.jpg\" alt=\"\" class=\"wp-image-1025\" srcset=\"http:\/\/mobilaner.de\/blog\/wp-content\/uploads\/2021\/01\/IMG_7904-scaled.jpg 1024w, http:\/\/mobilaner.de\/blog\/wp-content\/uploads\/2021\/01\/IMG_7904-300x225.jpg 300w, http:\/\/mobilaner.de\/blog\/wp-content\/uploads\/2021\/01\/IMG_7904-768x576.jpg 768w, http:\/\/mobilaner.de\/blog\/wp-content\/uploads\/2021\/01\/IMG_7904-1536x1152.jpg 1536w, http:\/\/mobilaner.de\/blog\/wp-content\/uploads\/2021\/01\/IMG_7904-2048x1536.jpg 2048w, http:\/\/mobilaner.de\/blog\/wp-content\/uploads\/2021\/01\/IMG_7904-80x60.jpg 80w\" sizes=\"auto, (max-width: 1024px) 100vw, 1024px\" \/><figcaption>Unser Vorplatz<\/figcaption><\/figure>\n\n\n\n<p>Direkt hinter dem Geb\u00e4ude beginnen die D\u00fcnen des Erg Chebbi. Klar, dass wir nach der Ankunft sofort erstmal spielen gehen. So eine Sandkiste findet sich nicht an jeder Ecke, und auch wenn die vorbeiziehende Dromedar-Karawane heute nicht mehr Handelswaren, sondern Touristen transportiert, ist der Anblick doch faszinierend!<\/p>\n\n\n\n<figure class=\"wp-block-image size-large\"><img loading=\"lazy\" decoding=\"async\" width=\"1024\" height=\"768\" src=\"http:\/\/mobilaner.de\/blog\/wp-content\/uploads\/2021\/01\/IMG_7895-1024x768.jpg\" alt=\"\" class=\"wp-image-1026\" srcset=\"http:\/\/mobilaner.de\/blog\/wp-content\/uploads\/2021\/01\/IMG_7895-scaled.jpg 1024w, http:\/\/mobilaner.de\/blog\/wp-content\/uploads\/2021\/01\/IMG_7895-300x225.jpg 300w, http:\/\/mobilaner.de\/blog\/wp-content\/uploads\/2021\/01\/IMG_7895-768x576.jpg 768w, http:\/\/mobilaner.de\/blog\/wp-content\/uploads\/2021\/01\/IMG_7895-1536x1152.jpg 1536w, http:\/\/mobilaner.de\/blog\/wp-content\/uploads\/2021\/01\/IMG_7895-2048x1536.jpg 2048w, http:\/\/mobilaner.de\/blog\/wp-content\/uploads\/2021\/01\/IMG_7895-80x60.jpg 80w\" sizes=\"auto, (max-width: 1024px) 100vw, 1024px\" \/><figcaption>Die Dromedar-Touri-Karawane<\/figcaption><\/figure>\n\n\n\n<p>Was mir neu war, ist, dass die D\u00fcnen wohl auch ein recht gro\u00dfer Wasserspeicher sind und das Grundwasser daher recht hoch liegt. Durch einen Brunnen wird hier alles versorgt, daher auch der immervolle Pool, der mehrfach am Tag mit Wasserspielen frisch gemacht wird, ohne dass ich jemals jemanden auch nur einen Zeh reinstecken gesehen h\u00e4tte. Wasser scheint ausreichend da zu sein, nur lecker ist es nicht&#8230;<\/p>\n\n\n\n<figure class=\"wp-block-image size-large\"><img loading=\"lazy\" decoding=\"async\" width=\"1024\" height=\"768\" src=\"http:\/\/mobilaner.de\/blog\/wp-content\/uploads\/2021\/01\/IMG_7906-1024x768.jpg\" alt=\"\" class=\"wp-image-1027\" srcset=\"http:\/\/mobilaner.de\/blog\/wp-content\/uploads\/2021\/01\/IMG_7906.jpg 1024w, http:\/\/mobilaner.de\/blog\/wp-content\/uploads\/2021\/01\/IMG_7906-300x225.jpg 300w, http:\/\/mobilaner.de\/blog\/wp-content\/uploads\/2021\/01\/IMG_7906-768x576.jpg 768w, http:\/\/mobilaner.de\/blog\/wp-content\/uploads\/2021\/01\/IMG_7906-1536x1152.jpg 1536w, http:\/\/mobilaner.de\/blog\/wp-content\/uploads\/2021\/01\/IMG_7906-80x60.jpg 80w\" sizes=\"auto, (max-width: 1024px) 100vw, 1024px\" \/><figcaption>Sieht ja irgendwie doch dekadent, aber auch verlockend aus.<\/figcaption><\/figure>\n\n\n\n<p>Am n\u00e4chsten Tag (Sonntag) Ist Markttag in Rissani und Niels und ich beschlie\u00dfen, uns noch einmal in st\u00e4dtisches Gewusel zu begeben um die Gem\u00fcsevorr\u00e4te aufzuf\u00fcllen. Rissani ist etwa 30 km entfernt, f\u00fcr die Strecke leihen wir uns den 407 von Jonas, da ich gern sp\u00e4ter an meinem Motor noch die Ventile einstellen m\u00f6chte und ihn daher nicht warmfahren mag und Johanna im Magirus arbeiten will. Der Markt ist schon gro\u00df und faszinierend, was mich, und nicht nur mich allein, allerdings langsam mehr und mehr stresst, ist die Unm\u00f6glichkeit einfach mal unbehelligt st\u00f6bern zu gehen. Kaum hat man einem Verk\u00e4ufer klargemacht, dass man jetzt nicht mit ihm zu seinem Stand kommen mag um sich seine besten Angebote anzusehen, kommt auch schon der n\u00e4chste, der das schnelle Touristengeld wittert und versucht, etwas davon f\u00fcr sich abzugreifen.<\/p>\n\n\n\n<figure class=\"wp-block-image size-large\"><img loading=\"lazy\" decoding=\"async\" width=\"1024\" height=\"768\" src=\"http:\/\/mobilaner.de\/blog\/wp-content\/uploads\/2021\/01\/IMG_7920-1024x768.jpg\" alt=\"\" class=\"wp-image-1028\" srcset=\"http:\/\/mobilaner.de\/blog\/wp-content\/uploads\/2021\/01\/IMG_7920-scaled.jpg 1024w, http:\/\/mobilaner.de\/blog\/wp-content\/uploads\/2021\/01\/IMG_7920-300x225.jpg 300w, http:\/\/mobilaner.de\/blog\/wp-content\/uploads\/2021\/01\/IMG_7920-768x576.jpg 768w, http:\/\/mobilaner.de\/blog\/wp-content\/uploads\/2021\/01\/IMG_7920-1536x1152.jpg 1536w, http:\/\/mobilaner.de\/blog\/wp-content\/uploads\/2021\/01\/IMG_7920-2048x1536.jpg 2048w, http:\/\/mobilaner.de\/blog\/wp-content\/uploads\/2021\/01\/IMG_7920-80x60.jpg 80w\" sizes=\"auto, (max-width: 1024px) 100vw, 1024px\" \/><figcaption>Gew\u00fcrze in allen Varianten auf dem Souk<\/figcaption><\/figure>\n\n\n\n<p>Zur\u00fcck bei unserem Camp mache ich mich noch an die Kontrolle der Ventile an Oma Ducks Herzen, wobei nix bedrohliches zu vermelden ist. Alle leicht justiert, gut ist.<\/p>\n\n\n\n<p>Abends g\u00f6nnen wir uns dann im Restaurant zusammen einen gro\u00dfen Teller veganes Couscous mit Suppe davor und Obstteller hinterher. F\u00fcr die auch f\u00fcr einen Abend anwesende Gruppe Menschen aus Hongkong packt die Belegschaft der Herberge die Trommeln aus und gibt ein kleines Konzert, was in einer recht schr\u00e4gen Trommelsession endet. Chinesen sind, von meinem Standpunkt zumindest, ein skurriles V\u00f6lkchen&#8230;<\/p>\n\n\n\n<p>Der Tag darauf darf einfach mal komplett faul bleiben! Im Schatten abh\u00e4ngen, warten, bis die Sonne wieder Bewegungen erlaubt und dann doch fast keine machen. Gut, ich verziehe mich irgendwann einsam mit meinem Buch in die D\u00fcnen, genie\u00dfe das Alleinsein, bis ich 2 D\u00fcnent\u00e4ler weiter ein paar grasende Dromedare entdecke und mich zu ihnen begebe. Klar, diese Tiere leben hier nicht frei, k\u00f6nnen aber wohl zumindest tags\u00fcber frei umherziehen.<\/p>\n\n\n\n<p>Die 4 Tiere st\u00f6rte es nicht im geringsten, dass ich mich zu ihnen gesetzt habe um sie zu beobachten.<\/p>\n\n\n\n<figure class=\"wp-block-image size-large\"><img loading=\"lazy\" decoding=\"async\" width=\"1024\" height=\"768\" src=\"http:\/\/mobilaner.de\/blog\/wp-content\/uploads\/2021\/01\/IMG_7947-1024x768.jpg\" alt=\"\" class=\"wp-image-1029\" srcset=\"http:\/\/mobilaner.de\/blog\/wp-content\/uploads\/2021\/01\/IMG_7947.jpg 1024w, http:\/\/mobilaner.de\/blog\/wp-content\/uploads\/2021\/01\/IMG_7947-300x225.jpg 300w, http:\/\/mobilaner.de\/blog\/wp-content\/uploads\/2021\/01\/IMG_7947-768x576.jpg 768w, http:\/\/mobilaner.de\/blog\/wp-content\/uploads\/2021\/01\/IMG_7947-1536x1152.jpg 1536w, http:\/\/mobilaner.de\/blog\/wp-content\/uploads\/2021\/01\/IMG_7947-80x60.jpg 80w\" sizes=\"auto, (max-width: 1024px) 100vw, 1024px\" \/><figcaption>Angenehm ruhige Gesellschaft<\/figcaption><\/figure>\n\n\n\n<p>Wie jeden Abend beschlie\u00dfen wir, den morgigen Tag k\u00f6nnen wir eigentlich ja noch hier bleiben&#8230;.<\/p>\n\n\n\n<p>Was noch anliegt, ist die Kontrolle der Bremse am Magirus, incl. Bremsfl\u00fcssigkeitswechsel und Entl\u00fcften. Daf\u00fcr geht fast der ganze n\u00e4chste Tag drauf, sch\u00f6n in der prallen Sonne schrauben.<\/p>\n\n\n\n<p>Abends dann die Idee, noch eine kleine Nachtwanderung einzulegen, so ziehen wir zu viert nach Sonnenuntergang noch los und klettern \u00fcber die D\u00fcnen. Da merkt man dann doch, wie nah die Zivilisation noch ist, \u00fcberall sind Lichter zu erkennen. Trotzdem ist es ein wundersch\u00f6nes Erlebnis, im Sand zu liegen und in die Sterne zu gucken!<\/p>\n\n\n\n<p>Wohlbehalten zur\u00fcck, stelle ich in der Nacht noch fest, dass mein Magen da irgendwas gar nicht vertragen hat! Ich muss mehrfach raus, was allerdings mit der Schwierigkeit verbunden ist, dass auch mein rechter Fu\u00df streikt und massiv schmerzt. Klasse, wenn schon, dann alles auf einmal!<\/p>\n\n\n\n<p>Der n\u00e4chste Tag ist zumindest f\u00fcr mich kein Vergn\u00fcgen, zum Gl\u00fcck werde ich immerhin von den besten Mitreisenden der Welt bestens umsorgt! Dazu kriege ich noch eine schmerzhafte, aber doch wohltuende Fu\u00dfmassage von einem Angestellten der Herberge. Trotzdem mag ich das Bett nicht gerne verlassen. Entweder kam mein Magen mit dem hiesigen Wasser nicht klar, oder ich habe mir nen Sonnenstich zugezogen beim Schrauben den Tag \u00fcber. Was mein Fu\u00df von mir will, bleibt ein R\u00e4tsel&#8230;<\/p>\n\n\n\n<p>Zu meiner massiven \u00dcberraschung, wache ich den n\u00e4chsten Morgen recht energievoll auf und kann wieder auftreten, als w\u00e4re nichts gewesen. Na also! Nur die olle Verdauung&#8230;<\/p>\n\n\n\n<p>Heute wollen wir dann aber endlich mal weiterziehen. Ich bin gespannt, wie reisefitt ich schon wieder bin. Der Aufbruch wird erstmal direkt vor den Toren der Herberge unterbrochen, als mein Motor einfach ausgeht. Mist, jetzt ist mir grade mal so gar nicht nach schrauben! Zum Gl\u00fcck erbarmt sich Jonas und legt sich unter die Karre um den Vorfilter zu begutachten. Das hatte ich da auch schon gemacht und vermutlich nicht wieder luftdicht eingebaut, so unsere Theorie. Nach mehrfachem Filter ab- und wieder anbauen und entl\u00fcften gibt es schlie\u00dflich einfach einen neuen Filter samt Dichtung und damit kriegen wir die Oma Duck dann auch wieder zum laufen und k\u00f6nnen uns auf den Weg machen.<\/p>\n\n\n\n<figure class=\"wp-block-gallery columns-3 is-cropped wp-block-gallery-1 is-layout-flex wp-block-gallery-is-layout-flex\"><ul class=\"blocks-gallery-grid\"><li class=\"blocks-gallery-item\"><figure><a href=\"http:\/\/mobilaner.de\/blog\/wp-content\/uploads\/2021\/01\/IMG_7872-1024x768.jpg\"><img loading=\"lazy\" decoding=\"async\" width=\"1024\" height=\"768\" src=\"http:\/\/mobilaner.de\/blog\/wp-content\/uploads\/2021\/01\/IMG_7872-1024x768.jpg\" alt=\"\" data-id=\"1030\" data-link=\"http:\/\/mobilaner.de\/blog\/?attachment_id=1030\" class=\"wp-image-1030\" srcset=\"http:\/\/mobilaner.de\/blog\/wp-content\/uploads\/2021\/01\/IMG_7872-scaled.jpg 1024w, http:\/\/mobilaner.de\/blog\/wp-content\/uploads\/2021\/01\/IMG_7872-300x225.jpg 300w, http:\/\/mobilaner.de\/blog\/wp-content\/uploads\/2021\/01\/IMG_7872-768x576.jpg 768w, http:\/\/mobilaner.de\/blog\/wp-content\/uploads\/2021\/01\/IMG_7872-1536x1152.jpg 1536w, http:\/\/mobilaner.de\/blog\/wp-content\/uploads\/2021\/01\/IMG_7872-2048x1536.jpg 2048w, http:\/\/mobilaner.de\/blog\/wp-content\/uploads\/2021\/01\/IMG_7872-80x60.jpg 80w\" sizes=\"auto, (max-width: 1024px) 100vw, 1024px\" \/><\/a><\/figure><\/li><li class=\"blocks-gallery-item\"><figure><a href=\"http:\/\/mobilaner.de\/blog\/wp-content\/uploads\/2021\/01\/IMG_7876-1024x768.jpg\"><img loading=\"lazy\" decoding=\"async\" width=\"1024\" height=\"768\" src=\"http:\/\/mobilaner.de\/blog\/wp-content\/uploads\/2021\/01\/IMG_7876-1024x768.jpg\" alt=\"\" data-id=\"1031\" data-link=\"http:\/\/mobilaner.de\/blog\/?attachment_id=1031\" class=\"wp-image-1031\" srcset=\"http:\/\/mobilaner.de\/blog\/wp-content\/uploads\/2021\/01\/IMG_7876.jpg 1024w, http:\/\/mobilaner.de\/blog\/wp-content\/uploads\/2021\/01\/IMG_7876-300x225.jpg 300w, http:\/\/mobilaner.de\/blog\/wp-content\/uploads\/2021\/01\/IMG_7876-768x576.jpg 768w, http:\/\/mobilaner.de\/blog\/wp-content\/uploads\/2021\/01\/IMG_7876-1536x1152.jpg 1536w, http:\/\/mobilaner.de\/blog\/wp-content\/uploads\/2021\/01\/IMG_7876-80x60.jpg 80w\" sizes=\"auto, (max-width: 1024px) 100vw, 1024px\" \/><\/a><\/figure><\/li><li class=\"blocks-gallery-item\"><figure><a href=\"http:\/\/mobilaner.de\/blog\/wp-content\/uploads\/2021\/01\/IMG_7883-1024x768.jpg\"><img loading=\"lazy\" decoding=\"async\" width=\"1024\" height=\"768\" src=\"http:\/\/mobilaner.de\/blog\/wp-content\/uploads\/2021\/01\/IMG_7883-1024x768.jpg\" alt=\"\" data-id=\"1032\" data-link=\"http:\/\/mobilaner.de\/blog\/?attachment_id=1032\" class=\"wp-image-1032\" srcset=\"http:\/\/mobilaner.de\/blog\/wp-content\/uploads\/2021\/01\/IMG_7883-scaled.jpg 1024w, http:\/\/mobilaner.de\/blog\/wp-content\/uploads\/2021\/01\/IMG_7883-300x225.jpg 300w, http:\/\/mobilaner.de\/blog\/wp-content\/uploads\/2021\/01\/IMG_7883-768x576.jpg 768w, http:\/\/mobilaner.de\/blog\/wp-content\/uploads\/2021\/01\/IMG_7883-1536x1152.jpg 1536w, http:\/\/mobilaner.de\/blog\/wp-content\/uploads\/2021\/01\/IMG_7883-2048x1536.jpg 2048w, http:\/\/mobilaner.de\/blog\/wp-content\/uploads\/2021\/01\/IMG_7883-80x60.jpg 80w\" sizes=\"auto, (max-width: 1024px) 100vw, 1024px\" \/><\/a><\/figure><\/li><li class=\"blocks-gallery-item\"><figure><a href=\"http:\/\/mobilaner.de\/blog\/wp-content\/uploads\/2021\/01\/IMG_7888-1024x768.jpg\"><img loading=\"lazy\" decoding=\"async\" width=\"1024\" height=\"768\" src=\"http:\/\/mobilaner.de\/blog\/wp-content\/uploads\/2021\/01\/IMG_7888-1024x768.jpg\" alt=\"\" data-id=\"1033\" data-link=\"http:\/\/mobilaner.de\/blog\/?attachment_id=1033\" class=\"wp-image-1033\" srcset=\"http:\/\/mobilaner.de\/blog\/wp-content\/uploads\/2021\/01\/IMG_7888-scaled.jpg 1024w, http:\/\/mobilaner.de\/blog\/wp-content\/uploads\/2021\/01\/IMG_7888-300x225.jpg 300w, http:\/\/mobilaner.de\/blog\/wp-content\/uploads\/2021\/01\/IMG_7888-768x576.jpg 768w, http:\/\/mobilaner.de\/blog\/wp-content\/uploads\/2021\/01\/IMG_7888-1536x1152.jpg 1536w, http:\/\/mobilaner.de\/blog\/wp-content\/uploads\/2021\/01\/IMG_7888-2048x1536.jpg 2048w, http:\/\/mobilaner.de\/blog\/wp-content\/uploads\/2021\/01\/IMG_7888-80x60.jpg 80w\" sizes=\"auto, (max-width: 1024px) 100vw, 1024px\" \/><\/a><\/figure><\/li><li class=\"blocks-gallery-item\"><figure><a href=\"http:\/\/mobilaner.de\/blog\/wp-content\/uploads\/2021\/01\/IMG_7900-1024x768.jpg\"><img loading=\"lazy\" decoding=\"async\" width=\"1024\" height=\"768\" src=\"http:\/\/mobilaner.de\/blog\/wp-content\/uploads\/2021\/01\/IMG_7900-1024x768.jpg\" alt=\"\" data-id=\"1034\" data-link=\"http:\/\/mobilaner.de\/blog\/?attachment_id=1034\" class=\"wp-image-1034\" srcset=\"http:\/\/mobilaner.de\/blog\/wp-content\/uploads\/2021\/01\/IMG_7900-scaled.jpg 1024w, http:\/\/mobilaner.de\/blog\/wp-content\/uploads\/2021\/01\/IMG_7900-300x225.jpg 300w, http:\/\/mobilaner.de\/blog\/wp-content\/uploads\/2021\/01\/IMG_7900-768x576.jpg 768w, http:\/\/mobilaner.de\/blog\/wp-content\/uploads\/2021\/01\/IMG_7900-1536x1152.jpg 1536w, http:\/\/mobilaner.de\/blog\/wp-content\/uploads\/2021\/01\/IMG_7900-2048x1536.jpg 2048w, http:\/\/mobilaner.de\/blog\/wp-content\/uploads\/2021\/01\/IMG_7900-80x60.jpg 80w\" sizes=\"auto, (max-width: 1024px) 100vw, 1024px\" \/><\/a><\/figure><\/li><li class=\"blocks-gallery-item\"><figure><a href=\"http:\/\/mobilaner.de\/blog\/wp-content\/uploads\/2021\/01\/IMG_7901-1024x768.jpg\"><img loading=\"lazy\" decoding=\"async\" width=\"1024\" height=\"768\" src=\"http:\/\/mobilaner.de\/blog\/wp-content\/uploads\/2021\/01\/IMG_7901-1024x768.jpg\" alt=\"\" data-id=\"1035\" data-link=\"http:\/\/mobilaner.de\/blog\/?attachment_id=1035\" class=\"wp-image-1035\" srcset=\"http:\/\/mobilaner.de\/blog\/wp-content\/uploads\/2021\/01\/IMG_7901-scaled.jpg 1024w, http:\/\/mobilaner.de\/blog\/wp-content\/uploads\/2021\/01\/IMG_7901-300x225.jpg 300w, http:\/\/mobilaner.de\/blog\/wp-content\/uploads\/2021\/01\/IMG_7901-768x576.jpg 768w, http:\/\/mobilaner.de\/blog\/wp-content\/uploads\/2021\/01\/IMG_7901-1536x1152.jpg 1536w, http:\/\/mobilaner.de\/blog\/wp-content\/uploads\/2021\/01\/IMG_7901-2048x1536.jpg 2048w, http:\/\/mobilaner.de\/blog\/wp-content\/uploads\/2021\/01\/IMG_7901-80x60.jpg 80w\" sizes=\"auto, (max-width: 1024px) 100vw, 1024px\" \/><\/a><\/figure><\/li><li class=\"blocks-gallery-item\"><figure><a href=\"http:\/\/mobilaner.de\/blog\/wp-content\/uploads\/2021\/01\/IMG_7905-768x1024.jpg\"><img loading=\"lazy\" decoding=\"async\" width=\"768\" height=\"1024\" src=\"http:\/\/mobilaner.de\/blog\/wp-content\/uploads\/2021\/01\/IMG_7905-768x1024.jpg\" alt=\"\" data-id=\"1036\" data-link=\"http:\/\/mobilaner.de\/blog\/?attachment_id=1036\" class=\"wp-image-1036\" srcset=\"http:\/\/mobilaner.de\/blog\/wp-content\/uploads\/2021\/01\/IMG_7905.jpg 768w, http:\/\/mobilaner.de\/blog\/wp-content\/uploads\/2021\/01\/IMG_7905-225x300.jpg 225w, http:\/\/mobilaner.de\/blog\/wp-content\/uploads\/2021\/01\/IMG_7905-1152x1536.jpg 1152w, http:\/\/mobilaner.de\/blog\/wp-content\/uploads\/2021\/01\/IMG_7905-45x60.jpg 45w\" sizes=\"auto, (max-width: 768px) 100vw, 768px\" \/><\/a><\/figure><\/li><li class=\"blocks-gallery-item\"><figure><a href=\"http:\/\/mobilaner.de\/blog\/wp-content\/uploads\/2021\/01\/IMG_7914-768x1024.jpg\"><img loading=\"lazy\" decoding=\"async\" width=\"768\" height=\"1024\" src=\"http:\/\/mobilaner.de\/blog\/wp-content\/uploads\/2021\/01\/IMG_7914-768x1024.jpg\" alt=\"\" data-id=\"1037\" data-link=\"http:\/\/mobilaner.de\/blog\/?attachment_id=1037\" class=\"wp-image-1037\" srcset=\"http:\/\/mobilaner.de\/blog\/wp-content\/uploads\/2021\/01\/IMG_7914-scaled.jpg 768w, http:\/\/mobilaner.de\/blog\/wp-content\/uploads\/2021\/01\/IMG_7914-225x300.jpg 225w, http:\/\/mobilaner.de\/blog\/wp-content\/uploads\/2021\/01\/IMG_7914-1152x1536.jpg 1152w, http:\/\/mobilaner.de\/blog\/wp-content\/uploads\/2021\/01\/IMG_7914-1536x2048.jpg 1536w, http:\/\/mobilaner.de\/blog\/wp-content\/uploads\/2021\/01\/IMG_7914-45x60.jpg 45w\" sizes=\"auto, (max-width: 768px) 100vw, 768px\" \/><\/a><\/figure><\/li><li class=\"blocks-gallery-item\"><figure><a href=\"http:\/\/mobilaner.de\/blog\/wp-content\/uploads\/2021\/01\/IMG_7943-768x1024.jpg\"><img loading=\"lazy\" decoding=\"async\" width=\"768\" height=\"1024\" src=\"http:\/\/mobilaner.de\/blog\/wp-content\/uploads\/2021\/01\/IMG_7943-768x1024.jpg\" alt=\"\" data-id=\"1038\" data-link=\"http:\/\/mobilaner.de\/blog\/?attachment_id=1038\" class=\"wp-image-1038\" srcset=\"http:\/\/mobilaner.de\/blog\/wp-content\/uploads\/2021\/01\/IMG_7943.jpg 768w, http:\/\/mobilaner.de\/blog\/wp-content\/uploads\/2021\/01\/IMG_7943-225x300.jpg 225w, http:\/\/mobilaner.de\/blog\/wp-content\/uploads\/2021\/01\/IMG_7943-1152x1536.jpg 1152w, http:\/\/mobilaner.de\/blog\/wp-content\/uploads\/2021\/01\/IMG_7943-45x60.jpg 45w\" sizes=\"auto, (max-width: 768px) 100vw, 768px\" \/><\/a><\/figure><\/li><li class=\"blocks-gallery-item\"><figure><a href=\"http:\/\/mobilaner.de\/blog\/wp-content\/uploads\/2021\/01\/IMG_7939-768x1024.jpg\"><img loading=\"lazy\" decoding=\"async\" width=\"768\" height=\"1024\" src=\"http:\/\/mobilaner.de\/blog\/wp-content\/uploads\/2021\/01\/IMG_7939-768x1024.jpg\" alt=\"\" data-id=\"1039\" data-link=\"http:\/\/mobilaner.de\/blog\/?attachment_id=1039\" class=\"wp-image-1039\" srcset=\"http:\/\/mobilaner.de\/blog\/wp-content\/uploads\/2021\/01\/IMG_7939.jpg 768w, http:\/\/mobilaner.de\/blog\/wp-content\/uploads\/2021\/01\/IMG_7939-225x300.jpg 225w, http:\/\/mobilaner.de\/blog\/wp-content\/uploads\/2021\/01\/IMG_7939-1152x1536.jpg 1152w, http:\/\/mobilaner.de\/blog\/wp-content\/uploads\/2021\/01\/IMG_7939-45x60.jpg 45w\" sizes=\"auto, (max-width: 768px) 100vw, 768px\" \/><\/a><\/figure><\/li><li class=\"blocks-gallery-item\"><figure><a href=\"http:\/\/mobilaner.de\/blog\/wp-content\/uploads\/2021\/01\/IMG_7951-scaled.jpg\"><img loading=\"lazy\" decoding=\"async\" width=\"1024\" height=\"768\" src=\"http:\/\/mobilaner.de\/blog\/wp-content\/uploads\/2021\/01\/IMG_7951-1024x768.jpg\" alt=\"\" data-id=\"1040\" data-full-url=\"http:\/\/mobilaner.de\/blog\/wp-content\/uploads\/2021\/01\/IMG_7951-scaled.jpg\" data-link=\"http:\/\/mobilaner.de\/blog\/?attachment_id=1040\" class=\"wp-image-1040\" srcset=\"http:\/\/mobilaner.de\/blog\/wp-content\/uploads\/2021\/01\/IMG_7951-scaled.jpg 1024w, http:\/\/mobilaner.de\/blog\/wp-content\/uploads\/2021\/01\/IMG_7951-300x225.jpg 300w, http:\/\/mobilaner.de\/blog\/wp-content\/uploads\/2021\/01\/IMG_7951-768x576.jpg 768w, http:\/\/mobilaner.de\/blog\/wp-content\/uploads\/2021\/01\/IMG_7951-1536x1152.jpg 1536w, http:\/\/mobilaner.de\/blog\/wp-content\/uploads\/2021\/01\/IMG_7951-2048x1536.jpg 2048w, http:\/\/mobilaner.de\/blog\/wp-content\/uploads\/2021\/01\/IMG_7951-80x60.jpg 80w\" sizes=\"auto, (max-width: 1024px) 100vw, 1024px\" \/><\/a><\/figure><\/li><\/ul><\/figure>\n","protected":false},"excerpt":{"rendered":"<p>Die Pause haben wir uns verdient! Einer meiner Punkte auf dieser Reise war ja, einmal Saharasand unter die Reifen zu kriegen. Jetzt habe ich den Sand, nicht nur unter den Reifen, auch auf dem Fu\u00dfboden, im Bett, in der K\u00fcche in allen Klamotten, \u2026 Bisher sind wir an allen Pl\u00e4tzen relativ schnell wieder aufgebrochen, hier &hellip; <\/p>\n","protected":false},"author":3,"featured_media":1024,"comment_status":"open","ping_status":"open","sticky":false,"template":"","format":"standard","meta":{"_stopmodifiedupdate":false,"_modified_date":"","footnotes":""},"categories":[18,19],"tags":[],"class_list":["post-1023","post","type-post","status-publish","format-standard","has-post-thumbnail","hentry","category-touren","category-tour-2015-2016"],"_links":{"self":[{"href":"http:\/\/mobilaner.de\/blog\/wp-json\/wp\/v2\/posts\/1023","targetHints":{"allow":["GET"]}}],"collection":[{"href":"http:\/\/mobilaner.de\/blog\/wp-json\/wp\/v2\/posts"}],"about":[{"href":"http:\/\/mobilaner.de\/blog\/wp-json\/wp\/v2\/types\/post"}],"author":[{"embeddable":true,"href":"http:\/\/mobilaner.de\/blog\/wp-json\/wp\/v2\/users\/3"}],"replies":[{"embeddable":true,"href":"http:\/\/mobilaner.de\/blog\/wp-json\/wp\/v2\/comments?post=1023"}],"version-history":[{"count":1,"href":"http:\/\/mobilaner.de\/blog\/wp-json\/wp\/v2\/posts\/1023\/revisions"}],"predecessor-version":[{"id":1041,"href":"http:\/\/mobilaner.de\/blog\/wp-json\/wp\/v2\/posts\/1023\/revisions\/1041"}],"wp:featuredmedia":[{"embeddable":true,"href":"http:\/\/mobilaner.de\/blog\/wp-json\/wp\/v2\/media\/1024"}],"wp:attachment":[{"href":"http:\/\/mobilaner.de\/blog\/wp-json\/wp\/v2\/media?parent=1023"}],"wp:term":[{"taxonomy":"category","embeddable":true,"href":"http:\/\/mobilaner.de\/blog\/wp-json\/wp\/v2\/categories?post=1023"},{"taxonomy":"post_tag","embeddable":true,"href":"http:\/\/mobilaner.de\/blog\/wp-json\/wp\/v2\/tags?post=1023"}],"curies":[{"name":"wp","href":"https:\/\/api.w.org\/{rel}","templated":true}]}}