{"id":1487,"date":"2022-01-21T11:43:21","date_gmt":"2022-01-21T10:43:21","guid":{"rendered":"http:\/\/mobilaner.de\/blog\/?p=1487"},"modified":"2022-02-01T19:32:49","modified_gmt":"2022-02-01T18:32:49","slug":"endlich-wieder-auf-tour","status":"publish","type":"post","link":"http:\/\/mobilaner.de\/blog\/2022\/01\/21\/endlich-wieder-auf-tour\/","title":{"rendered":"Endlich wieder auf Tour!"},"content":{"rendered":"\n<p>Nun ist sie also endlich losgegangen \u2013 die erste ernsthafte Tour mit Gustav, dem 814. <\/p>\n\n\n\n<p>Die Idee war, wie bei der letzten Reise auch, vor Weihnachten auf dem Weg nach S\u00fcden zu sein. Das hat dann doch nicht ganz geklappt, es lagen noch Termine an und am Ausbau vom Laster mussten auch noch ein paar Kleinigkeiten vorher erledigt werden. Insgesamt ist der Ausbau ja auch noch lange nicht fertig, es fehlen noch so einige Sachen, aber egal, wir wohnen ja seit Fr\u00fchling 2021 darin und nach und nach wird eben weitergebaut. Trotzdem waren uns noch ein paar Sachen wichtig vor der Reise fertig zu kriegen.<\/p>\n\n\n\n<figure class=\"wp-block-gallery columns-3 is-cropped wp-block-gallery-1 is-layout-flex wp-block-gallery-is-layout-flex\"><ul class=\"blocks-gallery-grid\"><li class=\"blocks-gallery-item\"><figure><a href=\"http:\/\/mobilaner.de\/blog\/wp-content\/uploads\/2022\/01\/IMAG0004-768x1024.jpg\"><img loading=\"lazy\" decoding=\"async\" width=\"768\" height=\"1024\" src=\"http:\/\/mobilaner.de\/blog\/wp-content\/uploads\/2022\/01\/IMAG0004-768x1024.jpg\" alt=\"\" data-id=\"1490\" data-link=\"http:\/\/mobilaner.de\/blog\/?attachment_id=1490\" class=\"wp-image-1490\" srcset=\"http:\/\/mobilaner.de\/blog\/wp-content\/uploads\/2022\/01\/IMAG0004-768x1024.jpg 768w, http:\/\/mobilaner.de\/blog\/wp-content\/uploads\/2022\/01\/IMAG0004-225x300.jpg 225w, http:\/\/mobilaner.de\/blog\/wp-content\/uploads\/2022\/01\/IMAG0004-1152x1536.jpg 1152w, http:\/\/mobilaner.de\/blog\/wp-content\/uploads\/2022\/01\/IMAG0004-1536x2048.jpg 1536w, http:\/\/mobilaner.de\/blog\/wp-content\/uploads\/2022\/01\/IMAG0004-45x60.jpg 45w, http:\/\/mobilaner.de\/blog\/wp-content\/uploads\/2022\/01\/IMAG0004-scaled.jpg 1920w\" sizes=\"auto, (max-width: 768px) 100vw, 768px\" \/><\/a><\/figure><\/li><li class=\"blocks-gallery-item\"><figure><a href=\"http:\/\/mobilaner.de\/blog\/wp-content\/uploads\/2022\/01\/IMAG0024-1024x768.jpg\"><img loading=\"lazy\" decoding=\"async\" width=\"1024\" height=\"768\" src=\"http:\/\/mobilaner.de\/blog\/wp-content\/uploads\/2022\/01\/IMAG0024-1024x768.jpg\" alt=\"\" data-id=\"1492\" data-link=\"http:\/\/mobilaner.de\/blog\/?attachment_id=1492\" class=\"wp-image-1492\" srcset=\"http:\/\/mobilaner.de\/blog\/wp-content\/uploads\/2022\/01\/IMAG0024-1024x768.jpg 1024w, http:\/\/mobilaner.de\/blog\/wp-content\/uploads\/2022\/01\/IMAG0024-300x225.jpg 300w, http:\/\/mobilaner.de\/blog\/wp-content\/uploads\/2022\/01\/IMAG0024-768x576.jpg 768w, http:\/\/mobilaner.de\/blog\/wp-content\/uploads\/2022\/01\/IMAG0024-1536x1152.jpg 1536w, http:\/\/mobilaner.de\/blog\/wp-content\/uploads\/2022\/01\/IMAG0024-2048x1536.jpg 2048w, http:\/\/mobilaner.de\/blog\/wp-content\/uploads\/2022\/01\/IMAG0024-80x60.jpg 80w\" sizes=\"auto, (max-width: 1024px) 100vw, 1024px\" \/><\/a><\/figure><\/li><li class=\"blocks-gallery-item\"><figure><a href=\"http:\/\/mobilaner.de\/blog\/wp-content\/uploads\/2022\/01\/IMAG0027-1024x768.jpg\"><img loading=\"lazy\" decoding=\"async\" width=\"1024\" height=\"768\" src=\"http:\/\/mobilaner.de\/blog\/wp-content\/uploads\/2022\/01\/IMAG0027-1024x768.jpg\" alt=\"\" data-id=\"1493\" data-link=\"http:\/\/mobilaner.de\/blog\/?attachment_id=1493\" class=\"wp-image-1493\" srcset=\"http:\/\/mobilaner.de\/blog\/wp-content\/uploads\/2022\/01\/IMAG0027-1024x768.jpg 1024w, http:\/\/mobilaner.de\/blog\/wp-content\/uploads\/2022\/01\/IMAG0027-300x225.jpg 300w, http:\/\/mobilaner.de\/blog\/wp-content\/uploads\/2022\/01\/IMAG0027-768x576.jpg 768w, http:\/\/mobilaner.de\/blog\/wp-content\/uploads\/2022\/01\/IMAG0027-1536x1152.jpg 1536w, http:\/\/mobilaner.de\/blog\/wp-content\/uploads\/2022\/01\/IMAG0027-2048x1536.jpg 2048w, http:\/\/mobilaner.de\/blog\/wp-content\/uploads\/2022\/01\/IMAG0027-80x60.jpg 80w\" sizes=\"auto, (max-width: 1024px) 100vw, 1024px\" \/><\/a><\/figure><\/li><\/ul><\/figure>\n\n\n\n<p>Wie auch immer, wir sind noch im alten Jahr losgekommen und haben dann erstmal M\u00fcnster angepeilt, wo wir mit lieben Freunden Silvester gefeiert haben. Wir standen mit drei Fahrzeugen am Kanal und haben gem\u00fctlich um eine Feuerschale gesessen.<br>Von da aus ging es dann am 2.1. weiter ins Sauerland nach Marsberg, wo wir noch zwei Tage den Peter besucht haben.<\/p>\n\n\n\n<figure class=\"wp-block-gallery columns-3 is-cropped wp-block-gallery-2 is-layout-flex wp-block-gallery-is-layout-flex\"><ul class=\"blocks-gallery-grid\"><li class=\"blocks-gallery-item\"><figure><a href=\"http:\/\/mobilaner.de\/blog\/wp-content\/uploads\/2022\/01\/IMAG0055-1024x768.jpg\"><img loading=\"lazy\" decoding=\"async\" width=\"1024\" height=\"768\" src=\"http:\/\/mobilaner.de\/blog\/wp-content\/uploads\/2022\/01\/IMAG0055-1024x768.jpg\" alt=\"\" data-id=\"1495\" data-link=\"http:\/\/mobilaner.de\/blog\/?attachment_id=1495\" class=\"wp-image-1495\" srcset=\"http:\/\/mobilaner.de\/blog\/wp-content\/uploads\/2022\/01\/IMAG0055-1024x768.jpg 1024w, http:\/\/mobilaner.de\/blog\/wp-content\/uploads\/2022\/01\/IMAG0055-300x225.jpg 300w, http:\/\/mobilaner.de\/blog\/wp-content\/uploads\/2022\/01\/IMAG0055-768x576.jpg 768w, http:\/\/mobilaner.de\/blog\/wp-content\/uploads\/2022\/01\/IMAG0055-1536x1152.jpg 1536w, http:\/\/mobilaner.de\/blog\/wp-content\/uploads\/2022\/01\/IMAG0055-2048x1536.jpg 2048w, http:\/\/mobilaner.de\/blog\/wp-content\/uploads\/2022\/01\/IMAG0055-80x60.jpg 80w\" sizes=\"auto, (max-width: 1024px) 100vw, 1024px\" \/><\/a><\/figure><\/li><li class=\"blocks-gallery-item\"><figure><a href=\"http:\/\/mobilaner.de\/blog\/wp-content\/uploads\/2022\/01\/IMAG0058-1024x768.jpg\"><img loading=\"lazy\" decoding=\"async\" width=\"1024\" height=\"768\" src=\"http:\/\/mobilaner.de\/blog\/wp-content\/uploads\/2022\/01\/IMAG0058-1024x768.jpg\" alt=\"\" data-id=\"1496\" data-link=\"http:\/\/mobilaner.de\/blog\/?attachment_id=1496\" class=\"wp-image-1496\" srcset=\"http:\/\/mobilaner.de\/blog\/wp-content\/uploads\/2022\/01\/IMAG0058-1024x768.jpg 1024w, http:\/\/mobilaner.de\/blog\/wp-content\/uploads\/2022\/01\/IMAG0058-300x225.jpg 300w, http:\/\/mobilaner.de\/blog\/wp-content\/uploads\/2022\/01\/IMAG0058-768x576.jpg 768w, http:\/\/mobilaner.de\/blog\/wp-content\/uploads\/2022\/01\/IMAG0058-1536x1152.jpg 1536w, http:\/\/mobilaner.de\/blog\/wp-content\/uploads\/2022\/01\/IMAG0058-2048x1536.jpg 2048w, http:\/\/mobilaner.de\/blog\/wp-content\/uploads\/2022\/01\/IMAG0058-80x60.jpg 80w\" sizes=\"auto, (max-width: 1024px) 100vw, 1024px\" \/><\/a><\/figure><\/li><li class=\"blocks-gallery-item\"><figure><a href=\"http:\/\/mobilaner.de\/blog\/wp-content\/uploads\/2022\/01\/IMAG0061-1-scaled.jpg\"><img loading=\"lazy\" decoding=\"async\" width=\"1024\" height=\"768\" src=\"http:\/\/mobilaner.de\/blog\/wp-content\/uploads\/2022\/01\/IMAG0061-1-1024x768.jpg\" alt=\"\" data-id=\"1498\" data-full-url=\"http:\/\/mobilaner.de\/blog\/wp-content\/uploads\/2022\/01\/IMAG0061-1-scaled.jpg\" data-link=\"http:\/\/mobilaner.de\/blog\/?attachment_id=1498\" class=\"wp-image-1498\" srcset=\"http:\/\/mobilaner.de\/blog\/wp-content\/uploads\/2022\/01\/IMAG0061-1-1024x768.jpg 1024w, http:\/\/mobilaner.de\/blog\/wp-content\/uploads\/2022\/01\/IMAG0061-1-300x225.jpg 300w, http:\/\/mobilaner.de\/blog\/wp-content\/uploads\/2022\/01\/IMAG0061-1-768x576.jpg 768w, http:\/\/mobilaner.de\/blog\/wp-content\/uploads\/2022\/01\/IMAG0061-1-1536x1152.jpg 1536w, http:\/\/mobilaner.de\/blog\/wp-content\/uploads\/2022\/01\/IMAG0061-1-2048x1536.jpg 2048w, http:\/\/mobilaner.de\/blog\/wp-content\/uploads\/2022\/01\/IMAG0061-1-80x60.jpg 80w\" sizes=\"auto, (max-width: 1024px) 100vw, 1024px\" \/><\/a><\/figure><\/li><\/ul><\/figure>\n\n\n\n<p>Ab da wurde dann langsam mal eine Entscheidung f\u00e4llig, welche Richtung wir eigentlich ansteuern wollen. Urspr\u00fcnglich war die Idee, nach Sizilien zu fahren, dann kam kurzfristig noch die \u00dcberlegung hinzu, vielleicht doch eher nach Spanien zu fahren und von da eine F\u00e4hre auf die Kanarischen Inseln zu nehmen. Leider haben wir es aber nicht geschafft, so relativ kurzfristig noch einen bezahlbaren Platz f\u00fcr uns und das relativ gro\u00dfe Mobil zu buchen. Es war doch alles ausgebucht und zulange wollten wir jetzt auch nicht mehr auf die Passage warten.<\/p>\n\n\n\n<p>Also eben doch Italien anpeilen. Was dann den Vorteil hatte, noch einen Zwischenstopp in Augsburg einlegen zu k\u00f6nnen um endlich mal die Katja zu besuchen, mit der ich seit 15 Jahren schreibe, die ich aber noch nie pers\u00f6nlich getroffen habe. Ich hatte wenig Zweifel und es passte auch so, wie ich mir das gedacht habe. Wir hatten zwei sehr nette Abende zusammen, bevor wir dann am Morgen noch einen Coronatest in Augsburg machten, den wir f\u00fcr die Einreise nach Italien ben\u00f6tigen sollten und uns dann wieder auf die Bahn begaben.<\/p>\n\n\n\n<p>Das erste Mal \u00fcber die Alpen! Bevor wir \u00d6sterreich erreichten mussten wir allerdings noch an einer Tankstelle eine GO-Box besorgen, um die \u00f6sterreichische Autobahnmaut zu bezahlen. Hilft ja nix, f\u00fcr ein Fahrzeug \u00fcber 3,5 Tonnen gibt es wohl keine andere M\u00f6glichkeit. Und ohne sollte man sich in \u00d6sterreich wohl besser nicht erwischen lassen.<\/p>\n\n\n\n<figure class=\"wp-block-image size-large\"><img loading=\"lazy\" decoding=\"async\" width=\"1024\" height=\"768\" src=\"http:\/\/mobilaner.de\/blog\/wp-content\/uploads\/2022\/01\/IMAG0050-1024x768.jpg\" alt=\"\" class=\"wp-image-1499\" srcset=\"http:\/\/mobilaner.de\/blog\/wp-content\/uploads\/2022\/01\/IMAG0050-1024x768.jpg 1024w, http:\/\/mobilaner.de\/blog\/wp-content\/uploads\/2022\/01\/IMAG0050-300x225.jpg 300w, http:\/\/mobilaner.de\/blog\/wp-content\/uploads\/2022\/01\/IMAG0050-768x576.jpg 768w, http:\/\/mobilaner.de\/blog\/wp-content\/uploads\/2022\/01\/IMAG0050-1536x1152.jpg 1536w, http:\/\/mobilaner.de\/blog\/wp-content\/uploads\/2022\/01\/IMAG0050-2048x1536.jpg 2048w, http:\/\/mobilaner.de\/blog\/wp-content\/uploads\/2022\/01\/IMAG0050-80x60.jpg 80w\" sizes=\"auto, (max-width: 1024px) 100vw, 1024px\" \/><\/figure>\n\n\n\n<p>Also dann, auf in die Berge! So als Flachl\u00e4nder ist es ja schon immer wieder faszinierend!<br>\u00d6sterreich war aber relativ schnell durchquert und dann waren wir pl\u00f6tzlich schon in Italien! F\u00fcr uns beide Neuland! Sehr sch\u00f6n, aber auch ziemlich verschneit. Die zweite Nacht in Italien hatten wir einen relativ sch\u00f6nen Platz am Po, dies mal ohne Schnee, aber am n\u00e4chsten Tag wurde es gleich wieder wei\u00df, bis wir Bologna hinter uns gelassen hatten.<\/p>\n\n\n\n<figure class=\"wp-block-gallery columns-3 is-cropped wp-block-gallery-3 is-layout-flex wp-block-gallery-is-layout-flex\"><ul class=\"blocks-gallery-grid\"><li class=\"blocks-gallery-item\"><figure><a href=\"http:\/\/mobilaner.de\/blog\/wp-content\/uploads\/2022\/01\/IMAG0068-scaled.jpg\"><img loading=\"lazy\" decoding=\"async\" width=\"1024\" height=\"768\" src=\"http:\/\/mobilaner.de\/blog\/wp-content\/uploads\/2022\/01\/IMAG0068-1024x768.jpg\" alt=\"\" data-id=\"1501\" data-full-url=\"http:\/\/mobilaner.de\/blog\/wp-content\/uploads\/2022\/01\/IMAG0068-scaled.jpg\" data-link=\"http:\/\/mobilaner.de\/blog\/?attachment_id=1501\" class=\"wp-image-1501\" srcset=\"http:\/\/mobilaner.de\/blog\/wp-content\/uploads\/2022\/01\/IMAG0068-1024x768.jpg 1024w, http:\/\/mobilaner.de\/blog\/wp-content\/uploads\/2022\/01\/IMAG0068-300x225.jpg 300w, http:\/\/mobilaner.de\/blog\/wp-content\/uploads\/2022\/01\/IMAG0068-768x576.jpg 768w, http:\/\/mobilaner.de\/blog\/wp-content\/uploads\/2022\/01\/IMAG0068-1536x1152.jpg 1536w, http:\/\/mobilaner.de\/blog\/wp-content\/uploads\/2022\/01\/IMAG0068-2048x1536.jpg 2048w, http:\/\/mobilaner.de\/blog\/wp-content\/uploads\/2022\/01\/IMAG0068-80x60.jpg 80w\" sizes=\"auto, (max-width: 1024px) 100vw, 1024px\" \/><\/a><\/figure><\/li><li class=\"blocks-gallery-item\"><figure><a href=\"http:\/\/mobilaner.de\/blog\/wp-content\/uploads\/2022\/01\/IMAG0072-scaled.jpg\"><img loading=\"lazy\" decoding=\"async\" width=\"1024\" height=\"768\" src=\"http:\/\/mobilaner.de\/blog\/wp-content\/uploads\/2022\/01\/IMAG0072-1024x768.jpg\" alt=\"\" data-id=\"1502\" data-full-url=\"http:\/\/mobilaner.de\/blog\/wp-content\/uploads\/2022\/01\/IMAG0072-scaled.jpg\" data-link=\"http:\/\/mobilaner.de\/blog\/?attachment_id=1502\" class=\"wp-image-1502\" srcset=\"http:\/\/mobilaner.de\/blog\/wp-content\/uploads\/2022\/01\/IMAG0072-1024x768.jpg 1024w, http:\/\/mobilaner.de\/blog\/wp-content\/uploads\/2022\/01\/IMAG0072-300x225.jpg 300w, http:\/\/mobilaner.de\/blog\/wp-content\/uploads\/2022\/01\/IMAG0072-768x576.jpg 768w, http:\/\/mobilaner.de\/blog\/wp-content\/uploads\/2022\/01\/IMAG0072-1536x1152.jpg 1536w, http:\/\/mobilaner.de\/blog\/wp-content\/uploads\/2022\/01\/IMAG0072-2048x1536.jpg 2048w, http:\/\/mobilaner.de\/blog\/wp-content\/uploads\/2022\/01\/IMAG0072-80x60.jpg 80w\" sizes=\"auto, (max-width: 1024px) 100vw, 1024px\" \/><\/a><\/figure><\/li><li class=\"blocks-gallery-item\"><figure><a href=\"http:\/\/mobilaner.de\/blog\/wp-content\/uploads\/2022\/01\/IMAG0079-scaled.jpg\"><img loading=\"lazy\" decoding=\"async\" width=\"1024\" height=\"768\" src=\"http:\/\/mobilaner.de\/blog\/wp-content\/uploads\/2022\/01\/IMAG0079-1024x768.jpg\" alt=\"\" data-id=\"1503\" data-full-url=\"http:\/\/mobilaner.de\/blog\/wp-content\/uploads\/2022\/01\/IMAG0079-scaled.jpg\" data-link=\"http:\/\/mobilaner.de\/blog\/?attachment_id=1503\" class=\"wp-image-1503\" srcset=\"http:\/\/mobilaner.de\/blog\/wp-content\/uploads\/2022\/01\/IMAG0079-1024x768.jpg 1024w, http:\/\/mobilaner.de\/blog\/wp-content\/uploads\/2022\/01\/IMAG0079-300x225.jpg 300w, http:\/\/mobilaner.de\/blog\/wp-content\/uploads\/2022\/01\/IMAG0079-768x576.jpg 768w, http:\/\/mobilaner.de\/blog\/wp-content\/uploads\/2022\/01\/IMAG0079-1536x1152.jpg 1536w, http:\/\/mobilaner.de\/blog\/wp-content\/uploads\/2022\/01\/IMAG0079-2048x1536.jpg 2048w, http:\/\/mobilaner.de\/blog\/wp-content\/uploads\/2022\/01\/IMAG0079-80x60.jpg 80w\" sizes=\"auto, (max-width: 1024px) 100vw, 1024px\" \/><\/a><\/figure><\/li><li class=\"blocks-gallery-item\"><figure><a href=\"http:\/\/mobilaner.de\/blog\/wp-content\/uploads\/2022\/01\/IMAG0084-scaled.jpg\"><img loading=\"lazy\" decoding=\"async\" width=\"1024\" height=\"768\" src=\"http:\/\/mobilaner.de\/blog\/wp-content\/uploads\/2022\/01\/IMAG0084-1024x768.jpg\" alt=\"\" data-id=\"1504\" data-full-url=\"http:\/\/mobilaner.de\/blog\/wp-content\/uploads\/2022\/01\/IMAG0084-scaled.jpg\" data-link=\"http:\/\/mobilaner.de\/blog\/?attachment_id=1504\" class=\"wp-image-1504\" srcset=\"http:\/\/mobilaner.de\/blog\/wp-content\/uploads\/2022\/01\/IMAG0084-1024x768.jpg 1024w, http:\/\/mobilaner.de\/blog\/wp-content\/uploads\/2022\/01\/IMAG0084-300x225.jpg 300w, http:\/\/mobilaner.de\/blog\/wp-content\/uploads\/2022\/01\/IMAG0084-768x576.jpg 768w, http:\/\/mobilaner.de\/blog\/wp-content\/uploads\/2022\/01\/IMAG0084-1536x1152.jpg 1536w, http:\/\/mobilaner.de\/blog\/wp-content\/uploads\/2022\/01\/IMAG0084-2048x1536.jpg 2048w, http:\/\/mobilaner.de\/blog\/wp-content\/uploads\/2022\/01\/IMAG0084-80x60.jpg 80w\" sizes=\"auto, (max-width: 1024px) 100vw, 1024px\" \/><\/a><\/figure><\/li><li class=\"blocks-gallery-item\"><figure><a href=\"http:\/\/mobilaner.de\/blog\/wp-content\/uploads\/2022\/01\/IMAG0089-scaled.jpg\"><img loading=\"lazy\" decoding=\"async\" width=\"1024\" height=\"768\" src=\"http:\/\/mobilaner.de\/blog\/wp-content\/uploads\/2022\/01\/IMAG0089-1024x768.jpg\" alt=\"\" data-id=\"1505\" data-full-url=\"http:\/\/mobilaner.de\/blog\/wp-content\/uploads\/2022\/01\/IMAG0089-scaled.jpg\" data-link=\"http:\/\/mobilaner.de\/blog\/?attachment_id=1505\" class=\"wp-image-1505\" srcset=\"http:\/\/mobilaner.de\/blog\/wp-content\/uploads\/2022\/01\/IMAG0089-1024x768.jpg 1024w, http:\/\/mobilaner.de\/blog\/wp-content\/uploads\/2022\/01\/IMAG0089-300x225.jpg 300w, http:\/\/mobilaner.de\/blog\/wp-content\/uploads\/2022\/01\/IMAG0089-768x576.jpg 768w, http:\/\/mobilaner.de\/blog\/wp-content\/uploads\/2022\/01\/IMAG0089-1536x1152.jpg 1536w, http:\/\/mobilaner.de\/blog\/wp-content\/uploads\/2022\/01\/IMAG0089-2048x1536.jpg 2048w, http:\/\/mobilaner.de\/blog\/wp-content\/uploads\/2022\/01\/IMAG0089-80x60.jpg 80w\" sizes=\"auto, (max-width: 1024px) 100vw, 1024px\" \/><\/a><\/figure><\/li><li class=\"blocks-gallery-item\"><figure><a href=\"http:\/\/mobilaner.de\/blog\/wp-content\/uploads\/2022\/01\/IMAG0100-scaled.jpg\"><img loading=\"lazy\" decoding=\"async\" width=\"1024\" height=\"768\" src=\"http:\/\/mobilaner.de\/blog\/wp-content\/uploads\/2022\/01\/IMAG0100-1024x768.jpg\" alt=\"\" data-id=\"1506\" data-full-url=\"http:\/\/mobilaner.de\/blog\/wp-content\/uploads\/2022\/01\/IMAG0100-scaled.jpg\" data-link=\"http:\/\/mobilaner.de\/blog\/?attachment_id=1506\" class=\"wp-image-1506\" srcset=\"http:\/\/mobilaner.de\/blog\/wp-content\/uploads\/2022\/01\/IMAG0100-1024x768.jpg 1024w, http:\/\/mobilaner.de\/blog\/wp-content\/uploads\/2022\/01\/IMAG0100-300x225.jpg 300w, http:\/\/mobilaner.de\/blog\/wp-content\/uploads\/2022\/01\/IMAG0100-768x576.jpg 768w, http:\/\/mobilaner.de\/blog\/wp-content\/uploads\/2022\/01\/IMAG0100-1536x1152.jpg 1536w, http:\/\/mobilaner.de\/blog\/wp-content\/uploads\/2022\/01\/IMAG0100-2048x1536.jpg 2048w, http:\/\/mobilaner.de\/blog\/wp-content\/uploads\/2022\/01\/IMAG0100-80x60.jpg 80w\" sizes=\"auto, (max-width: 1024px) 100vw, 1024px\" \/><\/a><\/figure><\/li><li class=\"blocks-gallery-item\"><figure><a href=\"http:\/\/mobilaner.de\/blog\/wp-content\/uploads\/2022\/01\/IMAG0098-scaled.jpg\"><img loading=\"lazy\" decoding=\"async\" width=\"1024\" height=\"768\" src=\"http:\/\/mobilaner.de\/blog\/wp-content\/uploads\/2022\/01\/IMAG0098-1024x768.jpg\" alt=\"\" data-id=\"1508\" data-full-url=\"http:\/\/mobilaner.de\/blog\/wp-content\/uploads\/2022\/01\/IMAG0098-scaled.jpg\" data-link=\"http:\/\/mobilaner.de\/blog\/?attachment_id=1508\" class=\"wp-image-1508\" srcset=\"http:\/\/mobilaner.de\/blog\/wp-content\/uploads\/2022\/01\/IMAG0098-1024x768.jpg 1024w, http:\/\/mobilaner.de\/blog\/wp-content\/uploads\/2022\/01\/IMAG0098-300x225.jpg 300w, http:\/\/mobilaner.de\/blog\/wp-content\/uploads\/2022\/01\/IMAG0098-768x576.jpg 768w, http:\/\/mobilaner.de\/blog\/wp-content\/uploads\/2022\/01\/IMAG0098-1536x1152.jpg 1536w, http:\/\/mobilaner.de\/blog\/wp-content\/uploads\/2022\/01\/IMAG0098-2048x1536.jpg 2048w, http:\/\/mobilaner.de\/blog\/wp-content\/uploads\/2022\/01\/IMAG0098-80x60.jpg 80w\" sizes=\"auto, (max-width: 1024px) 100vw, 1024px\" \/><\/a><\/figure><\/li><li class=\"blocks-gallery-item\"><figure><a href=\"http:\/\/mobilaner.de\/blog\/wp-content\/uploads\/2022\/01\/IMAG0103-scaled.jpg\"><img loading=\"lazy\" decoding=\"async\" width=\"1024\" height=\"768\" src=\"http:\/\/mobilaner.de\/blog\/wp-content\/uploads\/2022\/01\/IMAG0103-1024x768.jpg\" alt=\"\" data-id=\"1507\" data-full-url=\"http:\/\/mobilaner.de\/blog\/wp-content\/uploads\/2022\/01\/IMAG0103-scaled.jpg\" data-link=\"http:\/\/mobilaner.de\/blog\/?attachment_id=1507\" class=\"wp-image-1507\" srcset=\"http:\/\/mobilaner.de\/blog\/wp-content\/uploads\/2022\/01\/IMAG0103-1024x768.jpg 1024w, http:\/\/mobilaner.de\/blog\/wp-content\/uploads\/2022\/01\/IMAG0103-300x225.jpg 300w, http:\/\/mobilaner.de\/blog\/wp-content\/uploads\/2022\/01\/IMAG0103-768x576.jpg 768w, http:\/\/mobilaner.de\/blog\/wp-content\/uploads\/2022\/01\/IMAG0103-1536x1152.jpg 1536w, http:\/\/mobilaner.de\/blog\/wp-content\/uploads\/2022\/01\/IMAG0103-2048x1536.jpg 2048w, http:\/\/mobilaner.de\/blog\/wp-content\/uploads\/2022\/01\/IMAG0103-80x60.jpg 80w\" sizes=\"auto, (max-width: 1024px) 100vw, 1024px\" \/><\/a><\/figure><\/li><\/ul><\/figure>\n\n\n\n<p>Inzwischen hatten wir auch Kontakt zu meinem Freund Denis aufgenommen, der auch auf dem Weg nach S\u00fcden war. Er schrieb, dass er die F\u00e4hre von Ancona in Italien nach Patras auf den Peloponnes in Griechenland nehmen wolle. Okay, auch eine Idee, warum nicht?<br>Also haben wir kurz entschlossen auch eine F\u00e4hre f\u00fcr uns gebucht, am 12. Januar. F\u00fcr die Einreise nach Griechenland mussten wir auch ein Online-Reiseformular ausf\u00fcllen und ausgedruckt dabei haben. Und einen Coronatest. Dazu gab es allerdings unterschiedliche Angaben. Ob der nun maximal 24 Stunden oder 48 Stunden alt sein darf. Und ob die Einreise jetzt im griechischen Hafen oder schon in Italien erfolgt, war auch nicht ganz klar. Fakt ist: Die F\u00e4hre f\u00e4hrt knapp 24 Stunden. Und wenn der Test in Griechenland nicht \u00e4lter als 24 Stunden sein darf, dann wird es kompliziert. Egal, wir haben am Nachmittag vor dem F\u00e4hrtermin noch einen Test in einer Apotheke gemacht und das musste dann reichen. Hat es auch. Den Abend vorher haben wir auf einem Wohnmobilstellplatz in Ancona geparkt, da wir von da nicht mehr weit zur F\u00e4hre hatten und aber auch einen Park nebenan, um dem Hund noch etwas Auslauf zu g\u00f6nnen. Der n\u00e4chste Tag w\u00fcrde noch hart genug f\u00fcr sie werden. Eckstein hat zwar seit der letzten Tour noch einige Fortschritte gemacht, aber unter Menschen zu sein, ist f\u00fcr sie noch immer nicht einfach. Und dann auf einer F\u00e4hre, ohne Wald und Wiese und daf\u00fcr unter Menschen, das ist bestimmt kein Spa\u00df f\u00fcr sie. Zumal wir uns die Buchung einer Kabine gespart haben und unsere Schlafs\u00e4cke einfach irgendwo im \u00f6ffentlichen Bereich ausrollen w\u00fcrden.<br>In der Warteschlange vor der F\u00e4hre trafen wir dann auch auf Denis und seine Freundin Sarah, zusammen in einem Mercedes Bremer unterwegs. (<a href=\"https:\/\/deniswald.com\/\">https:\/\/deniswald.com<\/a>).<\/p>\n\n\n\n<p>Denis hatte ich im Zuge meiner ersten Marokkoreise 2016 kennengelernt und seither auf eine Gelegenheit gewartet, endlich mal etwas Strecke zusammen zu fahren.<\/p>\n\n\n\n<p>Dann endlich auf der F\u00e4hre lief es schon recht gut an. Eckstein kam einigerma\u00dfen gut klar, wir durften zwar nicht in dem Aufenthaltsbereich sein mit dem Hund, uns wurde aber ein Bereich in einem Treppenhaus gezeigt, wo wir unsere Decke auf einem Teppich ausrollen konnten. Nicht wirklich wohnlich, aber f\u00fcr eine Nacht halt mal okay. Und Ecki machte sich, wie gesagt, echt ziemlich gut.<br>Das Wetter spielte auch mit, es war zwar durchaus recht frisch, aber immerhin meist sonnig. Nur in der Nacht wurde es ziemlich st\u00fcrmisch, was uns ja schon ziemlich Spa\u00df machte. Bei Sturm an der Reling stehen und die Wellen beobachten k\u00f6nnte ich stundenlang.<\/p>\n\n\n\n<figure class=\"wp-block-gallery columns-3 is-cropped wp-block-gallery-4 is-layout-flex wp-block-gallery-is-layout-flex\"><ul class=\"blocks-gallery-grid\"><li class=\"blocks-gallery-item\"><figure><a href=\"http:\/\/mobilaner.de\/blog\/wp-content\/uploads\/2022\/01\/IMAG0113-768x1024.jpg\"><img loading=\"lazy\" decoding=\"async\" width=\"768\" height=\"1024\" src=\"http:\/\/mobilaner.de\/blog\/wp-content\/uploads\/2022\/01\/IMAG0113-768x1024.jpg\" alt=\"\" data-id=\"1509\" data-link=\"http:\/\/mobilaner.de\/blog\/?attachment_id=1509\" class=\"wp-image-1509\" srcset=\"http:\/\/mobilaner.de\/blog\/wp-content\/uploads\/2022\/01\/IMAG0113-768x1024.jpg 768w, http:\/\/mobilaner.de\/blog\/wp-content\/uploads\/2022\/01\/IMAG0113-225x300.jpg 225w, http:\/\/mobilaner.de\/blog\/wp-content\/uploads\/2022\/01\/IMAG0113-1152x1536.jpg 1152w, http:\/\/mobilaner.de\/blog\/wp-content\/uploads\/2022\/01\/IMAG0113-1536x2048.jpg 1536w, http:\/\/mobilaner.de\/blog\/wp-content\/uploads\/2022\/01\/IMAG0113-45x60.jpg 45w, http:\/\/mobilaner.de\/blog\/wp-content\/uploads\/2022\/01\/IMAG0113-scaled.jpg 1920w\" sizes=\"auto, (max-width: 768px) 100vw, 768px\" \/><\/a><\/figure><\/li><li class=\"blocks-gallery-item\"><figure><a href=\"http:\/\/mobilaner.de\/blog\/wp-content\/uploads\/2022\/01\/IMAG0114-1024x768.jpg\"><img loading=\"lazy\" decoding=\"async\" width=\"1024\" height=\"768\" src=\"http:\/\/mobilaner.de\/blog\/wp-content\/uploads\/2022\/01\/IMAG0114-1024x768.jpg\" alt=\"\" data-id=\"1510\" data-link=\"http:\/\/mobilaner.de\/blog\/?attachment_id=1510\" class=\"wp-image-1510\" srcset=\"http:\/\/mobilaner.de\/blog\/wp-content\/uploads\/2022\/01\/IMAG0114-1024x768.jpg 1024w, http:\/\/mobilaner.de\/blog\/wp-content\/uploads\/2022\/01\/IMAG0114-300x225.jpg 300w, http:\/\/mobilaner.de\/blog\/wp-content\/uploads\/2022\/01\/IMAG0114-768x576.jpg 768w, http:\/\/mobilaner.de\/blog\/wp-content\/uploads\/2022\/01\/IMAG0114-1536x1152.jpg 1536w, http:\/\/mobilaner.de\/blog\/wp-content\/uploads\/2022\/01\/IMAG0114-2048x1536.jpg 2048w, http:\/\/mobilaner.de\/blog\/wp-content\/uploads\/2022\/01\/IMAG0114-80x60.jpg 80w\" sizes=\"auto, (max-width: 1024px) 100vw, 1024px\" \/><\/a><\/figure><\/li><li class=\"blocks-gallery-item\"><figure><a href=\"http:\/\/mobilaner.de\/blog\/wp-content\/uploads\/2022\/01\/IMAG0115-1024x768.jpg\"><img loading=\"lazy\" decoding=\"async\" width=\"1024\" height=\"768\" src=\"http:\/\/mobilaner.de\/blog\/wp-content\/uploads\/2022\/01\/IMAG0115-1024x768.jpg\" alt=\"\" data-id=\"1511\" data-link=\"http:\/\/mobilaner.de\/blog\/?attachment_id=1511\" class=\"wp-image-1511\" srcset=\"http:\/\/mobilaner.de\/blog\/wp-content\/uploads\/2022\/01\/IMAG0115-1024x768.jpg 1024w, http:\/\/mobilaner.de\/blog\/wp-content\/uploads\/2022\/01\/IMAG0115-300x225.jpg 300w, http:\/\/mobilaner.de\/blog\/wp-content\/uploads\/2022\/01\/IMAG0115-768x576.jpg 768w, http:\/\/mobilaner.de\/blog\/wp-content\/uploads\/2022\/01\/IMAG0115-1536x1152.jpg 1536w, http:\/\/mobilaner.de\/blog\/wp-content\/uploads\/2022\/01\/IMAG0115-2048x1536.jpg 2048w, http:\/\/mobilaner.de\/blog\/wp-content\/uploads\/2022\/01\/IMAG0115-80x60.jpg 80w\" sizes=\"auto, (max-width: 1024px) 100vw, 1024px\" \/><\/a><\/figure><\/li><li class=\"blocks-gallery-item\"><figure><a href=\"http:\/\/mobilaner.de\/blog\/wp-content\/uploads\/2022\/01\/IMAG0126-1024x768.jpg\"><img loading=\"lazy\" decoding=\"async\" width=\"1024\" height=\"768\" src=\"http:\/\/mobilaner.de\/blog\/wp-content\/uploads\/2022\/01\/IMAG0126-1024x768.jpg\" alt=\"\" data-id=\"1512\" data-link=\"http:\/\/mobilaner.de\/blog\/?attachment_id=1512\" class=\"wp-image-1512\" srcset=\"http:\/\/mobilaner.de\/blog\/wp-content\/uploads\/2022\/01\/IMAG0126-1024x768.jpg 1024w, http:\/\/mobilaner.de\/blog\/wp-content\/uploads\/2022\/01\/IMAG0126-300x225.jpg 300w, http:\/\/mobilaner.de\/blog\/wp-content\/uploads\/2022\/01\/IMAG0126-768x576.jpg 768w, http:\/\/mobilaner.de\/blog\/wp-content\/uploads\/2022\/01\/IMAG0126-1536x1152.jpg 1536w, http:\/\/mobilaner.de\/blog\/wp-content\/uploads\/2022\/01\/IMAG0126-2048x1536.jpg 2048w, http:\/\/mobilaner.de\/blog\/wp-content\/uploads\/2022\/01\/IMAG0126-80x60.jpg 80w\" sizes=\"auto, (max-width: 1024px) 100vw, 1024px\" \/><\/a><\/figure><\/li><li class=\"blocks-gallery-item\"><figure><a href=\"http:\/\/mobilaner.de\/blog\/wp-content\/uploads\/2022\/01\/IMAG0128-1024x768.jpg\"><img loading=\"lazy\" decoding=\"async\" width=\"1024\" height=\"768\" src=\"http:\/\/mobilaner.de\/blog\/wp-content\/uploads\/2022\/01\/IMAG0128-1024x768.jpg\" alt=\"\" data-id=\"1513\" data-link=\"http:\/\/mobilaner.de\/blog\/?attachment_id=1513\" class=\"wp-image-1513\" srcset=\"http:\/\/mobilaner.de\/blog\/wp-content\/uploads\/2022\/01\/IMAG0128-1024x768.jpg 1024w, http:\/\/mobilaner.de\/blog\/wp-content\/uploads\/2022\/01\/IMAG0128-300x225.jpg 300w, http:\/\/mobilaner.de\/blog\/wp-content\/uploads\/2022\/01\/IMAG0128-768x576.jpg 768w, http:\/\/mobilaner.de\/blog\/wp-content\/uploads\/2022\/01\/IMAG0128-1536x1152.jpg 1536w, http:\/\/mobilaner.de\/blog\/wp-content\/uploads\/2022\/01\/IMAG0128-2048x1536.jpg 2048w, http:\/\/mobilaner.de\/blog\/wp-content\/uploads\/2022\/01\/IMAG0128-80x60.jpg 80w\" sizes=\"auto, (max-width: 1024px) 100vw, 1024px\" \/><\/a><\/figure><\/li><li class=\"blocks-gallery-item\"><figure><a href=\"http:\/\/mobilaner.de\/blog\/wp-content\/uploads\/2022\/01\/IMAG0133-1024x768.jpg\"><img loading=\"lazy\" decoding=\"async\" width=\"1024\" height=\"768\" src=\"http:\/\/mobilaner.de\/blog\/wp-content\/uploads\/2022\/01\/IMAG0133-1024x768.jpg\" alt=\"\" data-id=\"1514\" data-link=\"http:\/\/mobilaner.de\/blog\/?attachment_id=1514\" class=\"wp-image-1514\" srcset=\"http:\/\/mobilaner.de\/blog\/wp-content\/uploads\/2022\/01\/IMAG0133-1024x768.jpg 1024w, http:\/\/mobilaner.de\/blog\/wp-content\/uploads\/2022\/01\/IMAG0133-300x225.jpg 300w, http:\/\/mobilaner.de\/blog\/wp-content\/uploads\/2022\/01\/IMAG0133-768x576.jpg 768w, http:\/\/mobilaner.de\/blog\/wp-content\/uploads\/2022\/01\/IMAG0133-1536x1152.jpg 1536w, http:\/\/mobilaner.de\/blog\/wp-content\/uploads\/2022\/01\/IMAG0133-2048x1536.jpg 2048w, http:\/\/mobilaner.de\/blog\/wp-content\/uploads\/2022\/01\/IMAG0133-80x60.jpg 80w\" sizes=\"auto, (max-width: 1024px) 100vw, 1024px\" \/><\/a><\/figure><\/li><li class=\"blocks-gallery-item\"><figure><a href=\"http:\/\/mobilaner.de\/blog\/wp-content\/uploads\/2022\/01\/IMAG0135-1024x747.jpg\"><img loading=\"lazy\" decoding=\"async\" width=\"1024\" height=\"747\" src=\"http:\/\/mobilaner.de\/blog\/wp-content\/uploads\/2022\/01\/IMAG0135-1024x747.jpg\" alt=\"\" data-id=\"1515\" data-link=\"http:\/\/mobilaner.de\/blog\/?attachment_id=1515\" class=\"wp-image-1515\" srcset=\"http:\/\/mobilaner.de\/blog\/wp-content\/uploads\/2022\/01\/IMAG0135-1024x747.jpg 1024w, http:\/\/mobilaner.de\/blog\/wp-content\/uploads\/2022\/01\/IMAG0135-300x219.jpg 300w, http:\/\/mobilaner.de\/blog\/wp-content\/uploads\/2022\/01\/IMAG0135-768x560.jpg 768w, http:\/\/mobilaner.de\/blog\/wp-content\/uploads\/2022\/01\/IMAG0135-1536x1120.jpg 1536w, http:\/\/mobilaner.de\/blog\/wp-content\/uploads\/2022\/01\/IMAG0135-2048x1493.jpg 2048w, http:\/\/mobilaner.de\/blog\/wp-content\/uploads\/2022\/01\/IMAG0135-82x60.jpg 82w\" sizes=\"auto, (max-width: 1024px) 100vw, 1024px\" \/><\/a><\/figure><\/li><li class=\"blocks-gallery-item\"><figure><a href=\"http:\/\/mobilaner.de\/blog\/wp-content\/uploads\/2022\/01\/IMAG0137-scaled.jpg\"><img loading=\"lazy\" decoding=\"async\" width=\"1024\" height=\"768\" src=\"http:\/\/mobilaner.de\/blog\/wp-content\/uploads\/2022\/01\/IMAG0137-1024x768.jpg\" alt=\"\" data-id=\"1516\" data-full-url=\"http:\/\/mobilaner.de\/blog\/wp-content\/uploads\/2022\/01\/IMAG0137-scaled.jpg\" data-link=\"http:\/\/mobilaner.de\/blog\/?attachment_id=1516\" class=\"wp-image-1516\" srcset=\"http:\/\/mobilaner.de\/blog\/wp-content\/uploads\/2022\/01\/IMAG0137-1024x768.jpg 1024w, http:\/\/mobilaner.de\/blog\/wp-content\/uploads\/2022\/01\/IMAG0137-300x225.jpg 300w, http:\/\/mobilaner.de\/blog\/wp-content\/uploads\/2022\/01\/IMAG0137-768x576.jpg 768w, http:\/\/mobilaner.de\/blog\/wp-content\/uploads\/2022\/01\/IMAG0137-1536x1152.jpg 1536w, http:\/\/mobilaner.de\/blog\/wp-content\/uploads\/2022\/01\/IMAG0137-2048x1536.jpg 2048w, http:\/\/mobilaner.de\/blog\/wp-content\/uploads\/2022\/01\/IMAG0137-80x60.jpg 80w\" sizes=\"auto, (max-width: 1024px) 100vw, 1024px\" \/><\/a><\/figure><\/li><\/ul><\/figure>\n\n\n\n<p>Wir trafen dann auch noch auf zwei weitere lustige Leute, so dass wir beschlossen, in Griechenland die ersten Stationen erstmal zusammen zu machen.So waren wir dann jetzt zu sechst mit vier Fahrzeugen.<\/p>\n\n\n\n<p>Die Einreise in Patras ging erstaunlich schnell und unkompliziert und dann waren wir auf dem Peloponnes!<\/p>\n\n\n\n<p>Die erste Station war ein altes Thermalbad an der Westk\u00fcste. Dort kamen wir am fr\u00fchen Abend an und nach einer kurzen Kletterei \u00fcber den Zaun konnten wir dann unsere Ankunft in Griechenland in warmem, schwefligen Wasser in einer wundersch\u00f6nen Felsgrotte feiern.<\/p>\n\n\n\n<p>Am n\u00e4chsten Tag sind wir nach dem Fr\u00fchst\u00fcck relativ zeitig aufgebrochen und nur wenige Kilometer weiter an einen Strand gefahren. Hier, am l\u00e4ngsten Strand Griechenlands, stehen wir mit vielen anderen Fahrzeugen unter B\u00e4umen kurz hinter dem Strand. Durch die L\u00e4nge des Strandes verl\u00e4uft es sich hier aber und man hat genug Platz um relativ ungest\u00f6rt erstmal anzukommen und ein paar faule Tage zu verbringen.<br>Die Sonne scheint, die Temperaturen sind aber besonders nachts noch recht frisch, aber tags\u00fcber in der Sonne kann man es durchaus eine Weile barfu\u00df und im T-Shirt aushalten. Aber ein paar Grad mehr d\u00fcrften es trotzdem gerne noch werden. Aber ich will mich nicht beschweren, f\u00fcr Mitte Januar ist das schon ziemlich fein!<\/p>\n\n\n\n<figure class=\"wp-block-gallery columns-3 is-cropped wp-block-gallery-5 is-layout-flex wp-block-gallery-is-layout-flex\"><ul class=\"blocks-gallery-grid\"><li class=\"blocks-gallery-item\"><figure><a href=\"http:\/\/mobilaner.de\/blog\/wp-content\/uploads\/2022\/01\/IMAG0140-1024x768.jpg\"><img loading=\"lazy\" decoding=\"async\" width=\"1024\" height=\"768\" src=\"http:\/\/mobilaner.de\/blog\/wp-content\/uploads\/2022\/01\/IMAG0140-1024x768.jpg\" alt=\"\" data-id=\"1517\" data-link=\"http:\/\/mobilaner.de\/blog\/?attachment_id=1517\" class=\"wp-image-1517\" srcset=\"http:\/\/mobilaner.de\/blog\/wp-content\/uploads\/2022\/01\/IMAG0140-1024x768.jpg 1024w, http:\/\/mobilaner.de\/blog\/wp-content\/uploads\/2022\/01\/IMAG0140-300x225.jpg 300w, http:\/\/mobilaner.de\/blog\/wp-content\/uploads\/2022\/01\/IMAG0140-768x576.jpg 768w, http:\/\/mobilaner.de\/blog\/wp-content\/uploads\/2022\/01\/IMAG0140-1536x1152.jpg 1536w, http:\/\/mobilaner.de\/blog\/wp-content\/uploads\/2022\/01\/IMAG0140-2048x1536.jpg 2048w, http:\/\/mobilaner.de\/blog\/wp-content\/uploads\/2022\/01\/IMAG0140-80x60.jpg 80w\" sizes=\"auto, (max-width: 1024px) 100vw, 1024px\" \/><\/a><\/figure><\/li><li class=\"blocks-gallery-item\"><figure><a href=\"http:\/\/mobilaner.de\/blog\/wp-content\/uploads\/2022\/01\/IMAG0142-1024x768.jpg\"><img loading=\"lazy\" decoding=\"async\" width=\"1024\" height=\"768\" src=\"http:\/\/mobilaner.de\/blog\/wp-content\/uploads\/2022\/01\/IMAG0142-1024x768.jpg\" alt=\"\" data-id=\"1518\" data-link=\"http:\/\/mobilaner.de\/blog\/?attachment_id=1518\" class=\"wp-image-1518\" srcset=\"http:\/\/mobilaner.de\/blog\/wp-content\/uploads\/2022\/01\/IMAG0142-1024x768.jpg 1024w, http:\/\/mobilaner.de\/blog\/wp-content\/uploads\/2022\/01\/IMAG0142-300x225.jpg 300w, http:\/\/mobilaner.de\/blog\/wp-content\/uploads\/2022\/01\/IMAG0142-768x576.jpg 768w, http:\/\/mobilaner.de\/blog\/wp-content\/uploads\/2022\/01\/IMAG0142-1536x1152.jpg 1536w, http:\/\/mobilaner.de\/blog\/wp-content\/uploads\/2022\/01\/IMAG0142-2048x1536.jpg 2048w, http:\/\/mobilaner.de\/blog\/wp-content\/uploads\/2022\/01\/IMAG0142-80x60.jpg 80w\" sizes=\"auto, (max-width: 1024px) 100vw, 1024px\" \/><\/a><\/figure><\/li><li class=\"blocks-gallery-item\"><figure><a href=\"http:\/\/mobilaner.de\/blog\/wp-content\/uploads\/2022\/01\/IMAG0143-1024x768.jpg\"><img loading=\"lazy\" decoding=\"async\" width=\"1024\" height=\"768\" src=\"http:\/\/mobilaner.de\/blog\/wp-content\/uploads\/2022\/01\/IMAG0143-1024x768.jpg\" alt=\"\" data-id=\"1519\" data-link=\"http:\/\/mobilaner.de\/blog\/?attachment_id=1519\" class=\"wp-image-1519\" srcset=\"http:\/\/mobilaner.de\/blog\/wp-content\/uploads\/2022\/01\/IMAG0143-1024x768.jpg 1024w, http:\/\/mobilaner.de\/blog\/wp-content\/uploads\/2022\/01\/IMAG0143-300x225.jpg 300w, http:\/\/mobilaner.de\/blog\/wp-content\/uploads\/2022\/01\/IMAG0143-768x576.jpg 768w, http:\/\/mobilaner.de\/blog\/wp-content\/uploads\/2022\/01\/IMAG0143-1536x1152.jpg 1536w, http:\/\/mobilaner.de\/blog\/wp-content\/uploads\/2022\/01\/IMAG0143-2048x1536.jpg 2048w, http:\/\/mobilaner.de\/blog\/wp-content\/uploads\/2022\/01\/IMAG0143-80x60.jpg 80w\" sizes=\"auto, (max-width: 1024px) 100vw, 1024px\" \/><\/a><\/figure><\/li><li class=\"blocks-gallery-item\"><figure><a href=\"http:\/\/mobilaner.de\/blog\/wp-content\/uploads\/2022\/01\/IMAG0144-1024x768.jpg\"><img loading=\"lazy\" decoding=\"async\" width=\"1024\" height=\"768\" src=\"http:\/\/mobilaner.de\/blog\/wp-content\/uploads\/2022\/01\/IMAG0144-1024x768.jpg\" alt=\"\" data-id=\"1520\" data-link=\"http:\/\/mobilaner.de\/blog\/?attachment_id=1520\" class=\"wp-image-1520\" srcset=\"http:\/\/mobilaner.de\/blog\/wp-content\/uploads\/2022\/01\/IMAG0144-1024x768.jpg 1024w, http:\/\/mobilaner.de\/blog\/wp-content\/uploads\/2022\/01\/IMAG0144-300x225.jpg 300w, http:\/\/mobilaner.de\/blog\/wp-content\/uploads\/2022\/01\/IMAG0144-768x576.jpg 768w, http:\/\/mobilaner.de\/blog\/wp-content\/uploads\/2022\/01\/IMAG0144-1536x1152.jpg 1536w, http:\/\/mobilaner.de\/blog\/wp-content\/uploads\/2022\/01\/IMAG0144-2048x1536.jpg 2048w, http:\/\/mobilaner.de\/blog\/wp-content\/uploads\/2022\/01\/IMAG0144-80x60.jpg 80w\" sizes=\"auto, (max-width: 1024px) 100vw, 1024px\" \/><\/a><\/figure><\/li><li class=\"blocks-gallery-item\"><figure><a href=\"http:\/\/mobilaner.de\/blog\/wp-content\/uploads\/2022\/01\/IMAG0158-1024x768.jpg\"><img loading=\"lazy\" decoding=\"async\" width=\"1024\" height=\"768\" src=\"http:\/\/mobilaner.de\/blog\/wp-content\/uploads\/2022\/01\/IMAG0158-1024x768.jpg\" alt=\"\" data-id=\"1521\" data-link=\"http:\/\/mobilaner.de\/blog\/?attachment_id=1521\" class=\"wp-image-1521\" srcset=\"http:\/\/mobilaner.de\/blog\/wp-content\/uploads\/2022\/01\/IMAG0158-1024x768.jpg 1024w, http:\/\/mobilaner.de\/blog\/wp-content\/uploads\/2022\/01\/IMAG0158-300x225.jpg 300w, http:\/\/mobilaner.de\/blog\/wp-content\/uploads\/2022\/01\/IMAG0158-768x576.jpg 768w, http:\/\/mobilaner.de\/blog\/wp-content\/uploads\/2022\/01\/IMAG0158-1536x1152.jpg 1536w, http:\/\/mobilaner.de\/blog\/wp-content\/uploads\/2022\/01\/IMAG0158-2048x1536.jpg 2048w, http:\/\/mobilaner.de\/blog\/wp-content\/uploads\/2022\/01\/IMAG0158-80x60.jpg 80w\" sizes=\"auto, (max-width: 1024px) 100vw, 1024px\" \/><\/a><\/figure><\/li><li class=\"blocks-gallery-item\"><figure><a href=\"http:\/\/mobilaner.de\/blog\/wp-content\/uploads\/2022\/01\/IMAG0154-scaled.jpg\"><img loading=\"lazy\" decoding=\"async\" width=\"1024\" height=\"768\" src=\"http:\/\/mobilaner.de\/blog\/wp-content\/uploads\/2022\/01\/IMAG0154-1024x768.jpg\" alt=\"\" data-id=\"1522\" data-full-url=\"http:\/\/mobilaner.de\/blog\/wp-content\/uploads\/2022\/01\/IMAG0154-scaled.jpg\" data-link=\"http:\/\/mobilaner.de\/blog\/?attachment_id=1522\" class=\"wp-image-1522\" srcset=\"http:\/\/mobilaner.de\/blog\/wp-content\/uploads\/2022\/01\/IMAG0154-1024x768.jpg 1024w, http:\/\/mobilaner.de\/blog\/wp-content\/uploads\/2022\/01\/IMAG0154-300x225.jpg 300w, http:\/\/mobilaner.de\/blog\/wp-content\/uploads\/2022\/01\/IMAG0154-768x576.jpg 768w, http:\/\/mobilaner.de\/blog\/wp-content\/uploads\/2022\/01\/IMAG0154-1536x1152.jpg 1536w, http:\/\/mobilaner.de\/blog\/wp-content\/uploads\/2022\/01\/IMAG0154-2048x1536.jpg 2048w, http:\/\/mobilaner.de\/blog\/wp-content\/uploads\/2022\/01\/IMAG0154-80x60.jpg 80w\" sizes=\"auto, (max-width: 1024px) 100vw, 1024px\" \/><\/a><\/figure><\/li><\/ul><\/figure>\n\n\n\n<figure class=\"wp-block-embed is-type-video is-provider-youtube wp-block-embed-youtube wp-embed-aspect-4-3 wp-has-aspect-ratio\"><div class=\"wp-block-embed__wrapper\">\n<iframe loading=\"lazy\" title=\"Anreise mit Gustav, dem 814 nach Griechenland (Peloponnes)\" width=\"780\" height=\"585\" src=\"https:\/\/www.youtube.com\/embed\/_SIWuyyGZZA?start=2&#038;feature=oembed\" frameborder=\"0\" allow=\"accelerometer; autoplay; clipboard-write; encrypted-media; gyroscope; picture-in-picture\" allowfullscreen><\/iframe>\n<\/div><figcaption>Hier noch ein kleiner Zusammenschnitt<\/figcaption><\/figure>\n\n\n\n<p><\/p>\n","protected":false},"excerpt":{"rendered":"<p>Nun ist sie also endlich losgegangen \u2013 die erste ernsthafte Tour mit Gustav, dem 814. Die Idee war, wie bei der letzten Reise auch, vor Weihnachten auf dem Weg nach S\u00fcden zu sein. Das hat dann doch nicht ganz geklappt, es lagen noch Termine an und am Ausbau vom Laster mussten auch noch ein paar &hellip; <\/p>\n","protected":false},"author":3,"featured_media":1489,"comment_status":"open","ping_status":"open","sticky":false,"template":"","format":"standard","meta":{"_stopmodifiedupdate":false,"_modified_date":"","footnotes":""},"categories":[25,31],"tags":[33,22,35,38,32,34,37,36,5],"class_list":["post-1487","post","type-post","status-publish","format-standard","has-post-thumbnail","hentry","category-gustav","category-tour-2022","tag-33","tag-duedo","tag-griechenland","tag-gustav","tag-ln2","tag-mercedes","tag-oma-duck-2","tag-peloponnes","tag-ueberwintern"],"_links":{"self":[{"href":"http:\/\/mobilaner.de\/blog\/wp-json\/wp\/v2\/posts\/1487","targetHints":{"allow":["GET"]}}],"collection":[{"href":"http:\/\/mobilaner.de\/blog\/wp-json\/wp\/v2\/posts"}],"about":[{"href":"http:\/\/mobilaner.de\/blog\/wp-json\/wp\/v2\/types\/post"}],"author":[{"embeddable":true,"href":"http:\/\/mobilaner.de\/blog\/wp-json\/wp\/v2\/users\/3"}],"replies":[{"embeddable":true,"href":"http:\/\/mobilaner.de\/blog\/wp-json\/wp\/v2\/comments?post=1487"}],"version-history":[{"count":4,"href":"http:\/\/mobilaner.de\/blog\/wp-json\/wp\/v2\/posts\/1487\/revisions"}],"predecessor-version":[{"id":1571,"href":"http:\/\/mobilaner.de\/blog\/wp-json\/wp\/v2\/posts\/1487\/revisions\/1571"}],"wp:featuredmedia":[{"embeddable":true,"href":"http:\/\/mobilaner.de\/blog\/wp-json\/wp\/v2\/media\/1489"}],"wp:attachment":[{"href":"http:\/\/mobilaner.de\/blog\/wp-json\/wp\/v2\/media?parent=1487"}],"wp:term":[{"taxonomy":"category","embeddable":true,"href":"http:\/\/mobilaner.de\/blog\/wp-json\/wp\/v2\/categories?post=1487"},{"taxonomy":"post_tag","embeddable":true,"href":"http:\/\/mobilaner.de\/blog\/wp-json\/wp\/v2\/tags?post=1487"}],"curies":[{"name":"wp","href":"https:\/\/api.w.org\/{rel}","templated":true}]}}