{"id":812,"date":"2016-04-10T14:13:00","date_gmt":"2016-04-10T12:13:00","guid":{"rendered":"http:\/\/mobilaner.de\/blog\/?p=812"},"modified":"2021-01-11T14:20:42","modified_gmt":"2021-01-11T13:20:42","slug":"umwege-sind-doch-irgendwie-auch-was-feines","status":"publish","type":"post","link":"http:\/\/mobilaner.de\/blog\/2016\/04\/10\/umwege-sind-doch-irgendwie-auch-was-feines\/","title":{"rendered":"Umwege sind doch irgendwie auch was feines&#8230;."},"content":{"rendered":"\n<figure class=\"wp-block-image size-large\"><img loading=\"lazy\" decoding=\"async\" width=\"1024\" height=\"768\" src=\"http:\/\/mobilaner.de\/blog\/wp-content\/uploads\/2021\/01\/IMG_8684-1024x768.jpg\" alt=\"\" class=\"wp-image-813\" srcset=\"http:\/\/mobilaner.de\/blog\/wp-content\/uploads\/2021\/01\/IMG_8684-scaled.jpg 1024w, http:\/\/mobilaner.de\/blog\/wp-content\/uploads\/2021\/01\/IMG_8684-300x225.jpg 300w, http:\/\/mobilaner.de\/blog\/wp-content\/uploads\/2021\/01\/IMG_8684-768x576.jpg 768w, http:\/\/mobilaner.de\/blog\/wp-content\/uploads\/2021\/01\/IMG_8684-1536x1152.jpg 1536w, http:\/\/mobilaner.de\/blog\/wp-content\/uploads\/2021\/01\/IMG_8684-2048x1536.jpg 2048w, http:\/\/mobilaner.de\/blog\/wp-content\/uploads\/2021\/01\/IMG_8684-80x60.jpg 80w\" sizes=\"auto, (max-width: 1024px) 100vw, 1024px\" \/><\/figure>\n\n\n\n<p>Es war ja auch irgendwie klar, ich konnte mich nat\u00fcrlich nicht trennen und so sind wir gegen Mittag zusammen aufgebrochen und mit drei D\u00fcdos im Konvoi westw\u00e4rts gefahren. Sowohl Jonas als auch Eva hatten eine Verabredung am Flughafen in Faro, so verging der Tag langsam aber sicher hinter dem Steuer um die 400 km abzurei\u00dfen. Am Flughafen angekommen, hatten wir dann erstmal noch etwas Zeit um auf Jojo und Kathrin zu warten. Gro\u00dfes Hallo, als sie dann endlich ankamen und dann relativ z\u00fcgig auf Pennplatzsuche, die Sonne war ja schon verschwunden. Immerhin kann man in Portugal wieder relativ gefahrlos nachts autofahren, in Marokko habe ich das nach M\u00f6glichkeit vermieden. Jonas hat eine Idee und so fahren wir wieder im Konvoi ihm hinterher. Einige Kilometer weiter westw\u00e4rts machen wir noch, um der gro\u00dfen Stadt etwas zu entkommen und dann schl\u00e4ngelt sich der Weg kreuz und quer durch Wohngebiete, bis wir tats\u00e4chlich einen gro\u00dfen, fast leeren Parkplatz in Strandn\u00e4he finden. Schnell mal kurz noch ans Meer geguckt und dann fix was zu Essen machen. Wir landen dann bei mir und sitzen tats\u00e4chlich mit f\u00fcnf Leuten in Oma Duck zum Essen und anschlie\u00dfendem gem\u00fctlichen Schnacken bei Bier und Portwein.<\/p>\n\n\n\n<figure class=\"wp-block-image size-large\"><img loading=\"lazy\" decoding=\"async\" width=\"1024\" height=\"768\" src=\"http:\/\/mobilaner.de\/blog\/wp-content\/uploads\/2021\/01\/IMG_8706-1024x768.jpg\" alt=\"\" class=\"wp-image-814\" srcset=\"http:\/\/mobilaner.de\/blog\/wp-content\/uploads\/2021\/01\/IMG_8706-scaled.jpg 1024w, http:\/\/mobilaner.de\/blog\/wp-content\/uploads\/2021\/01\/IMG_8706-300x225.jpg 300w, http:\/\/mobilaner.de\/blog\/wp-content\/uploads\/2021\/01\/IMG_8706-768x576.jpg 768w, http:\/\/mobilaner.de\/blog\/wp-content\/uploads\/2021\/01\/IMG_8706-1536x1152.jpg 1536w, http:\/\/mobilaner.de\/blog\/wp-content\/uploads\/2021\/01\/IMG_8706-2048x1536.jpg 2048w, http:\/\/mobilaner.de\/blog\/wp-content\/uploads\/2021\/01\/IMG_8706-80x60.jpg 80w\" sizes=\"auto, (max-width: 1024px) 100vw, 1024px\" \/><\/figure>\n\n\n\n<p>Der n\u00e4chste Tag beginnt langsam und gem\u00e4chlich bei mir mit einer Bus-Pflegerunde, Oma Duck soll mal wieder abgeschmiert werden, am Bus von Jonas mache ich gleich weiter. Der Gute hat heute Geburtstag und so gibt es dann auch ein gediegenes Geburtstagsfr\u00fchst\u00fcck drau\u00dfen unter einer gro\u00dfen Korkeiche. Anschlie\u00dfend wird das Meer getestet und f\u00fcr zwar kalt, aber durchaus brauchbar empfunden. Tut gut, mal wieder durch die Wellen zu springen und ein paar Meter zu schwimmen!<\/p>\n\n\n\n<p>Danach geht es wieder weiter, Jonas hat noch eine weitere Verabredung mit diversen Freunden in Raposeira, genau auf der Ecke, in der ich mich um Silvester rum schon aufgehalten habe. Eva und Kathrin machen sich in die andere Richtung auf den Weg, vielleicht sehe ich die am Wochenende nochmal auf einem Festival. Ich hoffe das doch eigentlich sehr!<\/p>\n\n\n\n<p>Einige Kilometer vor Raposeira ersp\u00e4ht Jonas schon den ups-Bus von Freunden auf einem Supermarktparkplatz. Die Freude ist gro\u00df, die wollten sich eigentlich schon viel eher treffen und mehr zusammen reisen, aber es kam eben anders.<\/p>\n\n\n\n<p>Wo wir schon am Supermarkt stehen, machen wir nat\u00fcrlich eben noch einen ordentlichen Einkauf und danach kann ich mir ja einen Blick in die Container nicht verkneifen. Es gibt ausreichend Zitronen und massenhaft Cola und Sprite und so Zeugs. Die Versorgung mit zuckerhaltigen Getr\u00e4nken ist auf jeden Fall f\u00fcr eine ganze Weile gesichert, hat doch auch was. Dann schnell nochmal in Raposeira die Wasservorr\u00e4te aufgef\u00fcllt und warten auf noch mehr Freunde von Jonas. Sobald die aufgetaucht sind, geht es nun mit drei Bussen und zwei gemieteten PKW an einen sch\u00f6nen Strand. Ein wenig auf die Felsen klettern, Brandung gucken, den Sonnenuntergang genie\u00dfen und dabei in ersten netten Gespr\u00e4chen die anderen neuen Leute kennenlernen. Der Plan ist, mit allen sch\u00f6n zusammen Pizza essen zu gehen, im kleinen \u00d6rtchen Raposeira soll es eine sehr gute Pizzeria geben, also fallen wir da mit inzwischen 11 Leuten ein. Die ganze Gruppe ist zwar schon deutlich j\u00fcnger als ich, aber sehr angenehm und lustig. Und die Pizza tats\u00e4chlich hervorragend&#8230;.;)<\/p>\n\n\n\n<p>Die anderen haben sich eine Wohnung gemietet, die passender Weise direkt neben der Pizzeria liegt, also siedeln wir irgendwann noch \u00fcber. Das sie da auch eine Waschmaschine und ne Dusche haben, mach das ganze dann nochmal praktischer!<\/p>\n\n\n\n<p>Inzwischen ist es auch schon reichlich sp\u00e4t, so dass wir dann bald die Busse anschmei\u00dfen und uns auf die Piste zum Barranco Beach machen, ebenda, wo ich schon Silvester f\u00fcr ein paar Tage gestanden habe. Da die Piste dahin quasi neben dem Haus losgeht, war es im wahrsten Sinne des Wortes am naheliegendsten.<\/p>\n\n\n\n<figure class=\"wp-block-image size-large\"><img loading=\"lazy\" decoding=\"async\" width=\"1024\" height=\"768\" src=\"http:\/\/mobilaner.de\/blog\/wp-content\/uploads\/2021\/01\/IMG_8704-3-1024x768.jpg\" alt=\"\" class=\"wp-image-816\" srcset=\"http:\/\/mobilaner.de\/blog\/wp-content\/uploads\/2021\/01\/IMG_8704-3-scaled.jpg 1024w, http:\/\/mobilaner.de\/blog\/wp-content\/uploads\/2021\/01\/IMG_8704-3-300x225.jpg 300w, http:\/\/mobilaner.de\/blog\/wp-content\/uploads\/2021\/01\/IMG_8704-3-768x576.jpg 768w, http:\/\/mobilaner.de\/blog\/wp-content\/uploads\/2021\/01\/IMG_8704-3-1536x1152.jpg 1536w, http:\/\/mobilaner.de\/blog\/wp-content\/uploads\/2021\/01\/IMG_8704-3-2048x1536.jpg 2048w, http:\/\/mobilaner.de\/blog\/wp-content\/uploads\/2021\/01\/IMG_8704-3-80x60.jpg 80w\" sizes=\"auto, (max-width: 1024px) 100vw, 1024px\" \/><\/figure>\n\n\n\n<p>Und nat\u00fcrlich wird das nichts mit am n\u00e4chsten Morgen aufbrechen zum Festival, ich verbringe dann doch die n\u00e4chsten zwei Tage haupts\u00e4chlich in Barranco. Die Gruppe ist grad auch einfach zu prima, um jetzt schon aufzubrechen und alleine nach Norden zu reisen. Die Kurzurlaubsfraktion fliegt allerdings am Samstag schon nach Deutschland, aber Jojo sowie Tille und Romy mit ihrer UPSe sind noch da, au\u00dferdem noch andere Menschen, die ich grad einfach gerne um mich habe. Am Samstagabend gibt es nochmal ein dekadentes veganes Festessen vom Feinsten und wir sitzen wieder zu f\u00fcnft in Oma Duck und schlemmen, was das Zeug h\u00e4lt.<\/p>\n\n\n\n<figure class=\"wp-block-image size-large\"><img loading=\"lazy\" decoding=\"async\" width=\"1024\" height=\"768\" src=\"http:\/\/mobilaner.de\/blog\/wp-content\/uploads\/2021\/01\/IMG_8702-1024x768.jpg\" alt=\"\" class=\"wp-image-817\" srcset=\"http:\/\/mobilaner.de\/blog\/wp-content\/uploads\/2021\/01\/IMG_8702.jpg 1024w, http:\/\/mobilaner.de\/blog\/wp-content\/uploads\/2021\/01\/IMG_8702-300x225.jpg 300w, http:\/\/mobilaner.de\/blog\/wp-content\/uploads\/2021\/01\/IMG_8702-768x576.jpg 768w, http:\/\/mobilaner.de\/blog\/wp-content\/uploads\/2021\/01\/IMG_8702-1536x1152.jpg 1536w, http:\/\/mobilaner.de\/blog\/wp-content\/uploads\/2021\/01\/IMG_8702-80x60.jpg 80w\" sizes=\"auto, (max-width: 1024px) 100vw, 1024px\" \/><\/figure>\n\n\n\n<p>Der Sonntag beginnt mit Regen, f\u00fcr mich dann doch endlich ein Zeichen zum Aufbruch. Es hilft ja nichts, irgendwann muss ich mich hier ja mal losrei\u00dfen. Leicht ist das allerdings nicht, mit Jonas bin ich jetzt immerhin fast drei Monate zusammen unterwegs und w\u00fcrde jederzeit mit ihm wieder auf Weltreise gehen! Auch mit Tille und Romy, die ich ja, wie auch den Jojo, erst seit wenigen Tagen kenne, w\u00fcrde ich ohne Bedenken auf Tour gehen. Der Abschied f\u00e4llt nicht leicht, aber schlie\u00dflich bringt mich die gute Oma Duck dann doch auf die Stra\u00dfe. Erstmal wieder alleine reisen ist angesagt!<\/p>\n\n\n\n<p>Einige Kilometer nordw\u00e4rts will ich heute schaffen. Vielleicht auch wieder r\u00fcber nach Spanien, mal sehen. Ich w\u00fcrde gerne noch ein paar Tage in Spanien sein um die Chance zu nutzen, noch wieder ein wenig mehr in die spanische Sprache rein zu kommen. Dazu hoffe ich auf ein paar sch\u00f6ne Tage an der spanischen Nordk\u00fcste, bevor es dann vermutlich wieder relativ schnell durch Frankreich gehen soll.<\/p>\n\n\n\n<p><\/p>\n","protected":false},"excerpt":{"rendered":"<p>Es war ja auch irgendwie klar, ich konnte mich nat\u00fcrlich nicht trennen und so sind wir gegen Mittag zusammen aufgebrochen und mit drei D\u00fcdos im Konvoi westw\u00e4rts gefahren. Sowohl Jonas als auch Eva hatten eine Verabredung am Flughafen in Faro, so verging der Tag langsam aber sicher hinter dem Steuer um die 400 km abzurei\u00dfen. &hellip; <\/p>\n","protected":false},"author":3,"featured_media":813,"comment_status":"open","ping_status":"open","sticky":false,"template":"","format":"standard","meta":{"_stopmodifiedupdate":false,"_modified_date":"","footnotes":""},"categories":[18,19],"tags":[],"class_list":["post-812","post","type-post","status-publish","format-standard","has-post-thumbnail","hentry","category-touren","category-tour-2015-2016"],"_links":{"self":[{"href":"http:\/\/mobilaner.de\/blog\/wp-json\/wp\/v2\/posts\/812","targetHints":{"allow":["GET"]}}],"collection":[{"href":"http:\/\/mobilaner.de\/blog\/wp-json\/wp\/v2\/posts"}],"about":[{"href":"http:\/\/mobilaner.de\/blog\/wp-json\/wp\/v2\/types\/post"}],"author":[{"embeddable":true,"href":"http:\/\/mobilaner.de\/blog\/wp-json\/wp\/v2\/users\/3"}],"replies":[{"embeddable":true,"href":"http:\/\/mobilaner.de\/blog\/wp-json\/wp\/v2\/comments?post=812"}],"version-history":[{"count":1,"href":"http:\/\/mobilaner.de\/blog\/wp-json\/wp\/v2\/posts\/812\/revisions"}],"predecessor-version":[{"id":818,"href":"http:\/\/mobilaner.de\/blog\/wp-json\/wp\/v2\/posts\/812\/revisions\/818"}],"wp:featuredmedia":[{"embeddable":true,"href":"http:\/\/mobilaner.de\/blog\/wp-json\/wp\/v2\/media\/813"}],"wp:attachment":[{"href":"http:\/\/mobilaner.de\/blog\/wp-json\/wp\/v2\/media?parent=812"}],"wp:term":[{"taxonomy":"category","embeddable":true,"href":"http:\/\/mobilaner.de\/blog\/wp-json\/wp\/v2\/categories?post=812"},{"taxonomy":"post_tag","embeddable":true,"href":"http:\/\/mobilaner.de\/blog\/wp-json\/wp\/v2\/tags?post=812"}],"curies":[{"name":"wp","href":"https:\/\/api.w.org\/{rel}","templated":true}]}}