{"id":877,"date":"2016-03-19T21:19:00","date_gmt":"2016-03-19T20:19:00","guid":{"rendered":"http:\/\/mobilaner.de\/blog\/?p=877"},"modified":"2021-01-13T21:50:52","modified_gmt":"2021-01-13T20:50:52","slug":"sidi-kaouki","status":"publish","type":"post","link":"http:\/\/mobilaner.de\/blog\/2016\/03\/19\/sidi-kaouki\/","title":{"rendered":"Sidi Kaouki"},"content":{"rendered":"\n<p>Fr\u00fch aufstehen war angesagt. 8 Uhr Abfahrt war der Plan. Irgendwie haben wir das sogar geschafft, obwohl das ja so wirklich nicht meine Tageszeit ist. Aber wir haben etwa 350 km Strecke vor uns bis nach Essaouira, wo es die n\u00e4chsten Tage windig werden soll. Und Jonas will dahin, um zu surfen. Nun denn, ich komme erstmal mit. Au\u00dferdem wollen wir aber auf halber Strecke, kurz vor Agadir, in Ait Melloul, noch eine etwas l\u00e4ngere Pause einlegen, da es dort einen riesigen Schrottplatz geben soll und Schrauberwerkst\u00e4tten ohne Ende. Sowas reizt mich nat\u00fcrlich sehr, auch wenn ich au\u00dfer einer 46er Nuss f\u00fcr meinen Werkzeugbestand grade nichts dringend brauche.<\/p>\n\n\n\n<p>Wir kommen gut los, die Oma Duck f\u00e4hrt, abgesehen vom zu gro\u00dfen Lenkspiel, problemlos und so kommen wir ganz gut voran.<\/p>\n\n\n\n<figure class=\"wp-block-image size-large\"><img loading=\"lazy\" decoding=\"async\" width=\"1024\" height=\"768\" src=\"http:\/\/mobilaner.de\/blog\/wp-content\/uploads\/2021\/01\/IMG_8355-1024x768.jpg\" alt=\"\" class=\"wp-image-878\" srcset=\"http:\/\/mobilaner.de\/blog\/wp-content\/uploads\/2021\/01\/IMG_8355-scaled.jpg 1024w, http:\/\/mobilaner.de\/blog\/wp-content\/uploads\/2021\/01\/IMG_8355-300x225.jpg 300w, http:\/\/mobilaner.de\/blog\/wp-content\/uploads\/2021\/01\/IMG_8355-768x576.jpg 768w, http:\/\/mobilaner.de\/blog\/wp-content\/uploads\/2021\/01\/IMG_8355-1536x1152.jpg 1536w, http:\/\/mobilaner.de\/blog\/wp-content\/uploads\/2021\/01\/IMG_8355-2048x1536.jpg 2048w, http:\/\/mobilaner.de\/blog\/wp-content\/uploads\/2021\/01\/IMG_8355-80x60.jpg 80w\" sizes=\"auto, (max-width: 1024px) 100vw, 1024px\" \/><\/figure>\n\n\n\n<p>Irgendwann um Mittag rum sind wir dann in Ait Melloul und finden irgendwie diesen Schrottplatz. Ein gro\u00dfes Industriegel\u00e4nde, durch das man mit dem Auto fahren kann und wo links und rechts kleine L\u00e4den und Hallen sind, \u00fcberall liegt Material rum, leider verh\u00e4ltnism\u00e4\u00dfig wenige Autos, die sind dann eher in den Hallen. Ich hatte ja auf eine Freifl\u00e4che voller Altautos zum st\u00f6bern gehofft, aber auch so ist das ganze schon sehr sehenswert, wenn man Altmetall im Blut hat. Aber wirklich brauchen tun wir nix und so geben wir uns mit einer gefahrenen Runde zufrieden.<\/p>\n\n\n\n<figure class=\"wp-block-image size-large\"><img loading=\"lazy\" decoding=\"async\" width=\"1024\" height=\"768\" src=\"http:\/\/mobilaner.de\/blog\/wp-content\/uploads\/2021\/01\/IMG_8361-1024x768.jpg\" alt=\"\" class=\"wp-image-879\" srcset=\"http:\/\/mobilaner.de\/blog\/wp-content\/uploads\/2021\/01\/IMG_8361-scaled.jpg 1024w, http:\/\/mobilaner.de\/blog\/wp-content\/uploads\/2021\/01\/IMG_8361-300x225.jpg 300w, http:\/\/mobilaner.de\/blog\/wp-content\/uploads\/2021\/01\/IMG_8361-768x576.jpg 768w, http:\/\/mobilaner.de\/blog\/wp-content\/uploads\/2021\/01\/IMG_8361-1536x1152.jpg 1536w, http:\/\/mobilaner.de\/blog\/wp-content\/uploads\/2021\/01\/IMG_8361-2048x1536.jpg 2048w, http:\/\/mobilaner.de\/blog\/wp-content\/uploads\/2021\/01\/IMG_8361-80x60.jpg 80w\" sizes=\"auto, (max-width: 1024px) 100vw, 1024px\" \/><\/figure>\n\n\n\n<p>N\u00e4chster Plan: Einen Werkzeugladen auftreiben um eine 46er Nuss zu erstehen, die ich f\u00fcr mein Lenkspiel brauche. Wir fragen an kleinen L\u00e4den an der Stra\u00dfe, aber keiner kann uns da weiterhelfen. Aber jeder hat eine Idee, wo es sowas geben k\u00f6nnte und schickt uns dahin. Manchmal 100 Meter die Stra\u00dfe runter, manchmal auch ans andere Ende der Stadt. So kommen wir in die N\u00e4he eines gro\u00dfen Supermarktes, wo wir dann unseren Proviant mit Luxusg\u00fctern auff\u00fcllen k\u00f6nnen. Eine Nuss finden wir auch hier in der Gegend nicht. Da wir ganz gut gestresst sind und Jonas noch angeschlagen, machen wir eine l\u00e4ngere Mittagspause auf dem Parkplatz des Supermarktes.<\/p>\n\n\n\n<figure class=\"wp-block-image size-large\"><img loading=\"lazy\" decoding=\"async\" width=\"1024\" height=\"768\" src=\"http:\/\/mobilaner.de\/blog\/wp-content\/uploads\/2021\/01\/IMG_8367-1-1024x768.jpg\" alt=\"\" class=\"wp-image-880\" srcset=\"http:\/\/mobilaner.de\/blog\/wp-content\/uploads\/2021\/01\/IMG_8367-1-scaled.jpg 1024w, http:\/\/mobilaner.de\/blog\/wp-content\/uploads\/2021\/01\/IMG_8367-1-300x225.jpg 300w, http:\/\/mobilaner.de\/blog\/wp-content\/uploads\/2021\/01\/IMG_8367-1-768x576.jpg 768w, http:\/\/mobilaner.de\/blog\/wp-content\/uploads\/2021\/01\/IMG_8367-1-1536x1152.jpg 1536w, http:\/\/mobilaner.de\/blog\/wp-content\/uploads\/2021\/01\/IMG_8367-1-2048x1536.jpg 2048w, http:\/\/mobilaner.de\/blog\/wp-content\/uploads\/2021\/01\/IMG_8367-1-80x60.jpg 80w\" sizes=\"auto, (max-width: 1024px) 100vw, 1024px\" \/><\/figure>\n\n\n\n<p>Am Nachmittag geht es weiter. Besonders hier um Agadir rum ist die K\u00fcste schon sehr voll. Menschen, Verkehr, alles eher anstrengend. Wundersch\u00f6n ist sie auch, die K\u00fcste, da gibt\u2019s nix zu meckern. Einzigartige Landschaft, aber eben reichlich voll. Hinter Agadir wird es dann wieder etwas ruhiger. Irgendwann h\u00e4lt Jonas an, anscheinend um jemanden einzusammeln. Ich kriege es nur halb aus dem Augenwinkel mit, das sah mir doch sehr nach B\u00f6rnie aus, unserem Fahrradfahrer aus Tafraoute!<\/p>\n\n\n\n<p>Eine Weile sp\u00e4ter mal wieder Polizeikontrolle. Jonas wird rausgewunken, ich halte etwas davor auch an und warte mal ab. Kurzfassung: Jonas darf zahlen, da nicht angeschnallt, ich kann mich rausreden, da die Oma Duck ja gar keine Gurte hat. Angeblich habe ich da wohl noch Gl\u00fcck gehabt, denn hier ist es anscheinend Pflicht, Gurte zu haben und sie zu benutzen. Wieder was gelernt. Nervt trotzdem. Da es bei Jonas etwas l\u00e4nger dauert, komme ich noch dazu, den B\u00f6rnie zu begr\u00fc\u00dfen, der nur mal eben in die n\u00e4chste Stadt trampen wollte.<\/p>\n\n\n\n<figure class=\"wp-block-image size-large\"><img loading=\"lazy\" decoding=\"async\" width=\"1024\" height=\"768\" src=\"http:\/\/mobilaner.de\/blog\/wp-content\/uploads\/2021\/01\/IMG_8372-1-1024x768.jpg\" alt=\"\" class=\"wp-image-881\" srcset=\"http:\/\/mobilaner.de\/blog\/wp-content\/uploads\/2021\/01\/IMG_8372-1-scaled.jpg 1024w, http:\/\/mobilaner.de\/blog\/wp-content\/uploads\/2021\/01\/IMG_8372-1-300x225.jpg 300w, http:\/\/mobilaner.de\/blog\/wp-content\/uploads\/2021\/01\/IMG_8372-1-768x576.jpg 768w, http:\/\/mobilaner.de\/blog\/wp-content\/uploads\/2021\/01\/IMG_8372-1-1536x1152.jpg 1536w, http:\/\/mobilaner.de\/blog\/wp-content\/uploads\/2021\/01\/IMG_8372-1-2048x1536.jpg 2048w, http:\/\/mobilaner.de\/blog\/wp-content\/uploads\/2021\/01\/IMG_8372-1-80x60.jpg 80w\" sizes=\"auto, (max-width: 1024px) 100vw, 1024px\" \/><\/figure>\n\n\n\n<p>Als wir in die N\u00e4he von Essaouira kommen, wird es auch schon langsam dunkel. Der Vorort Sidi Kaouki soll sch\u00f6n sein, so steuern wir diesen an. Wenige Kilometer vor dem Ort suchen wir uns im Restlicht einen sch\u00f6nen Stellplatz in den D\u00fcnen. Eben, nicht weit zum Strand, nichts weiter in Sichtweite, hier wollen wir bleiben. Der Abend wird kurz, ich mache schnell was zu futtern, dann war es das.<\/p>\n\n\n\n<p>Am n\u00e4chsten Morgen werde ich um viertel vor sieben von Hundegebell geweckt und schiebe mal die Gardine zur Seite. Da zieht grade eine ganze Herde Dromedare an meinem Bus vorbei in Richtung Strand. Auch ein sch\u00f6nes Bild am Morgen. Als ich dann, etwas deutlich sp\u00e4ter, aufstehe, steht oberhalb von uns ein weiterer D\u00fcdo. Ich treffe den Adrian, der mit seiner Frau und 2 kleinen Kindern seit ein paar Tagen hier in der Gegend ist.<\/p>\n\n\n\n<figure class=\"wp-block-image size-large\"><img loading=\"lazy\" decoding=\"async\" width=\"1024\" height=\"768\" src=\"http:\/\/mobilaner.de\/blog\/wp-content\/uploads\/2021\/01\/IMG_8402-1024x768.jpg\" alt=\"\" class=\"wp-image-882\" srcset=\"http:\/\/mobilaner.de\/blog\/wp-content\/uploads\/2021\/01\/IMG_8402-scaled.jpg 1024w, http:\/\/mobilaner.de\/blog\/wp-content\/uploads\/2021\/01\/IMG_8402-300x225.jpg 300w, http:\/\/mobilaner.de\/blog\/wp-content\/uploads\/2021\/01\/IMG_8402-768x576.jpg 768w, http:\/\/mobilaner.de\/blog\/wp-content\/uploads\/2021\/01\/IMG_8402-1536x1152.jpg 1536w, http:\/\/mobilaner.de\/blog\/wp-content\/uploads\/2021\/01\/IMG_8402-2048x1536.jpg 2048w, http:\/\/mobilaner.de\/blog\/wp-content\/uploads\/2021\/01\/IMG_8402-80x60.jpg 80w\" sizes=\"auto, (max-width: 1024px) 100vw, 1024px\" \/><\/figure>\n\n\n\n<p>Der Tag vergeht gem\u00fctlich mit spazierengehen, lesen, faul sein. Am sp\u00e4teren Nachmittag fahre ich nochmal mit Jonas in der Oma Duck zum Einkaufen. Da wir irgendwie zu blind sind und nichts finden, fahren wir ganz bis Essaouira. Gut, einmal Stadtluft schnuppern und wieder zur\u00fcck. Jonas ist noch immer nicht fit und verzieht sich danach schnell wieder ins Bett. Ich bereite ganz gem\u00fctlich das Essen vor, als es pl\u00f6tzlich am Bus klopft. Zwei M\u00e4nner in Uniform. Polizei. Sie reden relativ viel auf franz\u00f6sisch. Ich verstehe irgendwie, dass wir hier nicht stehen d\u00fcrfen und auf den Campingplatz sollen. Mist! Wir sind beide so gar nicht begeistert von der Idee, dieses sch\u00f6ne Pl\u00e4tzchen jetzt im Dunkeln noch gegen einen kostenpflichtigen Platz voller anderer Wohnmobile zu tauschen. Einfach stehenbleiben? Traue ich mich noch nicht wirklich, ich kann die marokkanischen Polizisten schwer einsch\u00e4tzen. Aber teuer w\u00fcrde es wahrscheinlich werden. Auch bl\u00f6d. Also doch Aufbruch auf den Stellplatz. Immerhin gibt es hier einen f\u00fcr 30dh die Nacht, knapp 3 Euro. Aber sch\u00f6ner w\u00e4re unser Strandplatz ganz sicher.<\/p>\n\n\n\n<p>Der Stellplatz ist recht gro\u00df und auch wenn einige Mobile hier sind, wir m\u00fcssen uns nicht quetschen, immerhin. Au\u00dferdem stellen wir am n\u00e4chsten Morgen fest, dass auch das Schweizer P\u00e4rchen mit ihrem Saurer Bus hier steht, die beiden haben wir ganz am Anfang der Tour auf dem Campingplatz in Chefchaouen kennengelernt. Irgendwie trifft man sich hier dann doch immer wieder.<\/p>\n\n\n\n<figure class=\"wp-block-image size-large\"><img loading=\"lazy\" decoding=\"async\" width=\"1024\" height=\"766\" src=\"http:\/\/mobilaner.de\/blog\/wp-content\/uploads\/2021\/01\/IMG_8418-1024x766.jpg\" alt=\"\" class=\"wp-image-883\" srcset=\"http:\/\/mobilaner.de\/blog\/wp-content\/uploads\/2021\/01\/IMG_8418.jpg 1024w, http:\/\/mobilaner.de\/blog\/wp-content\/uploads\/2021\/01\/IMG_8418-300x224.jpg 300w, http:\/\/mobilaner.de\/blog\/wp-content\/uploads\/2021\/01\/IMG_8418-768x575.jpg 768w, http:\/\/mobilaner.de\/blog\/wp-content\/uploads\/2021\/01\/IMG_8418-1536x1149.jpg 1536w, http:\/\/mobilaner.de\/blog\/wp-content\/uploads\/2021\/01\/IMG_8418-2048x1532.jpg 2048w, http:\/\/mobilaner.de\/blog\/wp-content\/uploads\/2021\/01\/IMG_8418-80x60.jpg 80w\" sizes=\"auto, (max-width: 1024px) 100vw, 1024px\" \/><\/figure>\n\n\n\n<p>Ich mache einen ausgiebigen Strandspaziergang und ansonsten erstmal nicht viel. Schwimmen gehen w\u00e4re zwar sch\u00f6n, aber ich gebe zu, ich traue mich alleine noch nicht wirklich rein, der Atlantik ist doch respekteinfl\u00f6\u00dfend. Die Wellen sind nicht ohne und ich m\u00fcsste wohl eine ganze Strecke rein, um vern\u00fcnftig schwimmen zu k\u00f6nnen. Au\u00dferdem ist hier momentan kein anderer im Wasser. Ich warte damit lieber auch noch etwas. Jonas ist nach wie vor nicht fit und bleibt die meiste Zeit in seinem Bus. Am Nachmittag steht dann pl\u00f6tzlich mal wieder der B\u00f6rnie mit seinem Fahrrad bei uns an den Bussen. Seine Tour neigt sich dem Ende zu, bis Essaouira will er noch fahren und dann am Montag von Marrakesh mit dem Flieger zur\u00fcck nach Deutschland. Aber erstmal ist er hier und verbringt den Rest des Tages mit uns. Ich gehe einen kleinen Spaziergang mit ihm ins Dorf, wo wir eine kleine illegale Bierbar auftun. Ein marokkanischer Rastaman betreibt ein kleines Restaurant, in dem wir tats\u00e4chlich Bier bekommen. Dieses wird in einem Sack ins Restaurant geholt und dann bekommen wir jeder eine Dose hingestellt. Diese ist aber in einen Tonkrug umzuf\u00fcllen, da es so nicht so auff\u00e4llt. Bierverkauf ohne Lizenz ist hier sicherlich kein Kavaliersdelikt, nehme ich an. So k\u00f6nnen wir dann auch damit leben, dass die Dose knapp 3 Euro kostet.<\/p>\n\n\n\n<figure class=\"wp-block-image size-large\"><img loading=\"lazy\" decoding=\"async\" width=\"1024\" height=\"768\" src=\"http:\/\/mobilaner.de\/blog\/wp-content\/uploads\/2021\/01\/IMG_8420-1024x768.jpg\" alt=\"\" class=\"wp-image-884\" srcset=\"http:\/\/mobilaner.de\/blog\/wp-content\/uploads\/2021\/01\/IMG_8420-scaled.jpg 1024w, http:\/\/mobilaner.de\/blog\/wp-content\/uploads\/2021\/01\/IMG_8420-300x225.jpg 300w, http:\/\/mobilaner.de\/blog\/wp-content\/uploads\/2021\/01\/IMG_8420-768x576.jpg 768w, http:\/\/mobilaner.de\/blog\/wp-content\/uploads\/2021\/01\/IMG_8420-1536x1152.jpg 1536w, http:\/\/mobilaner.de\/blog\/wp-content\/uploads\/2021\/01\/IMG_8420-2048x1536.jpg 2048w, http:\/\/mobilaner.de\/blog\/wp-content\/uploads\/2021\/01\/IMG_8420-80x60.jpg 80w\" sizes=\"auto, (max-width: 1024px) 100vw, 1024px\" \/><\/figure>\n\n\n\n<p>Am n\u00e4chsten Morgen verabschiedet sich B\u00f6rnie f\u00fcr seine letzte Etappe. Wir machen uns einen gem\u00fctlichen Tag mit kleinen Basteleien, kurz in den Atlantik springen (kalt aber angenehm) und sonst eher faul rumh\u00e4ngen. Am n\u00e4chsten Tag wollen wir doch nochmal ca. 80 km s\u00fcdlich nach Imsouane fahren, dort soll es sehenswert sein. Die Windvorhersage f\u00fcr Sidi Kaouki hat sich ja nicht so best\u00e4tigt, so hofft Jonas, jetzt in Imsouane nochmal in den Wellen surfen zu k\u00f6nnen. Ich komme mal mit und guck mir das an&#8230;.<\/p>\n\n\n\n<figure class=\"wp-block-gallery columns-3 is-cropped wp-block-gallery-1 is-layout-flex wp-block-gallery-is-layout-flex\"><ul class=\"blocks-gallery-grid\"><li class=\"blocks-gallery-item\"><figure><a href=\"http:\/\/mobilaner.de\/blog\/wp-content\/uploads\/2021\/01\/IMG_8411-scaled.jpg\"><img loading=\"lazy\" decoding=\"async\" width=\"1024\" height=\"768\" src=\"http:\/\/mobilaner.de\/blog\/wp-content\/uploads\/2021\/01\/IMG_8411-1024x768.jpg\" alt=\"\" data-id=\"885\" data-full-url=\"http:\/\/mobilaner.de\/blog\/wp-content\/uploads\/2021\/01\/IMG_8411-scaled.jpg\" data-link=\"http:\/\/mobilaner.de\/blog\/?attachment_id=885\" class=\"wp-image-885\" srcset=\"http:\/\/mobilaner.de\/blog\/wp-content\/uploads\/2021\/01\/IMG_8411-scaled.jpg 1024w, http:\/\/mobilaner.de\/blog\/wp-content\/uploads\/2021\/01\/IMG_8411-300x225.jpg 300w, http:\/\/mobilaner.de\/blog\/wp-content\/uploads\/2021\/01\/IMG_8411-768x576.jpg 768w, http:\/\/mobilaner.de\/blog\/wp-content\/uploads\/2021\/01\/IMG_8411-1536x1152.jpg 1536w, http:\/\/mobilaner.de\/blog\/wp-content\/uploads\/2021\/01\/IMG_8411-2048x1536.jpg 2048w, http:\/\/mobilaner.de\/blog\/wp-content\/uploads\/2021\/01\/IMG_8411-80x60.jpg 80w\" sizes=\"auto, (max-width: 1024px) 100vw, 1024px\" \/><\/a><\/figure><\/li><li class=\"blocks-gallery-item\"><figure><a href=\"http:\/\/mobilaner.de\/blog\/wp-content\/uploads\/2021\/01\/IMG_8376.jpg\"><img loading=\"lazy\" decoding=\"async\" width=\"1024\" height=\"711\" src=\"http:\/\/mobilaner.de\/blog\/wp-content\/uploads\/2021\/01\/IMG_8376-1024x711.jpg\" alt=\"\" data-id=\"886\" data-full-url=\"http:\/\/mobilaner.de\/blog\/wp-content\/uploads\/2021\/01\/IMG_8376.jpg\" data-link=\"http:\/\/mobilaner.de\/blog\/?attachment_id=886\" class=\"wp-image-886\" srcset=\"http:\/\/mobilaner.de\/blog\/wp-content\/uploads\/2021\/01\/IMG_8376.jpg 1024w, http:\/\/mobilaner.de\/blog\/wp-content\/uploads\/2021\/01\/IMG_8376-300x208.jpg 300w, http:\/\/mobilaner.de\/blog\/wp-content\/uploads\/2021\/01\/IMG_8376-768x534.jpg 768w, http:\/\/mobilaner.de\/blog\/wp-content\/uploads\/2021\/01\/IMG_8376-1536x1067.jpg 1536w, http:\/\/mobilaner.de\/blog\/wp-content\/uploads\/2021\/01\/IMG_8376-2048x1423.jpg 2048w, http:\/\/mobilaner.de\/blog\/wp-content\/uploads\/2021\/01\/IMG_8376-86x60.jpg 86w\" sizes=\"auto, (max-width: 1024px) 100vw, 1024px\" \/><\/a><\/figure><\/li><li class=\"blocks-gallery-item\"><figure><a href=\"http:\/\/mobilaner.de\/blog\/wp-content\/uploads\/2021\/01\/IMG_8397-scaled.jpg\"><img loading=\"lazy\" decoding=\"async\" width=\"1024\" height=\"768\" src=\"http:\/\/mobilaner.de\/blog\/wp-content\/uploads\/2021\/01\/IMG_8397-1024x768.jpg\" alt=\"\" data-id=\"887\" data-full-url=\"http:\/\/mobilaner.de\/blog\/wp-content\/uploads\/2021\/01\/IMG_8397-scaled.jpg\" data-link=\"http:\/\/mobilaner.de\/blog\/?attachment_id=887\" class=\"wp-image-887\" srcset=\"http:\/\/mobilaner.de\/blog\/wp-content\/uploads\/2021\/01\/IMG_8397-scaled.jpg 1024w, http:\/\/mobilaner.de\/blog\/wp-content\/uploads\/2021\/01\/IMG_8397-300x225.jpg 300w, http:\/\/mobilaner.de\/blog\/wp-content\/uploads\/2021\/01\/IMG_8397-768x576.jpg 768w, http:\/\/mobilaner.de\/blog\/wp-content\/uploads\/2021\/01\/IMG_8397-1536x1152.jpg 1536w, http:\/\/mobilaner.de\/blog\/wp-content\/uploads\/2021\/01\/IMG_8397-2048x1536.jpg 2048w, http:\/\/mobilaner.de\/blog\/wp-content\/uploads\/2021\/01\/IMG_8397-80x60.jpg 80w\" sizes=\"auto, (max-width: 1024px) 100vw, 1024px\" \/><\/a><\/figure><\/li><li class=\"blocks-gallery-item\"><figure><a href=\"http:\/\/mobilaner.de\/blog\/wp-content\/uploads\/2021\/01\/IMG_8414-scaled.jpg\"><img loading=\"lazy\" decoding=\"async\" width=\"1024\" height=\"768\" src=\"http:\/\/mobilaner.de\/blog\/wp-content\/uploads\/2021\/01\/IMG_8414-1024x768.jpg\" alt=\"\" data-id=\"888\" data-full-url=\"http:\/\/mobilaner.de\/blog\/wp-content\/uploads\/2021\/01\/IMG_8414-scaled.jpg\" data-link=\"http:\/\/mobilaner.de\/blog\/?attachment_id=888\" class=\"wp-image-888\" srcset=\"http:\/\/mobilaner.de\/blog\/wp-content\/uploads\/2021\/01\/IMG_8414-scaled.jpg 1024w, http:\/\/mobilaner.de\/blog\/wp-content\/uploads\/2021\/01\/IMG_8414-300x225.jpg 300w, http:\/\/mobilaner.de\/blog\/wp-content\/uploads\/2021\/01\/IMG_8414-768x576.jpg 768w, http:\/\/mobilaner.de\/blog\/wp-content\/uploads\/2021\/01\/IMG_8414-1536x1152.jpg 1536w, http:\/\/mobilaner.de\/blog\/wp-content\/uploads\/2021\/01\/IMG_8414-2048x1536.jpg 2048w, http:\/\/mobilaner.de\/blog\/wp-content\/uploads\/2021\/01\/IMG_8414-80x60.jpg 80w\" sizes=\"auto, (max-width: 1024px) 100vw, 1024px\" \/><\/a><\/figure><\/li><li class=\"blocks-gallery-item\"><figure><a href=\"http:\/\/mobilaner.de\/blog\/wp-content\/uploads\/2021\/01\/IMG_8416-1-scaled.jpg\"><img loading=\"lazy\" decoding=\"async\" width=\"1024\" height=\"768\" src=\"http:\/\/mobilaner.de\/blog\/wp-content\/uploads\/2021\/01\/IMG_8416-1-1024x768.jpg\" alt=\"\" data-id=\"889\" data-full-url=\"http:\/\/mobilaner.de\/blog\/wp-content\/uploads\/2021\/01\/IMG_8416-1-scaled.jpg\" data-link=\"http:\/\/mobilaner.de\/blog\/?attachment_id=889\" class=\"wp-image-889\" srcset=\"http:\/\/mobilaner.de\/blog\/wp-content\/uploads\/2021\/01\/IMG_8416-1-scaled.jpg 1024w, http:\/\/mobilaner.de\/blog\/wp-content\/uploads\/2021\/01\/IMG_8416-1-300x225.jpg 300w, http:\/\/mobilaner.de\/blog\/wp-content\/uploads\/2021\/01\/IMG_8416-1-768x576.jpg 768w, http:\/\/mobilaner.de\/blog\/wp-content\/uploads\/2021\/01\/IMG_8416-1-1536x1152.jpg 1536w, http:\/\/mobilaner.de\/blog\/wp-content\/uploads\/2021\/01\/IMG_8416-1-2048x1536.jpg 2048w, http:\/\/mobilaner.de\/blog\/wp-content\/uploads\/2021\/01\/IMG_8416-1-80x60.jpg 80w\" sizes=\"auto, (max-width: 1024px) 100vw, 1024px\" \/><\/a><\/figure><\/li><li class=\"blocks-gallery-item\"><figure><a href=\"http:\/\/mobilaner.de\/blog\/wp-content\/uploads\/2021\/01\/IMG_8362-scaled.jpg\"><img loading=\"lazy\" decoding=\"async\" width=\"1024\" height=\"768\" src=\"http:\/\/mobilaner.de\/blog\/wp-content\/uploads\/2021\/01\/IMG_8362-1024x768.jpg\" alt=\"\" data-id=\"890\" data-full-url=\"http:\/\/mobilaner.de\/blog\/wp-content\/uploads\/2021\/01\/IMG_8362-scaled.jpg\" data-link=\"http:\/\/mobilaner.de\/blog\/?attachment_id=890\" class=\"wp-image-890\" srcset=\"http:\/\/mobilaner.de\/blog\/wp-content\/uploads\/2021\/01\/IMG_8362-scaled.jpg 1024w, http:\/\/mobilaner.de\/blog\/wp-content\/uploads\/2021\/01\/IMG_8362-300x225.jpg 300w, http:\/\/mobilaner.de\/blog\/wp-content\/uploads\/2021\/01\/IMG_8362-768x576.jpg 768w, http:\/\/mobilaner.de\/blog\/wp-content\/uploads\/2021\/01\/IMG_8362-1536x1152.jpg 1536w, http:\/\/mobilaner.de\/blog\/wp-content\/uploads\/2021\/01\/IMG_8362-2048x1536.jpg 2048w, http:\/\/mobilaner.de\/blog\/wp-content\/uploads\/2021\/01\/IMG_8362-80x60.jpg 80w\" sizes=\"auto, (max-width: 1024px) 100vw, 1024px\" \/><\/a><\/figure><\/li><li class=\"blocks-gallery-item\"><figure><a href=\"http:\/\/mobilaner.de\/blog\/wp-content\/uploads\/2021\/01\/IMG_8358-2-scaled.jpg\"><img loading=\"lazy\" decoding=\"async\" width=\"1024\" height=\"768\" src=\"http:\/\/mobilaner.de\/blog\/wp-content\/uploads\/2021\/01\/IMG_8358-2-1024x768.jpg\" alt=\"\" data-id=\"896\" data-full-url=\"http:\/\/mobilaner.de\/blog\/wp-content\/uploads\/2021\/01\/IMG_8358-2-scaled.jpg\" data-link=\"http:\/\/mobilaner.de\/blog\/?attachment_id=896\" class=\"wp-image-896\" srcset=\"http:\/\/mobilaner.de\/blog\/wp-content\/uploads\/2021\/01\/IMG_8358-2-scaled.jpg 1024w, http:\/\/mobilaner.de\/blog\/wp-content\/uploads\/2021\/01\/IMG_8358-2-300x225.jpg 300w, http:\/\/mobilaner.de\/blog\/wp-content\/uploads\/2021\/01\/IMG_8358-2-768x576.jpg 768w, http:\/\/mobilaner.de\/blog\/wp-content\/uploads\/2021\/01\/IMG_8358-2-1536x1152.jpg 1536w, http:\/\/mobilaner.de\/blog\/wp-content\/uploads\/2021\/01\/IMG_8358-2-2048x1536.jpg 2048w, http:\/\/mobilaner.de\/blog\/wp-content\/uploads\/2021\/01\/IMG_8358-2-80x60.jpg 80w\" sizes=\"auto, (max-width: 1024px) 100vw, 1024px\" \/><\/a><\/figure><\/li><li class=\"blocks-gallery-item\"><figure><a href=\"http:\/\/mobilaner.de\/blog\/wp-content\/uploads\/2021\/01\/IMG_8368-2-scaled.jpg\"><img loading=\"lazy\" decoding=\"async\" width=\"1024\" height=\"768\" src=\"http:\/\/mobilaner.de\/blog\/wp-content\/uploads\/2021\/01\/IMG_8368-2-1024x768.jpg\" alt=\"\" data-id=\"897\" data-full-url=\"http:\/\/mobilaner.de\/blog\/wp-content\/uploads\/2021\/01\/IMG_8368-2-scaled.jpg\" data-link=\"http:\/\/mobilaner.de\/blog\/?attachment_id=897\" class=\"wp-image-897\" srcset=\"http:\/\/mobilaner.de\/blog\/wp-content\/uploads\/2021\/01\/IMG_8368-2-scaled.jpg 1024w, http:\/\/mobilaner.de\/blog\/wp-content\/uploads\/2021\/01\/IMG_8368-2-300x225.jpg 300w, http:\/\/mobilaner.de\/blog\/wp-content\/uploads\/2021\/01\/IMG_8368-2-768x576.jpg 768w, http:\/\/mobilaner.de\/blog\/wp-content\/uploads\/2021\/01\/IMG_8368-2-1536x1152.jpg 1536w, http:\/\/mobilaner.de\/blog\/wp-content\/uploads\/2021\/01\/IMG_8368-2-2048x1536.jpg 2048w, http:\/\/mobilaner.de\/blog\/wp-content\/uploads\/2021\/01\/IMG_8368-2-80x60.jpg 80w\" sizes=\"auto, (max-width: 1024px) 100vw, 1024px\" \/><\/a><\/figure><\/li><li class=\"blocks-gallery-item\"><figure><a href=\"http:\/\/mobilaner.de\/blog\/wp-content\/uploads\/2021\/01\/IMG_8356-1-scaled.jpg\"><img loading=\"lazy\" decoding=\"async\" width=\"1024\" height=\"768\" src=\"http:\/\/mobilaner.de\/blog\/wp-content\/uploads\/2021\/01\/IMG_8356-1-1024x768.jpg\" alt=\"\" data-id=\"898\" data-full-url=\"http:\/\/mobilaner.de\/blog\/wp-content\/uploads\/2021\/01\/IMG_8356-1-scaled.jpg\" data-link=\"http:\/\/mobilaner.de\/blog\/?attachment_id=898\" class=\"wp-image-898\" srcset=\"http:\/\/mobilaner.de\/blog\/wp-content\/uploads\/2021\/01\/IMG_8356-1-scaled.jpg 1024w, http:\/\/mobilaner.de\/blog\/wp-content\/uploads\/2021\/01\/IMG_8356-1-300x225.jpg 300w, http:\/\/mobilaner.de\/blog\/wp-content\/uploads\/2021\/01\/IMG_8356-1-768x576.jpg 768w, http:\/\/mobilaner.de\/blog\/wp-content\/uploads\/2021\/01\/IMG_8356-1-1536x1152.jpg 1536w, http:\/\/mobilaner.de\/blog\/wp-content\/uploads\/2021\/01\/IMG_8356-1-2048x1536.jpg 2048w, http:\/\/mobilaner.de\/blog\/wp-content\/uploads\/2021\/01\/IMG_8356-1-80x60.jpg 80w\" sizes=\"auto, (max-width: 1024px) 100vw, 1024px\" \/><\/a><\/figure><\/li><li class=\"blocks-gallery-item\"><figure><a href=\"http:\/\/mobilaner.de\/blog\/wp-content\/uploads\/2021\/01\/IMG_8375-scaled.jpg\"><img loading=\"lazy\" decoding=\"async\" width=\"1024\" height=\"768\" src=\"http:\/\/mobilaner.de\/blog\/wp-content\/uploads\/2021\/01\/IMG_8375-1024x768.jpg\" alt=\"\" data-id=\"899\" data-full-url=\"http:\/\/mobilaner.de\/blog\/wp-content\/uploads\/2021\/01\/IMG_8375-scaled.jpg\" data-link=\"http:\/\/mobilaner.de\/blog\/?attachment_id=899\" class=\"wp-image-899\" srcset=\"http:\/\/mobilaner.de\/blog\/wp-content\/uploads\/2021\/01\/IMG_8375-scaled.jpg 1024w, http:\/\/mobilaner.de\/blog\/wp-content\/uploads\/2021\/01\/IMG_8375-300x225.jpg 300w, http:\/\/mobilaner.de\/blog\/wp-content\/uploads\/2021\/01\/IMG_8375-768x576.jpg 768w, http:\/\/mobilaner.de\/blog\/wp-content\/uploads\/2021\/01\/IMG_8375-1536x1152.jpg 1536w, http:\/\/mobilaner.de\/blog\/wp-content\/uploads\/2021\/01\/IMG_8375-2048x1536.jpg 2048w, http:\/\/mobilaner.de\/blog\/wp-content\/uploads\/2021\/01\/IMG_8375-80x60.jpg 80w\" sizes=\"auto, (max-width: 1024px) 100vw, 1024px\" \/><\/a><\/figure><\/li><li class=\"blocks-gallery-item\"><figure><a href=\"http:\/\/mobilaner.de\/blog\/wp-content\/uploads\/2021\/01\/image.jpg\"><img loading=\"lazy\" decoding=\"async\" width=\"554\" height=\"400\" src=\"http:\/\/mobilaner.de\/blog\/wp-content\/uploads\/2021\/01\/image.jpg\" alt=\"\" data-id=\"904\" data-full-url=\"http:\/\/mobilaner.de\/blog\/wp-content\/uploads\/2021\/01\/image.jpg\" data-link=\"http:\/\/mobilaner.de\/blog\/?attachment_id=904\" class=\"wp-image-904\" srcset=\"http:\/\/mobilaner.de\/blog\/wp-content\/uploads\/2021\/01\/image.jpg 554w, http:\/\/mobilaner.de\/blog\/wp-content\/uploads\/2021\/01\/image-300x217.jpg 300w, http:\/\/mobilaner.de\/blog\/wp-content\/uploads\/2021\/01\/image-83x60.jpg 83w\" sizes=\"auto, (max-width: 554px) 100vw, 554px\" \/><\/a><\/figure><\/li><li class=\"blocks-gallery-item\"><figure><a href=\"http:\/\/mobilaner.de\/blog\/wp-content\/uploads\/2021\/01\/IMG_8393.jpg\"><img loading=\"lazy\" decoding=\"async\" width=\"1024\" height=\"720\" src=\"http:\/\/mobilaner.de\/blog\/wp-content\/uploads\/2021\/01\/IMG_8393-1024x720.jpg\" alt=\"\" data-id=\"900\" data-full-url=\"http:\/\/mobilaner.de\/blog\/wp-content\/uploads\/2021\/01\/IMG_8393.jpg\" data-link=\"http:\/\/mobilaner.de\/blog\/?attachment_id=900\" class=\"wp-image-900\" srcset=\"http:\/\/mobilaner.de\/blog\/wp-content\/uploads\/2021\/01\/IMG_8393.jpg 1024w, http:\/\/mobilaner.de\/blog\/wp-content\/uploads\/2021\/01\/IMG_8393-300x211.jpg 300w, http:\/\/mobilaner.de\/blog\/wp-content\/uploads\/2021\/01\/IMG_8393-768x540.jpg 768w, http:\/\/mobilaner.de\/blog\/wp-content\/uploads\/2021\/01\/IMG_8393-1536x1080.jpg 1536w, http:\/\/mobilaner.de\/blog\/wp-content\/uploads\/2021\/01\/IMG_8393-2048x1440.jpg 2048w, http:\/\/mobilaner.de\/blog\/wp-content\/uploads\/2021\/01\/IMG_8393-85x60.jpg 85w, http:\/\/mobilaner.de\/blog\/wp-content\/uploads\/2021\/01\/IMG_8393-562x395.jpg 562w\" sizes=\"auto, (max-width: 1024px) 100vw, 1024px\" \/><\/a><\/figure><\/li><li class=\"blocks-gallery-item\"><figure><a href=\"http:\/\/mobilaner.de\/blog\/wp-content\/uploads\/2021\/01\/IMG_8395-scaled.jpg\"><img loading=\"lazy\" decoding=\"async\" width=\"1024\" height=\"768\" src=\"http:\/\/mobilaner.de\/blog\/wp-content\/uploads\/2021\/01\/IMG_8395-1024x768.jpg\" alt=\"\" data-id=\"901\" data-full-url=\"http:\/\/mobilaner.de\/blog\/wp-content\/uploads\/2021\/01\/IMG_8395-scaled.jpg\" data-link=\"http:\/\/mobilaner.de\/blog\/?attachment_id=901\" class=\"wp-image-901\" srcset=\"http:\/\/mobilaner.de\/blog\/wp-content\/uploads\/2021\/01\/IMG_8395-scaled.jpg 1024w, http:\/\/mobilaner.de\/blog\/wp-content\/uploads\/2021\/01\/IMG_8395-300x225.jpg 300w, http:\/\/mobilaner.de\/blog\/wp-content\/uploads\/2021\/01\/IMG_8395-768x576.jpg 768w, http:\/\/mobilaner.de\/blog\/wp-content\/uploads\/2021\/01\/IMG_8395-1536x1152.jpg 1536w, http:\/\/mobilaner.de\/blog\/wp-content\/uploads\/2021\/01\/IMG_8395-2048x1536.jpg 2048w, http:\/\/mobilaner.de\/blog\/wp-content\/uploads\/2021\/01\/IMG_8395-80x60.jpg 80w\" sizes=\"auto, (max-width: 1024px) 100vw, 1024px\" \/><\/a><\/figure><\/li><li class=\"blocks-gallery-item\"><figure><a href=\"http:\/\/mobilaner.de\/blog\/wp-content\/uploads\/2021\/01\/IMG_8406-scaled.jpg\"><img loading=\"lazy\" decoding=\"async\" width=\"1024\" height=\"768\" src=\"http:\/\/mobilaner.de\/blog\/wp-content\/uploads\/2021\/01\/IMG_8406-1024x768.jpg\" alt=\"\" data-id=\"902\" data-full-url=\"http:\/\/mobilaner.de\/blog\/wp-content\/uploads\/2021\/01\/IMG_8406-scaled.jpg\" data-link=\"http:\/\/mobilaner.de\/blog\/?attachment_id=902\" class=\"wp-image-902\" srcset=\"http:\/\/mobilaner.de\/blog\/wp-content\/uploads\/2021\/01\/IMG_8406-scaled.jpg 1024w, http:\/\/mobilaner.de\/blog\/wp-content\/uploads\/2021\/01\/IMG_8406-300x225.jpg 300w, http:\/\/mobilaner.de\/blog\/wp-content\/uploads\/2021\/01\/IMG_8406-768x576.jpg 768w, http:\/\/mobilaner.de\/blog\/wp-content\/uploads\/2021\/01\/IMG_8406-1536x1152.jpg 1536w, http:\/\/mobilaner.de\/blog\/wp-content\/uploads\/2021\/01\/IMG_8406-2048x1536.jpg 2048w, http:\/\/mobilaner.de\/blog\/wp-content\/uploads\/2021\/01\/IMG_8406-80x60.jpg 80w\" sizes=\"auto, (max-width: 1024px) 100vw, 1024px\" \/><\/a><\/figure><\/li><li class=\"blocks-gallery-item\"><figure><a href=\"http:\/\/mobilaner.de\/blog\/wp-content\/uploads\/2021\/01\/IMG_8419-scaled.jpg\"><img loading=\"lazy\" decoding=\"async\" width=\"1024\" height=\"768\" src=\"http:\/\/mobilaner.de\/blog\/wp-content\/uploads\/2021\/01\/IMG_8419-1024x768.jpg\" alt=\"\" data-id=\"903\" data-full-url=\"http:\/\/mobilaner.de\/blog\/wp-content\/uploads\/2021\/01\/IMG_8419-scaled.jpg\" data-link=\"http:\/\/mobilaner.de\/blog\/?attachment_id=903\" class=\"wp-image-903\" srcset=\"http:\/\/mobilaner.de\/blog\/wp-content\/uploads\/2021\/01\/IMG_8419-scaled.jpg 1024w, http:\/\/mobilaner.de\/blog\/wp-content\/uploads\/2021\/01\/IMG_8419-300x225.jpg 300w, http:\/\/mobilaner.de\/blog\/wp-content\/uploads\/2021\/01\/IMG_8419-768x576.jpg 768w, http:\/\/mobilaner.de\/blog\/wp-content\/uploads\/2021\/01\/IMG_8419-1536x1152.jpg 1536w, http:\/\/mobilaner.de\/blog\/wp-content\/uploads\/2021\/01\/IMG_8419-2048x1536.jpg 2048w, http:\/\/mobilaner.de\/blog\/wp-content\/uploads\/2021\/01\/IMG_8419-80x60.jpg 80w\" sizes=\"auto, (max-width: 1024px) 100vw, 1024px\" \/><\/a><\/figure><\/li><\/ul><\/figure>\n","protected":false},"excerpt":{"rendered":"<p>Fr\u00fch aufstehen war angesagt. 8 Uhr Abfahrt war der Plan. Irgendwie haben wir das sogar geschafft, obwohl das ja so wirklich nicht meine Tageszeit ist. Aber wir haben etwa 350 km Strecke vor uns bis nach Essaouira, wo es die n\u00e4chsten Tage windig werden soll. Und Jonas will dahin, um zu surfen. Nun denn, ich &hellip; <\/p>\n","protected":false},"author":3,"featured_media":878,"comment_status":"open","ping_status":"open","sticky":false,"template":"","format":"standard","meta":{"_stopmodifiedupdate":false,"_modified_date":"","footnotes":""},"categories":[18,19],"tags":[],"class_list":["post-877","post","type-post","status-publish","format-standard","has-post-thumbnail","hentry","category-touren","category-tour-2015-2016"],"_links":{"self":[{"href":"http:\/\/mobilaner.de\/blog\/wp-json\/wp\/v2\/posts\/877","targetHints":{"allow":["GET"]}}],"collection":[{"href":"http:\/\/mobilaner.de\/blog\/wp-json\/wp\/v2\/posts"}],"about":[{"href":"http:\/\/mobilaner.de\/blog\/wp-json\/wp\/v2\/types\/post"}],"author":[{"embeddable":true,"href":"http:\/\/mobilaner.de\/blog\/wp-json\/wp\/v2\/users\/3"}],"replies":[{"embeddable":true,"href":"http:\/\/mobilaner.de\/blog\/wp-json\/wp\/v2\/comments?post=877"}],"version-history":[{"count":1,"href":"http:\/\/mobilaner.de\/blog\/wp-json\/wp\/v2\/posts\/877\/revisions"}],"predecessor-version":[{"id":905,"href":"http:\/\/mobilaner.de\/blog\/wp-json\/wp\/v2\/posts\/877\/revisions\/905"}],"wp:featuredmedia":[{"embeddable":true,"href":"http:\/\/mobilaner.de\/blog\/wp-json\/wp\/v2\/media\/878"}],"wp:attachment":[{"href":"http:\/\/mobilaner.de\/blog\/wp-json\/wp\/v2\/media?parent=877"}],"wp:term":[{"taxonomy":"category","embeddable":true,"href":"http:\/\/mobilaner.de\/blog\/wp-json\/wp\/v2\/categories?post=877"},{"taxonomy":"post_tag","embeddable":true,"href":"http:\/\/mobilaner.de\/blog\/wp-json\/wp\/v2\/tags?post=877"}],"curies":[{"name":"wp","href":"https:\/\/api.w.org\/{rel}","templated":true}]}}