{"id":1042,"date":"2016-02-07T20:45:00","date_gmt":"2016-02-07T19:45:00","guid":{"rendered":"http:\/\/mobilaner.de\/blog\/?p=1042"},"modified":"2021-01-18T21:06:04","modified_gmt":"2021-01-18T20:06:04","slug":"ab-in-die-wueste","status":"publish","type":"post","link":"https:\/\/mobilaner.de\/blog\/2016\/02\/07\/ab-in-die-wueste\/","title":{"rendered":"Ab in die W\u00fcste!"},"content":{"rendered":"\n<p>Aus der Dades Schlucht wieder raus, fahren wir nach Boumalne Dades und dann die top ausgebaute Stra\u00dfe zur\u00fcck \u00fcber Tinerhir weiter ostw\u00e4rts. Hier kommt man gut voran, wir k\u00f6nnen mit 80 Sachen mal etwas Strecke machen. Ab und an eine Polizeikontrolle, aber durch die sind wir als Touris bisher immer durchgewunken worden. Wir nehmen uns, mal wieder, vor, heute mal nicht erst kurz vor dem Dunkelwerden nach einem Platz zu suchen, sondern zur Abwechslung mal etwas fr\u00fcher. Uns verlangt allen nach einem Platz, wo wir mal etwas runterkommen k\u00f6nnen und mal ein paar Tage die Seele baumeln lassen k\u00f6nnen, ohne am n\u00e4chsten Morgen gleich wieder den Bus anzuschmei\u00dfen. Vielleicht finden wir den geeigneten Ort dazu ja heute?<\/p>\n\n\n\n<figure class=\"wp-block-image size-large\"><img loading=\"lazy\" decoding=\"async\" width=\"1024\" height=\"768\" src=\"http:\/\/mobilaner.de\/blog\/wp-content\/uploads\/2021\/01\/IMG_7861-1024x768.jpg\" alt=\"\" class=\"wp-image-1043\" srcset=\"https:\/\/mobilaner.de\/blog\/wp-content\/uploads\/2021\/01\/IMG_7861-scaled.jpg 1024w, https:\/\/mobilaner.de\/blog\/wp-content\/uploads\/2021\/01\/IMG_7861-300x225.jpg 300w, https:\/\/mobilaner.de\/blog\/wp-content\/uploads\/2021\/01\/IMG_7861-768x576.jpg 768w, https:\/\/mobilaner.de\/blog\/wp-content\/uploads\/2021\/01\/IMG_7861-1536x1152.jpg 1536w, https:\/\/mobilaner.de\/blog\/wp-content\/uploads\/2021\/01\/IMG_7861-2048x1536.jpg 2048w, https:\/\/mobilaner.de\/blog\/wp-content\/uploads\/2021\/01\/IMG_7861-80x60.jpg 80w\" sizes=\"auto, (max-width: 1024px) 100vw, 1024px\" \/><figcaption>Weite&#8230;.<\/figcaption><\/figure>\n\n\n\n<p>Als es dann doch wieder mal Zeit wird, beschlie\u00dfen wir, einfach rechts von der Stra\u00dfe abzubiegen, auf eine kleine Baumgruppe zu, die irgendwo hinten vor den letzten kleinen H\u00fcgeln des Antiatlas steht. Ich fahre vor, versuche mich an schon vorhandenen Fahrspuren zu orientieren und gebe Gas. Der Boden ist streckenweise schon recht sandig, also nur nicht stehenbleiben und mit Schwung weiter. Oma Duck kommt gut durch, aber irgendwann h\u00e4ngt der Magirus hinter mir fest. Dann doch an fester Stelle anhalten und das erste Mal auf der Tour einen Bus aus dem Sand bergen. Hier ist ein sch\u00f6nes \u00dcbungsfeld, wollen wir doch mal sehen&#8230;.<\/p>\n\n\n\n<p>Die Magirus Besatzung hat Traktionsmatten und einen ordentlichen Spaten, ich die Sandbleche dabei. Also los, die Schaufel schwingen! Zwischendurch fahre ich die Oma Duck soweit ran, wie der Boden noch einigerma\u00dfen fest ist und versuche immer mal, den Magirus am langen Seil rauszuziehen. Dabei grabe ich mich selber nat\u00fcrlich auch immer wieder leicht ein. Nach einer gesch\u00e4tzten Stunde haben wir beide Busse auf festem Grund und \u00fcberlegen, die angepeilte Baumgruppe Baumgruppe sein zu lassen und lieber eine andere als Rastplatz f\u00fcr uns zu nehmen. Also wieder zur\u00fcck, diesmal nat\u00fcrlich die weichen Stellen umfahren. Klappt auch, so dass wir dann endlich die Motoren f\u00fcr den Tag ausmachen k\u00f6nnen.<\/p>\n\n\n\n<figure class=\"wp-block-image size-large\"><img decoding=\"async\" src=\"http:\/\/mobilaner.de\/blog\/wp-content\/uploads\/2021\/01\/IMG_7856-1-1024x768.jpg\" alt=\"\" class=\"wp-image-1045\"\/><figcaption>Rastplatz<\/figcaption><\/figure>\n\n\n\n<p>Hier ist es schon sehr karg und sandig, das riecht schon verdammt nach W\u00fcste! Endlich geschafft!<\/p>\n\n\n\n<p>Sp\u00e4ter kommt dann noch ein Auto angefahren, wir sind wohl durch den eingeschalteten Scheinwerfer am Bus von der Stra\u00dfe aus zu sehen. Die Polizei gibt sich die Ehre und will uns kontrollieren. Sie wollen f\u00fcr unsere Sicherheit sorgen und meinen, wir sollten doch lieber n\u00e4her an die Polizeiwache anfahren. Schon klar! Nachdem sie unsere kompletten Daten aufgeschrieben haben und wir ihnen versichert haben, dass wir uns hier durchaus sicher genug f\u00fchlen, fahren sie auch wieder. Sie wissen nun wer wir sind und wir wissen, dass sie da sind. Das war wohl Zweck der \u00dcbung. Die Stimmung war nett und h\u00f6flich, f\u00fcr alle F\u00e4lle haben sie uns noch die Telefonnummer ihrer Dienststelle gegeben.<\/p>\n\n\n\n<p>Am n\u00e4chsten Morgen dann der Entschluss, doch noch ein St\u00fcck zu fahren. So sch\u00f6n ist der Platz nun auch nicht, au\u00dferdem w\u00e4re halt Wasser ganz fein&#8230;.<\/p>\n\n\n\n<p>Recht fr\u00fch erreichen wir Erfoud, legen eine kurze Pause ein und fahren weiter. Ab hier ists bald Ende mit guter Teerstra\u00dfe, bald sind wir auf steiniger Piste unterwegs. Beim Langsamfahren sch\u00fcttelt es den Bus komplett, so dass ich bef\u00fcrchte, alle Schrauben nachziehen zu m\u00fcssen. Also Gas geben und mit 50-60 Sachen \u00fcber Sand und Schotter. Wenn die Piste zu holprig wird, f\u00e4hrt man einfach 10 Meter weiter links oder rechts. So liefern wir uns ein kleines Rennen und \u00fcberholen uns gegenseitig und freuen uns wie kleine Kinder!<\/p>\n\n\n\n<figure class=\"wp-block-image size-large\"><img loading=\"lazy\" decoding=\"async\" width=\"1024\" height=\"768\" src=\"http:\/\/mobilaner.de\/blog\/wp-content\/uploads\/2021\/01\/IMG_7869-1024x768.jpg\" alt=\"\" class=\"wp-image-1046\" srcset=\"https:\/\/mobilaner.de\/blog\/wp-content\/uploads\/2021\/01\/IMG_7869-scaled.jpg 1024w, https:\/\/mobilaner.de\/blog\/wp-content\/uploads\/2021\/01\/IMG_7869-300x225.jpg 300w, https:\/\/mobilaner.de\/blog\/wp-content\/uploads\/2021\/01\/IMG_7869-768x576.jpg 768w, https:\/\/mobilaner.de\/blog\/wp-content\/uploads\/2021\/01\/IMG_7869-1536x1152.jpg 1536w, https:\/\/mobilaner.de\/blog\/wp-content\/uploads\/2021\/01\/IMG_7869-2048x1536.jpg 2048w, https:\/\/mobilaner.de\/blog\/wp-content\/uploads\/2021\/01\/IMG_7869-80x60.jpg 80w\" sizes=\"auto, (max-width: 1024px) 100vw, 1024px\" \/><figcaption>Sand in Sicht!!<\/figcaption><\/figure>\n\n\n\n<p>Die D\u00fcnen des Erg Chebbi sind greifbar nahe und ab und an sieht man schon eine kleine Herde Dromedare durch die Landschaft ziehen. Die Sahara war f\u00fcr mich immer unerreichbar weit weg, nun, nach nichtmal 6000 Kilometern im Zickzack s\u00fcdw\u00e4rts, liegt sie vor mir! Sicher, nur ein winziges St\u00fcck davon und ein reines Touristengebiet, aber egal!<\/p>\n\n\n\n<p>Hier wollen wir uns eine Unterkunft nehmen und ein paar Tage bleiben! Unterk\u00fcnfte f\u00fcr Touristen gibt es hier mehr als ausreichend. An den ersten fahren wir vorbei, da sie mit einem Schwimmbad werben. Das muss doch nun in der W\u00fcste wirklich nicht sein! Aber anscheinend haben sie das alle, also egal, man muss es ja nicht nutzen. Herberge ausgeguckt, Preisverhandlungen abgeschlossen und die Busse in den Hof gefahren!<\/p>\n\n\n\n<figure class=\"wp-block-image size-large\"><img loading=\"lazy\" decoding=\"async\" width=\"1024\" height=\"768\" src=\"http:\/\/mobilaner.de\/blog\/wp-content\/uploads\/2021\/01\/IMG_7881-1024x768.jpg\" alt=\"\" class=\"wp-image-1047\" srcset=\"https:\/\/mobilaner.de\/blog\/wp-content\/uploads\/2021\/01\/IMG_7881-scaled.jpg 1024w, https:\/\/mobilaner.de\/blog\/wp-content\/uploads\/2021\/01\/IMG_7881-300x225.jpg 300w, https:\/\/mobilaner.de\/blog\/wp-content\/uploads\/2021\/01\/IMG_7881-768x576.jpg 768w, https:\/\/mobilaner.de\/blog\/wp-content\/uploads\/2021\/01\/IMG_7881-1536x1152.jpg 1536w, https:\/\/mobilaner.de\/blog\/wp-content\/uploads\/2021\/01\/IMG_7881-2048x1536.jpg 2048w, https:\/\/mobilaner.de\/blog\/wp-content\/uploads\/2021\/01\/IMG_7881-80x60.jpg 80w\" sizes=\"auto, (max-width: 1024px) 100vw, 1024px\" \/><figcaption>Unser Domizil f\u00fcr ein paar Tage Reisepause<\/figcaption><\/figure>\n","protected":false},"excerpt":{"rendered":"<p>Aus der Dades Schlucht wieder raus, fahren wir nach Boumalne Dades und dann die top ausgebaute Stra\u00dfe zur\u00fcck \u00fcber Tinerhir weiter ostw\u00e4rts. Hier kommt man gut voran, wir k\u00f6nnen mit 80 Sachen mal etwas Strecke machen. Ab und an eine Polizeikontrolle, aber durch die sind wir als Touris bisher immer durchgewunken worden. Wir nehmen uns, &hellip; <\/p>\n","protected":false},"author":3,"featured_media":1043,"comment_status":"open","ping_status":"open","sticky":false,"template":"","format":"standard","meta":{"_stopmodifiedupdate":false,"_modified_date":"","footnotes":""},"categories":[18,19],"tags":[],"class_list":["post-1042","post","type-post","status-publish","format-standard","has-post-thumbnail","hentry","category-touren","category-tour-2015-2016"],"_links":{"self":[{"href":"https:\/\/mobilaner.de\/blog\/wp-json\/wp\/v2\/posts\/1042","targetHints":{"allow":["GET"]}}],"collection":[{"href":"https:\/\/mobilaner.de\/blog\/wp-json\/wp\/v2\/posts"}],"about":[{"href":"https:\/\/mobilaner.de\/blog\/wp-json\/wp\/v2\/types\/post"}],"author":[{"embeddable":true,"href":"https:\/\/mobilaner.de\/blog\/wp-json\/wp\/v2\/users\/3"}],"replies":[{"embeddable":true,"href":"https:\/\/mobilaner.de\/blog\/wp-json\/wp\/v2\/comments?post=1042"}],"version-history":[{"count":1,"href":"https:\/\/mobilaner.de\/blog\/wp-json\/wp\/v2\/posts\/1042\/revisions"}],"predecessor-version":[{"id":1048,"href":"https:\/\/mobilaner.de\/blog\/wp-json\/wp\/v2\/posts\/1042\/revisions\/1048"}],"wp:featuredmedia":[{"embeddable":true,"href":"https:\/\/mobilaner.de\/blog\/wp-json\/wp\/v2\/media\/1043"}],"wp:attachment":[{"href":"https:\/\/mobilaner.de\/blog\/wp-json\/wp\/v2\/media?parent=1042"}],"wp:term":[{"taxonomy":"category","embeddable":true,"href":"https:\/\/mobilaner.de\/blog\/wp-json\/wp\/v2\/categories?post=1042"},{"taxonomy":"post_tag","embeddable":true,"href":"https:\/\/mobilaner.de\/blog\/wp-json\/wp\/v2\/tags?post=1042"}],"curies":[{"name":"wp","href":"https:\/\/api.w.org\/{rel}","templated":true}]}}