{"id":1049,"date":"2016-02-06T21:07:00","date_gmt":"2016-02-06T20:07:00","guid":{"rendered":"http:\/\/mobilaner.de\/blog\/?p=1049"},"modified":"2021-01-18T21:37:53","modified_gmt":"2021-01-18T20:37:53","slug":"die-schluchten","status":"publish","type":"post","link":"https:\/\/mobilaner.de\/blog\/2016\/02\/06\/die-schluchten\/","title":{"rendered":"Die Schluchten"},"content":{"rendered":"\n<p>Imilchil selber war nicht besonders spannend. Ein kleines, recht unscheinbares Kaff. Einmal j\u00e4hrlich findet hier ein gro\u00dfer Heiratsmarkt statt, der inzwischen wohl auch Festivalcharakter hat. Aber ansonsten ist mir da nichts wirklich sehenswertes aufgefallen. Kurz vor der Stadt liegen 2 Seen, an einem schlagen wir f\u00fcr eine Nacht unser Lager auf. Mal wieder recht hoch, am Morgen findet sich am Ufer des Sees eine mehrere Millimeter dicke Eisschicht.<\/p>\n\n\n\n<figure class=\"wp-block-image size-large\"><img loading=\"lazy\" decoding=\"async\" width=\"1024\" height=\"768\" src=\"http:\/\/mobilaner.de\/blog\/wp-content\/uploads\/2021\/01\/IMG_7751-1024x768.jpg\" alt=\"\" class=\"wp-image-1050\" srcset=\"https:\/\/mobilaner.de\/blog\/wp-content\/uploads\/2021\/01\/IMG_7751-scaled.jpg 1024w, https:\/\/mobilaner.de\/blog\/wp-content\/uploads\/2021\/01\/IMG_7751-300x225.jpg 300w, https:\/\/mobilaner.de\/blog\/wp-content\/uploads\/2021\/01\/IMG_7751-768x576.jpg 768w, https:\/\/mobilaner.de\/blog\/wp-content\/uploads\/2021\/01\/IMG_7751-1536x1152.jpg 1536w, https:\/\/mobilaner.de\/blog\/wp-content\/uploads\/2021\/01\/IMG_7751-2048x1536.jpg 2048w, https:\/\/mobilaner.de\/blog\/wp-content\/uploads\/2021\/01\/IMG_7751-80x60.jpg 80w\" sizes=\"auto, (max-width: 1024px) 100vw, 1024px\" \/><figcaption>Sch\u00f6ner, aber kalter Platz am See<\/figcaption><\/figure>\n\n\n\n<p>Wir entscheiden uns von hier in die Todra-Schlucht zu fahren.<\/p>\n\n\n\n<p>Dazu folgen wir der guten, teilweise ziemlich neuen Stra\u00dfe s\u00fcdw\u00e4rts und m\u00fcssen \u00fcber einen Pass von 2700 Metern, wo wir nat\u00fcrlich erstmal eine l\u00e4ngere Pause machen und den Ausblick genie\u00dfen. Kein einziges Auto und kein Mensch l\u00e4sst sich w\u00e4hrend der Zeit sehen, nur als wir danach die Talsohle wieder erreicht haben, kommen uns kurz nacheinander zwei Fahrradfahrer entgegen. Na dann viel Spa\u00df noch!<\/p>\n\n\n\n<figure class=\"wp-block-image size-large\"><img loading=\"lazy\" decoding=\"async\" width=\"1024\" height=\"768\" src=\"http:\/\/mobilaner.de\/blog\/wp-content\/uploads\/2021\/01\/IMG_7782-1024x768.jpg\" alt=\"\" class=\"wp-image-1051\" srcset=\"https:\/\/mobilaner.de\/blog\/wp-content\/uploads\/2021\/01\/IMG_7782-scaled.jpg 1024w, https:\/\/mobilaner.de\/blog\/wp-content\/uploads\/2021\/01\/IMG_7782-300x225.jpg 300w, https:\/\/mobilaner.de\/blog\/wp-content\/uploads\/2021\/01\/IMG_7782-768x576.jpg 768w, https:\/\/mobilaner.de\/blog\/wp-content\/uploads\/2021\/01\/IMG_7782-1536x1152.jpg 1536w, https:\/\/mobilaner.de\/blog\/wp-content\/uploads\/2021\/01\/IMG_7782-2048x1536.jpg 2048w, https:\/\/mobilaner.de\/blog\/wp-content\/uploads\/2021\/01\/IMG_7782-80x60.jpg 80w\" sizes=\"auto, (max-width: 1024px) 100vw, 1024px\" \/><figcaption>Aussicht vom 2700 Meter Pass<br><\/figcaption><\/figure>\n\n\n\n<p>Auf der letzten Strecke vor der Schlucht ist die Stra\u00dfe nicht mehr ganz so neu, aber trotzdem gut befahrbar. Zweimal muss der Fluss durchquert werden, was zur Zeit eher ein spa\u00dfiges Reifenwaschen ist. Aber es hat auch lange nicht geregnet, alle hier hoffen auf Regen f\u00fcr die Natur. Nach einem Regen w\u00e4re die Strecke mit Sicherheit anspruchsvoller, wenn denn \u00fcberhaupt noch machbar.<\/p>\n\n\n\n<figure class=\"wp-block-image size-large\"><img loading=\"lazy\" decoding=\"async\" width=\"1024\" height=\"768\" src=\"http:\/\/mobilaner.de\/blog\/wp-content\/uploads\/2021\/01\/IMG_7806-1024x768.jpg\" alt=\"\" class=\"wp-image-1053\" srcset=\"https:\/\/mobilaner.de\/blog\/wp-content\/uploads\/2021\/01\/IMG_7806-scaled.jpg 1024w, https:\/\/mobilaner.de\/blog\/wp-content\/uploads\/2021\/01\/IMG_7806-300x225.jpg 300w, https:\/\/mobilaner.de\/blog\/wp-content\/uploads\/2021\/01\/IMG_7806-768x576.jpg 768w, https:\/\/mobilaner.de\/blog\/wp-content\/uploads\/2021\/01\/IMG_7806-1536x1152.jpg 1536w, https:\/\/mobilaner.de\/blog\/wp-content\/uploads\/2021\/01\/IMG_7806-2048x1536.jpg 2048w, https:\/\/mobilaner.de\/blog\/wp-content\/uploads\/2021\/01\/IMG_7806-80x60.jpg 80w\" sizes=\"auto, (max-width: 1024px) 100vw, 1024px\" \/><figcaption>Reifenwaschen<\/figcaption><\/figure>\n\n\n\n<p>In der Todra Schlucht fahren wir unten neben dem Fluss und beiderseits ragen richtig steile Felsw\u00e4nde hoch auf. Schon irre, wie sich ein grade doch recht kleiner Fluss sich \u00fcber lange Zeit so tief in das Gestein graben konnte!<\/p>\n\n\n\n<p>Die Schlucht ist bekannt als Klettergebiet und schon vom Parkplatz aus k\u00f6nnen wir gleich sehen, wie sich Menschen in voller Ausr\u00fcstung den Fels hocharbeiten.<\/p>\n\n\n\n<p>Leider nicht zeitgleich sehen wir auch eine Herde Bergziegen, die in schwindelerregenden H\u00f6hen durch den Fels kraxeln auf der Suche nach irgendwelchem essbaren Gr\u00fcn. Begleitet von ihrem Ziegenhirten, der sich da auch recht nat\u00fcrlich in der Wand bewegt. Schade, dass die nicht da oben auf die Kletterer getroffen sind, das Bild w\u00e4re zu sch\u00f6n gewesen!<\/p>\n\n\n\n<figure class=\"wp-block-image size-large\"><img loading=\"lazy\" decoding=\"async\" width=\"768\" height=\"1024\" src=\"http:\/\/mobilaner.de\/blog\/wp-content\/uploads\/2021\/01\/IMG_7818-768x1024.jpg\" alt=\"\" class=\"wp-image-1054\" srcset=\"https:\/\/mobilaner.de\/blog\/wp-content\/uploads\/2021\/01\/IMG_7818-scaled.jpg 768w, https:\/\/mobilaner.de\/blog\/wp-content\/uploads\/2021\/01\/IMG_7818-225x300.jpg 225w, https:\/\/mobilaner.de\/blog\/wp-content\/uploads\/2021\/01\/IMG_7818-1152x1536.jpg 1152w, https:\/\/mobilaner.de\/blog\/wp-content\/uploads\/2021\/01\/IMG_7818-1536x2048.jpg 1536w, https:\/\/mobilaner.de\/blog\/wp-content\/uploads\/2021\/01\/IMG_7818-45x60.jpg 45w\" sizes=\"auto, (max-width: 768px) 100vw, 768px\" \/><figcaption>In der Todra Schlucht<\/figcaption><\/figure>\n\n\n\n<p>Am n\u00e4chsten Tag wollen die anderen eine Wanderung machen, ich gehe ein St\u00fcck mit, trenne mich aber nach kurzer Zeit um eher ein wenig durch den Fels zu kraxeln. Wenn schon Berg, dann will ich auch mit allen vieren da hoch! Allerdings ist es mir alleine ohne Erfahrung auch zu heikel, so dass ich mir eher einen gem\u00fctlichen Nachmittag am Bus mache. Einen kleinen H\u00fcgel besteige ich noch um mal alleine die Aussicht zu genie\u00dfen, da kommen die anderen aber auch schon wieder und wir machen noch einen gem\u00fctlichen, aber kurzen Abend am Feuer.<\/p>\n\n\n\n<figure class=\"wp-block-image size-large\"><img loading=\"lazy\" decoding=\"async\" width=\"768\" height=\"1024\" src=\"http:\/\/mobilaner.de\/blog\/wp-content\/uploads\/2021\/01\/IMG_7828-768x1024.jpg\" alt=\"\" class=\"wp-image-1055\" srcset=\"https:\/\/mobilaner.de\/blog\/wp-content\/uploads\/2021\/01\/IMG_7828-scaled.jpg 768w, https:\/\/mobilaner.de\/blog\/wp-content\/uploads\/2021\/01\/IMG_7828-225x300.jpg 225w, https:\/\/mobilaner.de\/blog\/wp-content\/uploads\/2021\/01\/IMG_7828-1152x1536.jpg 1152w, https:\/\/mobilaner.de\/blog\/wp-content\/uploads\/2021\/01\/IMG_7828-1536x2048.jpg 1536w, https:\/\/mobilaner.de\/blog\/wp-content\/uploads\/2021\/01\/IMG_7828-45x60.jpg 45w\" sizes=\"auto, (max-width: 768px) 100vw, 768px\" \/><figcaption>Zu dicht am Fels bauen ist schlecht f\u00fcrs Dach&#8230;.<\/figcaption><\/figure>\n\n\n\n<p>Die Idee ist aus der Todra Schlucht wieder nordw\u00e4rts raus und zu versuchen, die Piste r\u00fcber zur Dades Schlucht zu fahren. Zuerst scheint die Piste durchaus machbar, wenn auch nicht zu einfach. Nach einer Weile treffen wir auf 2 deutsche Motorradfahrer, die uns entgegenkommen. Sie haben sich vom fr\u00fchen Morgen an durch die Strecke gek\u00e4mpft und sagen, sie sei schon fahrbar, aber eben recht schwierig. 7 km steiniges Flussbett sei zu machen, sie selber haben teilweise aufgesetzt und konnten streckenweise nicht wenden.<\/p>\n\n\n\n<p>Wir \u00fcberlegen und beschlie\u00dfen, dann doch besser dort nicht lang zu fahren. Der Magirus hat einen recht langen \u00dcberhang und eine recht tief h\u00e4ngende Anh\u00e4ngerkupplung, die schon des \u00f6fteren Gr\u00e4ben gepfl\u00fcgt hat, sowie einen ziemlich tief h\u00e4ngenden Luftfilter. Wenn der weggerissen wird, haben wir ein Problem! Die Idee uns f\u00fcr die Strecke zu trennen und uns sp\u00e4ter wieder zu treffen verwerfen wir. Entweder wir machen die Strecke zusammen oder eben nicht! Die n\u00e4chste Idee, dann einen weiteren Bogen nordw\u00e4rts zu machen wird auch verworfen, da ein netter Einheimischer, den wir mitgenommen haben, uns versichert, dass die Strecke auch nicht einfacher w\u00e4re.<\/p>\n\n\n\n<figure class=\"wp-block-image size-large\"><img decoding=\"async\" src=\"http:\/\/mobilaner.de\/blog\/wp-content\/uploads\/2021\/01\/IMG_7829-1-1024x768.jpg\" alt=\"\" class=\"wp-image-1057\"\/><figcaption>Mangels Pistenbild einmal Palmenwald, bitte!<\/figcaption><\/figure>\n\n\n\n<p>Gut, dann doch wieder s\u00fcdw\u00e4rts, nochmal durch die Todra Schlucht und \u00fcber gute befestigte breite Stra\u00dfen in Richtung Dades Schlucht und von S\u00fcden rein! Der Tag ist nicht mehr frisch und so habe zumindest ich einen Tunnelblick auf der Suche nach einem geeigneten Rastplatz. Die Schlucht muss bis morgen auf meine Aufmerksamkeit warten, obwohl der Pass schon mal beeindruckend ist!<\/p>\n\n\n\n<p>Wir finden einen nicht zu unebenen Platz in einem kleinen Dorf neben dem Fu\u00dfballplatz. Tolle Idee! Innerhalb von 5 Minuten haben wir s\u00e4mtliche Kinder des Dorfes (und das sind mehr als reichlich!) um uns rum, die uns beobachten und, nachdem sie erstmal Mut gefasst haben, auch Geschenke einfordern. Es ist gemein, ich wei\u00df, aber sie erinnern mich an Moskitoschw\u00e4rme.<\/p>\n\n\n\n<figure class=\"wp-block-image size-large\"><img loading=\"lazy\" decoding=\"async\" width=\"1024\" height=\"768\" src=\"http:\/\/mobilaner.de\/blog\/wp-content\/uploads\/2021\/01\/IMG_7831-1024x768.jpg\" alt=\"\" class=\"wp-image-1058\" srcset=\"https:\/\/mobilaner.de\/blog\/wp-content\/uploads\/2021\/01\/IMG_7831-scaled.jpg 1024w, https:\/\/mobilaner.de\/blog\/wp-content\/uploads\/2021\/01\/IMG_7831-300x225.jpg 300w, https:\/\/mobilaner.de\/blog\/wp-content\/uploads\/2021\/01\/IMG_7831-768x576.jpg 768w, https:\/\/mobilaner.de\/blog\/wp-content\/uploads\/2021\/01\/IMG_7831-1536x1152.jpg 1536w, https:\/\/mobilaner.de\/blog\/wp-content\/uploads\/2021\/01\/IMG_7831-2048x1536.jpg 2048w, https:\/\/mobilaner.de\/blog\/wp-content\/uploads\/2021\/01\/IMG_7831-80x60.jpg 80w\" sizes=\"auto, (max-width: 1024px) 100vw, 1024px\" \/><figcaption>Blick aus dem Fenster<\/figcaption><\/figure>\n\n\n\n<p>Erstmal rein in die Busse, T\u00fcr zu und hoffen, dass sie nach einbrechen der Dunkelheit verschwinden. Klappt auch! Statt dessen stehen dann zwei M\u00e4nner bei den Bussen. Der eine stellt sich als der Dorfvorsteher vor und will mal gucken, wer da so in seinem Dorf campiert. Er spricht neben Arabisch, Berber und Franz\u00f6sisch auch ein \u00fcberraschend gutes Englisch und ein klein wenig Deutsch. Alles bestens, er ist sehr nett, wir plauschen eine Weile und erkl\u00e4ren ihm, hier nur eine Nacht verbringen zu wollen. Gar kein Problem. Am n\u00e4chsten Morgen versuchen wir recht zeitig wieder unsere Sachen zu packen, bevor die komplette Horde der Kinder uns wieder belagert.<\/p>\n\n\n\n<p>Und wieder geht es s\u00fcdw\u00e4rts, zur\u00fcck durch die Schlucht, deren sehenswertester Punkt hier nicht, wie in der Todra unten, sondern oben ist, wo man auf den tief dahinflie\u00dfenden Fluss und die Serpentinen der Stra\u00dfe am Fels gucken kann.<\/p>\n\n\n\n<figure class=\"wp-block-image size-large\"><img decoding=\"async\" src=\"http:\/\/mobilaner.de\/blog\/wp-content\/uploads\/2021\/01\/IMG_7838-1-768x1024.jpg\" alt=\"\" class=\"wp-image-1060\"\/><figcaption>Blick in die Dades-Schlucht<\/figcaption><\/figure>\n\n\n\n<figure class=\"wp-block-gallery columns-3 is-cropped wp-block-gallery-1 is-layout-flex wp-block-gallery-is-layout-flex\"><ul class=\"blocks-gallery-grid\"><li class=\"blocks-gallery-item\"><figure><a href=\"http:\/\/mobilaner.de\/blog\/wp-content\/uploads\/2021\/01\/IMG_7762-1024x768.jpg\"><img loading=\"lazy\" decoding=\"async\" width=\"1024\" height=\"768\" src=\"http:\/\/mobilaner.de\/blog\/wp-content\/uploads\/2021\/01\/IMG_7762-1024x768.jpg\" alt=\"\" data-id=\"1061\" data-link=\"http:\/\/mobilaner.de\/blog\/?attachment_id=1061\" class=\"wp-image-1061\" srcset=\"https:\/\/mobilaner.de\/blog\/wp-content\/uploads\/2021\/01\/IMG_7762-scaled.jpg 1024w, https:\/\/mobilaner.de\/blog\/wp-content\/uploads\/2021\/01\/IMG_7762-300x225.jpg 300w, https:\/\/mobilaner.de\/blog\/wp-content\/uploads\/2021\/01\/IMG_7762-768x576.jpg 768w, https:\/\/mobilaner.de\/blog\/wp-content\/uploads\/2021\/01\/IMG_7762-1536x1152.jpg 1536w, https:\/\/mobilaner.de\/blog\/wp-content\/uploads\/2021\/01\/IMG_7762-2048x1536.jpg 2048w, https:\/\/mobilaner.de\/blog\/wp-content\/uploads\/2021\/01\/IMG_7762-80x60.jpg 80w\" sizes=\"auto, (max-width: 1024px) 100vw, 1024px\" \/><\/a><\/figure><\/li><li class=\"blocks-gallery-item\"><figure><a href=\"http:\/\/mobilaner.de\/blog\/wp-content\/uploads\/2021\/01\/IMG_7793-1024x768.jpg\"><img loading=\"lazy\" decoding=\"async\" width=\"1024\" height=\"768\" src=\"http:\/\/mobilaner.de\/blog\/wp-content\/uploads\/2021\/01\/IMG_7793-1024x768.jpg\" alt=\"\" data-id=\"1062\" data-link=\"http:\/\/mobilaner.de\/blog\/?attachment_id=1062\" class=\"wp-image-1062\" srcset=\"https:\/\/mobilaner.de\/blog\/wp-content\/uploads\/2021\/01\/IMG_7793-scaled.jpg 1024w, https:\/\/mobilaner.de\/blog\/wp-content\/uploads\/2021\/01\/IMG_7793-300x225.jpg 300w, https:\/\/mobilaner.de\/blog\/wp-content\/uploads\/2021\/01\/IMG_7793-768x576.jpg 768w, https:\/\/mobilaner.de\/blog\/wp-content\/uploads\/2021\/01\/IMG_7793-1536x1152.jpg 1536w, https:\/\/mobilaner.de\/blog\/wp-content\/uploads\/2021\/01\/IMG_7793-2048x1536.jpg 2048w, https:\/\/mobilaner.de\/blog\/wp-content\/uploads\/2021\/01\/IMG_7793-80x60.jpg 80w\" sizes=\"auto, (max-width: 1024px) 100vw, 1024px\" \/><\/a><\/figure><\/li><li class=\"blocks-gallery-item\"><figure><a href=\"http:\/\/mobilaner.de\/blog\/wp-content\/uploads\/2021\/01\/IMG_7800-1024x768.jpg\"><img loading=\"lazy\" decoding=\"async\" width=\"1024\" height=\"768\" src=\"http:\/\/mobilaner.de\/blog\/wp-content\/uploads\/2021\/01\/IMG_7800-1024x768.jpg\" alt=\"\" data-id=\"1063\" data-link=\"http:\/\/mobilaner.de\/blog\/?attachment_id=1063\" class=\"wp-image-1063\" srcset=\"https:\/\/mobilaner.de\/blog\/wp-content\/uploads\/2021\/01\/IMG_7800-scaled.jpg 1024w, https:\/\/mobilaner.de\/blog\/wp-content\/uploads\/2021\/01\/IMG_7800-300x225.jpg 300w, https:\/\/mobilaner.de\/blog\/wp-content\/uploads\/2021\/01\/IMG_7800-768x576.jpg 768w, https:\/\/mobilaner.de\/blog\/wp-content\/uploads\/2021\/01\/IMG_7800-1536x1152.jpg 1536w, https:\/\/mobilaner.de\/blog\/wp-content\/uploads\/2021\/01\/IMG_7800-2048x1536.jpg 2048w, https:\/\/mobilaner.de\/blog\/wp-content\/uploads\/2021\/01\/IMG_7800-80x60.jpg 80w\" sizes=\"auto, (max-width: 1024px) 100vw, 1024px\" \/><\/a><\/figure><\/li><li class=\"blocks-gallery-item\"><figure><a href=\"http:\/\/mobilaner.de\/blog\/wp-content\/uploads\/2021\/01\/IMG_7810-1024x768.jpg\"><img loading=\"lazy\" decoding=\"async\" width=\"1024\" height=\"768\" src=\"http:\/\/mobilaner.de\/blog\/wp-content\/uploads\/2021\/01\/IMG_7810-1024x768.jpg\" alt=\"\" data-id=\"1064\" data-link=\"http:\/\/mobilaner.de\/blog\/?attachment_id=1064\" class=\"wp-image-1064\" srcset=\"https:\/\/mobilaner.de\/blog\/wp-content\/uploads\/2021\/01\/IMG_7810-scaled.jpg 1024w, https:\/\/mobilaner.de\/blog\/wp-content\/uploads\/2021\/01\/IMG_7810-300x225.jpg 300w, https:\/\/mobilaner.de\/blog\/wp-content\/uploads\/2021\/01\/IMG_7810-768x576.jpg 768w, https:\/\/mobilaner.de\/blog\/wp-content\/uploads\/2021\/01\/IMG_7810-1536x1152.jpg 1536w, https:\/\/mobilaner.de\/blog\/wp-content\/uploads\/2021\/01\/IMG_7810-2048x1536.jpg 2048w, https:\/\/mobilaner.de\/blog\/wp-content\/uploads\/2021\/01\/IMG_7810-80x60.jpg 80w\" sizes=\"auto, (max-width: 1024px) 100vw, 1024px\" \/><\/a><\/figure><\/li><li class=\"blocks-gallery-item\"><figure><a href=\"http:\/\/mobilaner.de\/blog\/wp-content\/uploads\/2021\/01\/IMG_7835-1024x768.jpg\"><img loading=\"lazy\" decoding=\"async\" width=\"1024\" height=\"768\" src=\"http:\/\/mobilaner.de\/blog\/wp-content\/uploads\/2021\/01\/IMG_7835-1024x768.jpg\" alt=\"\" data-id=\"1065\" data-link=\"http:\/\/mobilaner.de\/blog\/?attachment_id=1065\" class=\"wp-image-1065\" srcset=\"https:\/\/mobilaner.de\/blog\/wp-content\/uploads\/2021\/01\/IMG_7835-scaled.jpg 1024w, https:\/\/mobilaner.de\/blog\/wp-content\/uploads\/2021\/01\/IMG_7835-300x225.jpg 300w, https:\/\/mobilaner.de\/blog\/wp-content\/uploads\/2021\/01\/IMG_7835-768x576.jpg 768w, https:\/\/mobilaner.de\/blog\/wp-content\/uploads\/2021\/01\/IMG_7835-1536x1152.jpg 1536w, https:\/\/mobilaner.de\/blog\/wp-content\/uploads\/2021\/01\/IMG_7835-2048x1536.jpg 2048w, https:\/\/mobilaner.de\/blog\/wp-content\/uploads\/2021\/01\/IMG_7835-80x60.jpg 80w\" sizes=\"auto, (max-width: 1024px) 100vw, 1024px\" \/><\/a><\/figure><\/li><li class=\"blocks-gallery-item\"><figure><a href=\"http:\/\/mobilaner.de\/blog\/wp-content\/uploads\/2021\/01\/IMG_7836-scaled.jpg\"><img loading=\"lazy\" decoding=\"async\" width=\"768\" height=\"1024\" src=\"http:\/\/mobilaner.de\/blog\/wp-content\/uploads\/2021\/01\/IMG_7836-768x1024.jpg\" alt=\"\" data-id=\"1066\" data-full-url=\"http:\/\/mobilaner.de\/blog\/wp-content\/uploads\/2021\/01\/IMG_7836-scaled.jpg\" data-link=\"http:\/\/mobilaner.de\/blog\/?attachment_id=1066\" class=\"wp-image-1066\" srcset=\"https:\/\/mobilaner.de\/blog\/wp-content\/uploads\/2021\/01\/IMG_7836-scaled.jpg 768w, https:\/\/mobilaner.de\/blog\/wp-content\/uploads\/2021\/01\/IMG_7836-225x300.jpg 225w, https:\/\/mobilaner.de\/blog\/wp-content\/uploads\/2021\/01\/IMG_7836-1152x1536.jpg 1152w, https:\/\/mobilaner.de\/blog\/wp-content\/uploads\/2021\/01\/IMG_7836-1536x2048.jpg 1536w, https:\/\/mobilaner.de\/blog\/wp-content\/uploads\/2021\/01\/IMG_7836-45x60.jpg 45w\" sizes=\"auto, (max-width: 768px) 100vw, 768px\" \/><\/a><\/figure><\/li><\/ul><\/figure>\n","protected":false},"excerpt":{"rendered":"<p>Imilchil selber war nicht besonders spannend. Ein kleines, recht unscheinbares Kaff. Einmal j\u00e4hrlich findet hier ein gro\u00dfer Heiratsmarkt statt, der inzwischen wohl auch Festivalcharakter hat. Aber ansonsten ist mir da nichts wirklich sehenswertes aufgefallen. Kurz vor der Stadt liegen 2 Seen, an einem schlagen wir f\u00fcr eine Nacht unser Lager auf. Mal wieder recht hoch, &hellip; <\/p>\n","protected":false},"author":3,"featured_media":1050,"comment_status":"open","ping_status":"open","sticky":false,"template":"","format":"standard","meta":{"_stopmodifiedupdate":false,"_modified_date":"","footnotes":""},"categories":[18,19],"tags":[],"class_list":["post-1049","post","type-post","status-publish","format-standard","has-post-thumbnail","hentry","category-touren","category-tour-2015-2016"],"_links":{"self":[{"href":"https:\/\/mobilaner.de\/blog\/wp-json\/wp\/v2\/posts\/1049","targetHints":{"allow":["GET"]}}],"collection":[{"href":"https:\/\/mobilaner.de\/blog\/wp-json\/wp\/v2\/posts"}],"about":[{"href":"https:\/\/mobilaner.de\/blog\/wp-json\/wp\/v2\/types\/post"}],"author":[{"embeddable":true,"href":"https:\/\/mobilaner.de\/blog\/wp-json\/wp\/v2\/users\/3"}],"replies":[{"embeddable":true,"href":"https:\/\/mobilaner.de\/blog\/wp-json\/wp\/v2\/comments?post=1049"}],"version-history":[{"count":1,"href":"https:\/\/mobilaner.de\/blog\/wp-json\/wp\/v2\/posts\/1049\/revisions"}],"predecessor-version":[{"id":1067,"href":"https:\/\/mobilaner.de\/blog\/wp-json\/wp\/v2\/posts\/1049\/revisions\/1067"}],"wp:featuredmedia":[{"embeddable":true,"href":"https:\/\/mobilaner.de\/blog\/wp-json\/wp\/v2\/media\/1050"}],"wp:attachment":[{"href":"https:\/\/mobilaner.de\/blog\/wp-json\/wp\/v2\/media?parent=1049"}],"wp:term":[{"taxonomy":"category","embeddable":true,"href":"https:\/\/mobilaner.de\/blog\/wp-json\/wp\/v2\/categories?post=1049"},{"taxonomy":"post_tag","embeddable":true,"href":"https:\/\/mobilaner.de\/blog\/wp-json\/wp\/v2\/tags?post=1049"}],"curies":[{"name":"wp","href":"https:\/\/api.w.org\/{rel}","templated":true}]}}