{"id":1068,"date":"2016-02-01T21:40:00","date_gmt":"2016-02-01T20:40:00","guid":{"rendered":"http:\/\/mobilaner.de\/blog\/?p=1068"},"modified":"2021-01-18T21:58:26","modified_gmt":"2021-01-18T20:58:26","slug":"von-fes-in-richtung-imilchil","status":"publish","type":"post","link":"https:\/\/mobilaner.de\/blog\/2016\/02\/01\/von-fes-in-richtung-imilchil\/","title":{"rendered":"Von F\u00e8s in Richtung Imilchil"},"content":{"rendered":"\n<p>Was eine Erleichterung, die Stadt hinter uns gelassen zu haben! Wir fahren s\u00fcdlich, erstmal auf der sehr gut ausgebauten Stra\u00dfe in Richtung Azrou. Nach einer Weile biegen wir ab um auf kleineren Stra\u00dfen weiterzukommen, einfach weil diese eben meist sch\u00f6ner sind. Die Strecke f\u00fchrt an einem sch\u00f6nen Wald entlang, an einer Stelle reiten Menschen auf geschm\u00fcckten Pferden, ab und an werden Affen nahe der Stra\u00dfe gesichtet. Nach 100 km gucken wir uns ein sch\u00f6nen Stellplatz aus. Runter von der Stra\u00dfe, eine kleine Piste rauf finden wir ein wundersch\u00f6nes Fleckchen am Waldrand, wo wir uns erstmal Ruhe versprechen. So ist es auch, bis auf einen Bauern, der mit seinem alten Ferguson Trecker vorbeif\u00e4hrt und freundlich gr\u00fc\u00dft, kriegen wir hier nichts von anderen Menschen mit. Nach der ganzen Zeit in der Zivilisation tut das auch mal sehr gut!<\/p>\n\n\n\n<figure class=\"wp-block-image size-large\"><img loading=\"lazy\" decoding=\"async\" width=\"1024\" height=\"768\" src=\"http:\/\/mobilaner.de\/blog\/wp-content\/uploads\/2021\/01\/IMG_7676-1024x768.jpg\" alt=\"\" class=\"wp-image-1069\" srcset=\"https:\/\/mobilaner.de\/blog\/wp-content\/uploads\/2021\/01\/IMG_7676.jpg 1024w, https:\/\/mobilaner.de\/blog\/wp-content\/uploads\/2021\/01\/IMG_7676-300x225.jpg 300w, https:\/\/mobilaner.de\/blog\/wp-content\/uploads\/2021\/01\/IMG_7676-768x576.jpg 768w, https:\/\/mobilaner.de\/blog\/wp-content\/uploads\/2021\/01\/IMG_7676-1536x1152.jpg 1536w, https:\/\/mobilaner.de\/blog\/wp-content\/uploads\/2021\/01\/IMG_7676-80x60.jpg 80w\" sizes=\"auto, (max-width: 1024px) 100vw, 1024px\" \/><figcaption>Sehr gem\u00fctlicher Platz, wir bleiben einfach noch \u00b4nen Tag l\u00e4nger&#8230;<\/figcaption><\/figure>\n\n\n\n<p>Die Sonne sinkt langsam tiefer und es wird kalt, wir befinden uns immerhin auf \u00fcber 1800 Metern, was so nicht auff\u00e4llt, die Gegend ist eher h\u00fcgelig als schroff. Ein beeindruckender Nationalpark mit viel Zedernwald eben.<\/p>\n\n\n\n<p>Erstmal eine Feuerstelle vorbereiten. Als Warnung, dass wir uns in einem anderen Landstrich befinden, findet sich gleich unter dem ersten Stein ein gro\u00dfer Skorpion. Auf sowas sollte man hier aufpassen!<\/p>\n\n\n\n<p>Der Abend klingt aus am sch\u00f6nen Lagerfeuer bei leckerer Suppe und den mitgebrachten Vorr\u00e4ten an Bier und Wein. Der Sternenhimmel ist gigantisch, die Nachttemperaturen sinken unter 4 Grad.<\/p>\n\n\n\n<p>Am n\u00e4chsten Morgen beschlie\u00dfen wir, einfach noch einen Tag zu bleiben. Ich fahre mit Jonas und Kalle zum Einkaufen nach Azrou rein, wo uns auf dem Weg wieder eine Horde Affen am Waldrand begegnet. Wo Menschen sind, oder deren M\u00fcll, halten sie sich wohl gerne auf. Und M\u00fcll liegt in Marokko leider \u00fcberall massenhaft rum.<\/p>\n\n\n\n<figure class=\"wp-block-image size-large\"><img loading=\"lazy\" decoding=\"async\" width=\"1024\" height=\"768\" src=\"http:\/\/mobilaner.de\/blog\/wp-content\/uploads\/2021\/01\/IMG_7683-1024x768.jpg\" alt=\"\" class=\"wp-image-1070\" srcset=\"https:\/\/mobilaner.de\/blog\/wp-content\/uploads\/2021\/01\/IMG_7683.jpg 1024w, https:\/\/mobilaner.de\/blog\/wp-content\/uploads\/2021\/01\/IMG_7683-300x225.jpg 300w, https:\/\/mobilaner.de\/blog\/wp-content\/uploads\/2021\/01\/IMG_7683-768x576.jpg 768w, https:\/\/mobilaner.de\/blog\/wp-content\/uploads\/2021\/01\/IMG_7683-1536x1152.jpg 1536w, https:\/\/mobilaner.de\/blog\/wp-content\/uploads\/2021\/01\/IMG_7683-80x60.jpg 80w\" sizes=\"auto, (max-width: 1024px) 100vw, 1024px\" \/><figcaption>Makakenaffen in den B\u00e4umen an der Strecke<\/figcaption><\/figure>\n\n\n\n<p>Sp\u00e4ter noch etwas Bus schrauben und den Rest des Tages gem\u00fctlich verbringen. Die Zedern hier sind gewaltig, ein Baumstumpf verr\u00e4t, dass der Baum hier so grob an die 600 Jahre gestanden haben muss.<\/p>\n\n\n\n<p>Der Abend klingt wieder bei lecker Essen am Lagerfeuer aus, aber diesmal eher kurz und endet mit W\u00e4rmflasche und zus\u00e4tzlicher Wolldecke im Bett.<\/p>\n\n\n\n<p>Am n\u00e4chsten Morgen wird nach einem gem\u00fctlichen Fr\u00fchst\u00fcck (nat\u00fcrlich erst, als die Sonne der Landschaft wieder ertr\u00e4gliche Temperaturen beschert hat) noch schnell Feuerholz eingepackt und fix noch an Jonas\u00b4407 die Bremsen nachgestellt um dann weiter s\u00fcdw\u00e4rts zu fahren.<\/p>\n\n\n\n<figure class=\"wp-block-image size-large\"><img loading=\"lazy\" decoding=\"async\" width=\"1024\" height=\"768\" src=\"http:\/\/mobilaner.de\/blog\/wp-content\/uploads\/2021\/01\/IMG_7699-1024x768.jpg\" alt=\"\" class=\"wp-image-1071\" srcset=\"https:\/\/mobilaner.de\/blog\/wp-content\/uploads\/2021\/01\/IMG_7699-scaled.jpg 1024w, https:\/\/mobilaner.de\/blog\/wp-content\/uploads\/2021\/01\/IMG_7699-300x225.jpg 300w, https:\/\/mobilaner.de\/blog\/wp-content\/uploads\/2021\/01\/IMG_7699-768x576.jpg 768w, https:\/\/mobilaner.de\/blog\/wp-content\/uploads\/2021\/01\/IMG_7699-1536x1152.jpg 1536w, https:\/\/mobilaner.de\/blog\/wp-content\/uploads\/2021\/01\/IMG_7699-2048x1536.jpg 2048w, https:\/\/mobilaner.de\/blog\/wp-content\/uploads\/2021\/01\/IMG_7699-80x60.jpg 80w\" sizes=\"auto, (max-width: 1024px) 100vw, 1024px\" \/><figcaption>Sonnenuntergang mit Lagerfeuer und Oma Duck<\/figcaption><\/figure>\n\n\n\n<p>Wir entscheiden uns f\u00fcr eine Nebenstrecke nach Khenifra. Es h\u00e4tte sicherlich auch eine schnellere Strecke gegeben, aber sicherlich keine sch\u00f6nere und darauf kommt es uns ja eigentlich an. Au\u00dferdem h\u00e4tten wir da m\u00f6glicherweise keinen marokkanischen Tramper mitgenommen. Die Strecke schl\u00e4ngelt sich durch die Berge, die Stra\u00dfe ist zumindest meist halb asphaltiert und daher schon ganz gut fahrbar. Trotzdem schwankt der Tachozeiger die meiste Zeit irgendwo zwischen 20 und 40. Die Gegend wird rauer, Steine und trockene Erde \u00fcberall. Noch keine W\u00fcste, aber schon reichlich w\u00fcst.<\/p>\n\n\n\n<figure class=\"wp-block-image size-large\"><img loading=\"lazy\" decoding=\"async\" width=\"1024\" height=\"768\" src=\"http:\/\/mobilaner.de\/blog\/wp-content\/uploads\/2021\/01\/IMG_7703-1024x768.jpg\" alt=\"\" class=\"wp-image-1072\" srcset=\"https:\/\/mobilaner.de\/blog\/wp-content\/uploads\/2021\/01\/IMG_7703-scaled.jpg 1024w, https:\/\/mobilaner.de\/blog\/wp-content\/uploads\/2021\/01\/IMG_7703-300x225.jpg 300w, https:\/\/mobilaner.de\/blog\/wp-content\/uploads\/2021\/01\/IMG_7703-768x576.jpg 768w, https:\/\/mobilaner.de\/blog\/wp-content\/uploads\/2021\/01\/IMG_7703-1536x1152.jpg 1536w, https:\/\/mobilaner.de\/blog\/wp-content\/uploads\/2021\/01\/IMG_7703-2048x1536.jpg 2048w, https:\/\/mobilaner.de\/blog\/wp-content\/uploads\/2021\/01\/IMG_7703-80x60.jpg 80w\" sizes=\"auto, (max-width: 1024px) 100vw, 1024px\" \/><\/figure>\n\n\n\n<p>Von Khenifra aus geht es erstmal ein St\u00fcck gut ausgebaute Hauptstra\u00dfe bis wir nach einigen Kilometern wieder auf die Nebenstrecken wechseln. N\u00e4chstes angepeiltes Ziel ist Imilchil und von da aus soll es dann entweder zur Todra- oder zur Dades-Schlucht gehen (besten Dank an Ossi von\u00a0<a rel=\"noreferrer noopener\" target=\"_blank\" href=\"http:\/\/www.traumtanz.eu\/\">traumtanz.eu<\/a>\u00a0f\u00fcr den guten Vorschlag!!!). Eventuell auch beide, wir werden sehen. Noch ist Imilchil aber gute 90 km entfernt, wir haben Station gemacht in einer Art kleinem Steinbruch, wo wir zwischen Wand und Bussen gesch\u00fctzt unser Lagerfeuer aufbauen.<\/p>\n\n\n\n<figure class=\"wp-block-image size-large\"><img loading=\"lazy\" decoding=\"async\" width=\"1024\" height=\"768\" src=\"http:\/\/mobilaner.de\/blog\/wp-content\/uploads\/2021\/01\/IMG_7714-1024x768.jpg\" alt=\"\" class=\"wp-image-1073\" srcset=\"https:\/\/mobilaner.de\/blog\/wp-content\/uploads\/2021\/01\/IMG_7714-scaled.jpg 1024w, https:\/\/mobilaner.de\/blog\/wp-content\/uploads\/2021\/01\/IMG_7714-300x225.jpg 300w, https:\/\/mobilaner.de\/blog\/wp-content\/uploads\/2021\/01\/IMG_7714-768x576.jpg 768w, https:\/\/mobilaner.de\/blog\/wp-content\/uploads\/2021\/01\/IMG_7714-1536x1152.jpg 1536w, https:\/\/mobilaner.de\/blog\/wp-content\/uploads\/2021\/01\/IMG_7714-2048x1536.jpg 2048w, https:\/\/mobilaner.de\/blog\/wp-content\/uploads\/2021\/01\/IMG_7714-80x60.jpg 80w\" sizes=\"auto, (max-width: 1024px) 100vw, 1024px\" \/><figcaption>Sch\u00f6ne Landschaft und normal beladener Gegenverkehr<\/figcaption><\/figure>\n\n\n\n<p>Kaum sind wir dabei, taucht ein Marokkaner auf versucht uns erstmal per Zeichensprache zu sich nach Hause einzuladen. Nachdem er damit nicht erfolgreich ist und wir dankend ablehnen, nach 185 km Fahrstrecke sind wir alle recht erledigt, hilft er uns beim Feuermachen, bringt uns weiteres Feuerholz und Brot vorbei. Daf\u00fcr wird er dann von uns zu Essen eingeladen, es gibt mit Reis und Sojabrocken gef\u00fcllte Paprika, und trinkt auch noch ein Bier mit uns am Feuer.<\/p>\n\n\n\n<p>Insgesamt ist der Abend aber doch recht kurz, uns ist allen nach fr\u00fch Feierabend. Wir sind auch wieder auf etwa 1800 Metern, also Temperaturen wieder um den Gefrierpunkt. W\u00e4rmflasche und ab ins Bett!<\/p>\n\n\n\n<figure class=\"wp-block-image size-large\"><img loading=\"lazy\" decoding=\"async\" width=\"1024\" height=\"768\" src=\"http:\/\/mobilaner.de\/blog\/wp-content\/uploads\/2021\/01\/IMG_7717-1024x768.jpg\" alt=\"\" class=\"wp-image-1074\" srcset=\"https:\/\/mobilaner.de\/blog\/wp-content\/uploads\/2021\/01\/IMG_7717-scaled.jpg 1024w, https:\/\/mobilaner.de\/blog\/wp-content\/uploads\/2021\/01\/IMG_7717-300x225.jpg 300w, https:\/\/mobilaner.de\/blog\/wp-content\/uploads\/2021\/01\/IMG_7717-768x576.jpg 768w, https:\/\/mobilaner.de\/blog\/wp-content\/uploads\/2021\/01\/IMG_7717-1536x1152.jpg 1536w, https:\/\/mobilaner.de\/blog\/wp-content\/uploads\/2021\/01\/IMG_7717-2048x1536.jpg 2048w, https:\/\/mobilaner.de\/blog\/wp-content\/uploads\/2021\/01\/IMG_7717-80x60.jpg 80w\" sizes=\"auto, (max-width: 1024px) 100vw, 1024px\" \/><figcaption>Gesch\u00fctzter Pennplatz f\u00fcr eine Nacht<\/figcaption><\/figure>\n\n\n\n<figure class=\"wp-block-gallery columns-3 is-cropped wp-block-gallery-1 is-layout-flex wp-block-gallery-is-layout-flex\"><ul class=\"blocks-gallery-grid\"><li class=\"blocks-gallery-item\"><figure><a href=\"http:\/\/mobilaner.de\/blog\/wp-content\/uploads\/2021\/01\/IMG_7688-768x1024.jpg\"><img loading=\"lazy\" decoding=\"async\" width=\"768\" height=\"1024\" src=\"http:\/\/mobilaner.de\/blog\/wp-content\/uploads\/2021\/01\/IMG_7688-768x1024.jpg\" alt=\"\" data-id=\"1075\" data-link=\"http:\/\/mobilaner.de\/blog\/?attachment_id=1075\" class=\"wp-image-1075\" srcset=\"https:\/\/mobilaner.de\/blog\/wp-content\/uploads\/2021\/01\/IMG_7688.jpg 768w, https:\/\/mobilaner.de\/blog\/wp-content\/uploads\/2021\/01\/IMG_7688-225x300.jpg 225w, https:\/\/mobilaner.de\/blog\/wp-content\/uploads\/2021\/01\/IMG_7688-1152x1536.jpg 1152w, https:\/\/mobilaner.de\/blog\/wp-content\/uploads\/2021\/01\/IMG_7688-45x60.jpg 45w\" sizes=\"auto, (max-width: 768px) 100vw, 768px\" \/><\/a><\/figure><\/li><li class=\"blocks-gallery-item\"><figure><a href=\"http:\/\/mobilaner.de\/blog\/wp-content\/uploads\/2021\/01\/IMG_7691-1024x768.jpg\"><img loading=\"lazy\" decoding=\"async\" width=\"1024\" height=\"768\" src=\"http:\/\/mobilaner.de\/blog\/wp-content\/uploads\/2021\/01\/IMG_7691-1024x768.jpg\" alt=\"\" data-id=\"1076\" data-link=\"http:\/\/mobilaner.de\/blog\/?attachment_id=1076\" class=\"wp-image-1076\" srcset=\"https:\/\/mobilaner.de\/blog\/wp-content\/uploads\/2021\/01\/IMG_7691.jpg 1024w, https:\/\/mobilaner.de\/blog\/wp-content\/uploads\/2021\/01\/IMG_7691-300x225.jpg 300w, https:\/\/mobilaner.de\/blog\/wp-content\/uploads\/2021\/01\/IMG_7691-768x576.jpg 768w, https:\/\/mobilaner.de\/blog\/wp-content\/uploads\/2021\/01\/IMG_7691-1536x1152.jpg 1536w, https:\/\/mobilaner.de\/blog\/wp-content\/uploads\/2021\/01\/IMG_7691-80x60.jpg 80w\" sizes=\"auto, (max-width: 1024px) 100vw, 1024px\" \/><\/a><\/figure><\/li><li class=\"blocks-gallery-item\"><figure><a href=\"http:\/\/mobilaner.de\/blog\/wp-content\/uploads\/2021\/01\/IMG_7705-1024x768.jpg\"><img loading=\"lazy\" decoding=\"async\" width=\"1024\" height=\"768\" src=\"http:\/\/mobilaner.de\/blog\/wp-content\/uploads\/2021\/01\/IMG_7705-1024x768.jpg\" alt=\"\" data-id=\"1077\" data-link=\"http:\/\/mobilaner.de\/blog\/?attachment_id=1077\" class=\"wp-image-1077\" srcset=\"https:\/\/mobilaner.de\/blog\/wp-content\/uploads\/2021\/01\/IMG_7705-scaled.jpg 1024w, https:\/\/mobilaner.de\/blog\/wp-content\/uploads\/2021\/01\/IMG_7705-300x225.jpg 300w, https:\/\/mobilaner.de\/blog\/wp-content\/uploads\/2021\/01\/IMG_7705-768x576.jpg 768w, https:\/\/mobilaner.de\/blog\/wp-content\/uploads\/2021\/01\/IMG_7705-1536x1152.jpg 1536w, https:\/\/mobilaner.de\/blog\/wp-content\/uploads\/2021\/01\/IMG_7705-2048x1536.jpg 2048w, https:\/\/mobilaner.de\/blog\/wp-content\/uploads\/2021\/01\/IMG_7705-80x60.jpg 80w\" sizes=\"auto, (max-width: 1024px) 100vw, 1024px\" \/><\/a><\/figure><\/li><li class=\"blocks-gallery-item\"><figure><a href=\"http:\/\/mobilaner.de\/blog\/wp-content\/uploads\/2021\/01\/IMG_7707-1024x768.jpg\"><img loading=\"lazy\" decoding=\"async\" width=\"1024\" height=\"768\" src=\"http:\/\/mobilaner.de\/blog\/wp-content\/uploads\/2021\/01\/IMG_7707-1024x768.jpg\" alt=\"\" data-id=\"1078\" data-link=\"http:\/\/mobilaner.de\/blog\/?attachment_id=1078\" class=\"wp-image-1078\" srcset=\"https:\/\/mobilaner.de\/blog\/wp-content\/uploads\/2021\/01\/IMG_7707-scaled.jpg 1024w, https:\/\/mobilaner.de\/blog\/wp-content\/uploads\/2021\/01\/IMG_7707-300x225.jpg 300w, https:\/\/mobilaner.de\/blog\/wp-content\/uploads\/2021\/01\/IMG_7707-768x576.jpg 768w, https:\/\/mobilaner.de\/blog\/wp-content\/uploads\/2021\/01\/IMG_7707-1536x1152.jpg 1536w, https:\/\/mobilaner.de\/blog\/wp-content\/uploads\/2021\/01\/IMG_7707-2048x1536.jpg 2048w, https:\/\/mobilaner.de\/blog\/wp-content\/uploads\/2021\/01\/IMG_7707-80x60.jpg 80w\" sizes=\"auto, (max-width: 1024px) 100vw, 1024px\" \/><\/a><\/figure><\/li><li class=\"blocks-gallery-item\"><figure><a href=\"http:\/\/mobilaner.de\/blog\/wp-content\/uploads\/2021\/01\/IMG_7712-1024x768.jpg\"><img loading=\"lazy\" decoding=\"async\" width=\"1024\" height=\"768\" src=\"http:\/\/mobilaner.de\/blog\/wp-content\/uploads\/2021\/01\/IMG_7712-1024x768.jpg\" alt=\"\" data-id=\"1079\" data-link=\"http:\/\/mobilaner.de\/blog\/?attachment_id=1079\" class=\"wp-image-1079\" srcset=\"https:\/\/mobilaner.de\/blog\/wp-content\/uploads\/2021\/01\/IMG_7712-scaled.jpg 1024w, https:\/\/mobilaner.de\/blog\/wp-content\/uploads\/2021\/01\/IMG_7712-300x225.jpg 300w, https:\/\/mobilaner.de\/blog\/wp-content\/uploads\/2021\/01\/IMG_7712-768x576.jpg 768w, https:\/\/mobilaner.de\/blog\/wp-content\/uploads\/2021\/01\/IMG_7712-1536x1152.jpg 1536w, https:\/\/mobilaner.de\/blog\/wp-content\/uploads\/2021\/01\/IMG_7712-2048x1536.jpg 2048w, https:\/\/mobilaner.de\/blog\/wp-content\/uploads\/2021\/01\/IMG_7712-80x60.jpg 80w\" sizes=\"auto, (max-width: 1024px) 100vw, 1024px\" \/><\/a><\/figure><\/li><li class=\"blocks-gallery-item\"><figure><a href=\"http:\/\/mobilaner.de\/blog\/wp-content\/uploads\/2021\/01\/IMG_7715-1024x768.jpg\"><img loading=\"lazy\" decoding=\"async\" width=\"1024\" height=\"768\" src=\"http:\/\/mobilaner.de\/blog\/wp-content\/uploads\/2021\/01\/IMG_7715-1024x768.jpg\" alt=\"\" data-id=\"1080\" data-link=\"http:\/\/mobilaner.de\/blog\/?attachment_id=1080\" class=\"wp-image-1080\" srcset=\"https:\/\/mobilaner.de\/blog\/wp-content\/uploads\/2021\/01\/IMG_7715-scaled.jpg 1024w, https:\/\/mobilaner.de\/blog\/wp-content\/uploads\/2021\/01\/IMG_7715-300x225.jpg 300w, https:\/\/mobilaner.de\/blog\/wp-content\/uploads\/2021\/01\/IMG_7715-768x576.jpg 768w, https:\/\/mobilaner.de\/blog\/wp-content\/uploads\/2021\/01\/IMG_7715-1536x1152.jpg 1536w, https:\/\/mobilaner.de\/blog\/wp-content\/uploads\/2021\/01\/IMG_7715-2048x1536.jpg 2048w, https:\/\/mobilaner.de\/blog\/wp-content\/uploads\/2021\/01\/IMG_7715-80x60.jpg 80w\" sizes=\"auto, (max-width: 1024px) 100vw, 1024px\" \/><\/a><\/figure><\/li><li class=\"blocks-gallery-item\"><figure><a href=\"http:\/\/mobilaner.de\/blog\/wp-content\/uploads\/2021\/01\/IMG_7734-1024x768.jpg\"><img loading=\"lazy\" decoding=\"async\" width=\"1024\" height=\"768\" src=\"http:\/\/mobilaner.de\/blog\/wp-content\/uploads\/2021\/01\/IMG_7734-1024x768.jpg\" alt=\"\" data-id=\"1081\" data-link=\"http:\/\/mobilaner.de\/blog\/?attachment_id=1081\" class=\"wp-image-1081\" srcset=\"https:\/\/mobilaner.de\/blog\/wp-content\/uploads\/2021\/01\/IMG_7734-scaled.jpg 1024w, https:\/\/mobilaner.de\/blog\/wp-content\/uploads\/2021\/01\/IMG_7734-300x225.jpg 300w, https:\/\/mobilaner.de\/blog\/wp-content\/uploads\/2021\/01\/IMG_7734-768x576.jpg 768w, https:\/\/mobilaner.de\/blog\/wp-content\/uploads\/2021\/01\/IMG_7734-1536x1152.jpg 1536w, https:\/\/mobilaner.de\/blog\/wp-content\/uploads\/2021\/01\/IMG_7734-2048x1536.jpg 2048w, https:\/\/mobilaner.de\/blog\/wp-content\/uploads\/2021\/01\/IMG_7734-80x60.jpg 80w\" sizes=\"auto, (max-width: 1024px) 100vw, 1024px\" \/><\/a><\/figure><\/li><li class=\"blocks-gallery-item\"><figure><a href=\"http:\/\/mobilaner.de\/blog\/wp-content\/uploads\/2021\/01\/IMG_7739-1024x768.jpg\"><img loading=\"lazy\" decoding=\"async\" width=\"1024\" height=\"768\" src=\"http:\/\/mobilaner.de\/blog\/wp-content\/uploads\/2021\/01\/IMG_7739-1024x768.jpg\" alt=\"\" data-id=\"1082\" data-link=\"http:\/\/mobilaner.de\/blog\/?attachment_id=1082\" class=\"wp-image-1082\" srcset=\"https:\/\/mobilaner.de\/blog\/wp-content\/uploads\/2021\/01\/IMG_7739-scaled.jpg 1024w, https:\/\/mobilaner.de\/blog\/wp-content\/uploads\/2021\/01\/IMG_7739-300x225.jpg 300w, https:\/\/mobilaner.de\/blog\/wp-content\/uploads\/2021\/01\/IMG_7739-768x576.jpg 768w, https:\/\/mobilaner.de\/blog\/wp-content\/uploads\/2021\/01\/IMG_7739-1536x1152.jpg 1536w, https:\/\/mobilaner.de\/blog\/wp-content\/uploads\/2021\/01\/IMG_7739-2048x1536.jpg 2048w, https:\/\/mobilaner.de\/blog\/wp-content\/uploads\/2021\/01\/IMG_7739-80x60.jpg 80w\" sizes=\"auto, (max-width: 1024px) 100vw, 1024px\" \/><\/a><\/figure><\/li><li class=\"blocks-gallery-item\"><figure><a href=\"http:\/\/mobilaner.de\/blog\/wp-content\/uploads\/2021\/01\/IMG_7740-1024x768.jpg\"><img loading=\"lazy\" decoding=\"async\" width=\"1024\" height=\"768\" src=\"http:\/\/mobilaner.de\/blog\/wp-content\/uploads\/2021\/01\/IMG_7740-1024x768.jpg\" alt=\"\" data-id=\"1083\" data-link=\"http:\/\/mobilaner.de\/blog\/?attachment_id=1083\" class=\"wp-image-1083\" srcset=\"https:\/\/mobilaner.de\/blog\/wp-content\/uploads\/2021\/01\/IMG_7740-scaled.jpg 1024w, https:\/\/mobilaner.de\/blog\/wp-content\/uploads\/2021\/01\/IMG_7740-300x225.jpg 300w, https:\/\/mobilaner.de\/blog\/wp-content\/uploads\/2021\/01\/IMG_7740-768x576.jpg 768w, https:\/\/mobilaner.de\/blog\/wp-content\/uploads\/2021\/01\/IMG_7740-1536x1152.jpg 1536w, https:\/\/mobilaner.de\/blog\/wp-content\/uploads\/2021\/01\/IMG_7740-2048x1536.jpg 2048w, https:\/\/mobilaner.de\/blog\/wp-content\/uploads\/2021\/01\/IMG_7740-80x60.jpg 80w\" sizes=\"auto, (max-width: 1024px) 100vw, 1024px\" \/><\/a><\/figure><\/li><li class=\"blocks-gallery-item\"><figure><a href=\"http:\/\/mobilaner.de\/blog\/wp-content\/uploads\/2021\/01\/IMG_7741-1024x768.jpg\"><img loading=\"lazy\" decoding=\"async\" width=\"1024\" height=\"768\" src=\"http:\/\/mobilaner.de\/blog\/wp-content\/uploads\/2021\/01\/IMG_7741-1024x768.jpg\" alt=\"\" data-id=\"1084\" data-link=\"http:\/\/mobilaner.de\/blog\/?attachment_id=1084\" class=\"wp-image-1084\" srcset=\"https:\/\/mobilaner.de\/blog\/wp-content\/uploads\/2021\/01\/IMG_7741-scaled.jpg 1024w, https:\/\/mobilaner.de\/blog\/wp-content\/uploads\/2021\/01\/IMG_7741-300x225.jpg 300w, https:\/\/mobilaner.de\/blog\/wp-content\/uploads\/2021\/01\/IMG_7741-768x576.jpg 768w, https:\/\/mobilaner.de\/blog\/wp-content\/uploads\/2021\/01\/IMG_7741-1536x1152.jpg 1536w, https:\/\/mobilaner.de\/blog\/wp-content\/uploads\/2021\/01\/IMG_7741-2048x1536.jpg 2048w, https:\/\/mobilaner.de\/blog\/wp-content\/uploads\/2021\/01\/IMG_7741-80x60.jpg 80w\" sizes=\"auto, (max-width: 1024px) 100vw, 1024px\" \/><\/a><\/figure><\/li><li class=\"blocks-gallery-item\"><figure><a href=\"http:\/\/mobilaner.de\/blog\/wp-content\/uploads\/2021\/01\/IMG_7743-1024x768.jpg\"><img loading=\"lazy\" decoding=\"async\" width=\"1024\" height=\"768\" src=\"http:\/\/mobilaner.de\/blog\/wp-content\/uploads\/2021\/01\/IMG_7743-1024x768.jpg\" alt=\"\" data-id=\"1085\" data-link=\"http:\/\/mobilaner.de\/blog\/?attachment_id=1085\" class=\"wp-image-1085\" srcset=\"https:\/\/mobilaner.de\/blog\/wp-content\/uploads\/2021\/01\/IMG_7743-scaled.jpg 1024w, https:\/\/mobilaner.de\/blog\/wp-content\/uploads\/2021\/01\/IMG_7743-300x225.jpg 300w, https:\/\/mobilaner.de\/blog\/wp-content\/uploads\/2021\/01\/IMG_7743-768x576.jpg 768w, https:\/\/mobilaner.de\/blog\/wp-content\/uploads\/2021\/01\/IMG_7743-1536x1152.jpg 1536w, https:\/\/mobilaner.de\/blog\/wp-content\/uploads\/2021\/01\/IMG_7743-2048x1536.jpg 2048w, https:\/\/mobilaner.de\/blog\/wp-content\/uploads\/2021\/01\/IMG_7743-80x60.jpg 80w\" sizes=\"auto, (max-width: 1024px) 100vw, 1024px\" \/><\/a><\/figure><\/li><li class=\"blocks-gallery-item\"><figure><a href=\"http:\/\/mobilaner.de\/blog\/wp-content\/uploads\/2021\/01\/IMG_7744-scaled.jpg\"><img loading=\"lazy\" decoding=\"async\" width=\"768\" height=\"1024\" src=\"http:\/\/mobilaner.de\/blog\/wp-content\/uploads\/2021\/01\/IMG_7744-768x1024.jpg\" alt=\"\" data-id=\"1086\" data-full-url=\"http:\/\/mobilaner.de\/blog\/wp-content\/uploads\/2021\/01\/IMG_7744-scaled.jpg\" data-link=\"http:\/\/mobilaner.de\/blog\/?attachment_id=1086\" class=\"wp-image-1086\" srcset=\"https:\/\/mobilaner.de\/blog\/wp-content\/uploads\/2021\/01\/IMG_7744-scaled.jpg 768w, https:\/\/mobilaner.de\/blog\/wp-content\/uploads\/2021\/01\/IMG_7744-225x300.jpg 225w, https:\/\/mobilaner.de\/blog\/wp-content\/uploads\/2021\/01\/IMG_7744-1152x1536.jpg 1152w, https:\/\/mobilaner.de\/blog\/wp-content\/uploads\/2021\/01\/IMG_7744-1536x2048.jpg 1536w, https:\/\/mobilaner.de\/blog\/wp-content\/uploads\/2021\/01\/IMG_7744-45x60.jpg 45w\" sizes=\"auto, (max-width: 768px) 100vw, 768px\" \/><\/a><\/figure><\/li><\/ul><\/figure>\n","protected":false},"excerpt":{"rendered":"<p>Was eine Erleichterung, die Stadt hinter uns gelassen zu haben! Wir fahren s\u00fcdlich, erstmal auf der sehr gut ausgebauten Stra\u00dfe in Richtung Azrou. Nach einer Weile biegen wir ab um auf kleineren Stra\u00dfen weiterzukommen, einfach weil diese eben meist sch\u00f6ner sind. Die Strecke f\u00fchrt an einem sch\u00f6nen Wald entlang, an einer Stelle reiten Menschen auf &hellip; <\/p>\n","protected":false},"author":3,"featured_media":1069,"comment_status":"open","ping_status":"open","sticky":false,"template":"","format":"standard","meta":{"_stopmodifiedupdate":false,"_modified_date":"","footnotes":""},"categories":[18,19],"tags":[],"class_list":["post-1068","post","type-post","status-publish","format-standard","has-post-thumbnail","hentry","category-touren","category-tour-2015-2016"],"_links":{"self":[{"href":"https:\/\/mobilaner.de\/blog\/wp-json\/wp\/v2\/posts\/1068","targetHints":{"allow":["GET"]}}],"collection":[{"href":"https:\/\/mobilaner.de\/blog\/wp-json\/wp\/v2\/posts"}],"about":[{"href":"https:\/\/mobilaner.de\/blog\/wp-json\/wp\/v2\/types\/post"}],"author":[{"embeddable":true,"href":"https:\/\/mobilaner.de\/blog\/wp-json\/wp\/v2\/users\/3"}],"replies":[{"embeddable":true,"href":"https:\/\/mobilaner.de\/blog\/wp-json\/wp\/v2\/comments?post=1068"}],"version-history":[{"count":1,"href":"https:\/\/mobilaner.de\/blog\/wp-json\/wp\/v2\/posts\/1068\/revisions"}],"predecessor-version":[{"id":1087,"href":"https:\/\/mobilaner.de\/blog\/wp-json\/wp\/v2\/posts\/1068\/revisions\/1087"}],"wp:featuredmedia":[{"embeddable":true,"href":"https:\/\/mobilaner.de\/blog\/wp-json\/wp\/v2\/media\/1069"}],"wp:attachment":[{"href":"https:\/\/mobilaner.de\/blog\/wp-json\/wp\/v2\/media?parent=1068"}],"wp:term":[{"taxonomy":"category","embeddable":true,"href":"https:\/\/mobilaner.de\/blog\/wp-json\/wp\/v2\/categories?post=1068"},{"taxonomy":"post_tag","embeddable":true,"href":"https:\/\/mobilaner.de\/blog\/wp-json\/wp\/v2\/tags?post=1068"}],"curies":[{"name":"wp","href":"https:\/\/api.w.org\/{rel}","templated":true}]}}