{"id":1151,"date":"2016-01-10T13:58:00","date_gmt":"2016-01-10T12:58:00","guid":{"rendered":"http:\/\/mobilaner.de\/blog\/?p=1151"},"modified":"2021-01-19T14:18:04","modified_gmt":"2021-01-19T13:18:04","slug":"ate-logo-portugal","status":"publish","type":"post","link":"https:\/\/mobilaner.de\/blog\/2016\/01\/10\/ate-logo-portugal\/","title":{"rendered":"At\u00e9 logo, Portugal!"},"content":{"rendered":"\n<p>Und am Morgen dann doch wieder anders&#8230; Irgendwie doch Bock auf ein wenig Berge und mal kurz weg von der K\u00fcste. Also bin ich von Faro nordw\u00e4rts aufgebrochen und \u00fcber Barranco Velho nach Cachopo hochgefahren. Einfach mal wieder Kurven fahren. Dabei dann mal wieder Meldung vom vorderen linken Radlager gekriegt. Ich wollte es eigentlich vor der Reise erst noch machen, dann war wieder nix zu h\u00f6ren und ich hatte eine andere Ursache im Verdacht und behoben. Aber irgendwie knirscht es jetzt doch, aber nur wenn ich relativ stark rechts einschlage. Ich glaube, das muss jetzt einfach noch durchhalten bis zum Fr\u00fchjahr. Spa\u00df gemacht hat die Strecke trotzdem. Das Wetter war allerdings den ganzen Tag irgendwo zwischen feucht-grau und Wolkenbruch. Etwas mehr Aussicht w\u00e4re also durchaus h\u00fcbsch gewesen, aber was nicht ist&#8230;.<\/p>\n\n\n\n<p><a href=\"http:\/\/mobilaner.de\/blog\/wp-admin\/edit.php?post_type=post\"><\/a><\/p>\n\n\n\n<figure class=\"wp-block-image size-large\"><img loading=\"lazy\" decoding=\"async\" width=\"640\" height=\"480\" src=\"http:\/\/mobilaner.de\/blog\/wp-content\/uploads\/2021\/01\/Portugal.jpg\" alt=\"\" class=\"wp-image-1152\" srcset=\"https:\/\/mobilaner.de\/blog\/wp-content\/uploads\/2021\/01\/Portugal.jpg 640w, https:\/\/mobilaner.de\/blog\/wp-content\/uploads\/2021\/01\/Portugal-300x225.jpg 300w, https:\/\/mobilaner.de\/blog\/wp-content\/uploads\/2021\/01\/Portugal-80x60.jpg 80w\" sizes=\"auto, (max-width: 640px) 100vw, 640px\" \/><figcaption>Kurze Pause an der Strecke<\/figcaption><\/figure>\n\n\n\n<p>Unterwegs noch irgendwo an einer Quelle angehalten und nochmal s\u00e4mtliche Wasservorr\u00e4te aufgef\u00fcllt. Das Wasser, was ich vorher getankt hatte, schmeckte n\u00e4mlich so gar nicht, da war ich froh, mal alle Flaschen frisch bef\u00fcllen zu k\u00f6nnen. Von Cachopo ging es dann doch wieder K\u00fcstenw\u00e4rts und da ich vor der Losfahrt so getr\u00f6delt hatte, war jetzt auch schon wieder langsam Zeit, mich nach einem Stellplatz f\u00fcr die Nacht umzusehen. Da die K\u00fcste ja doch recht dicht ist, bin ich dann einfach in den Bergen links in eine Piste abgebogen und rauf auf den n\u00e4chsten H\u00fcgel. Bus abstellen, 10 Minuten die Umgebung erkunden und die Beine etwas bewegen und Feierabend. Kein Wetter f\u00fcr l\u00e4ngere Au\u00dfenaktivit\u00e4ten, auch wenn es noch ein Weilchen hell war. Abgesehen von etwa einem Auto pro Stunde auf der Hauptstra\u00dfe und dem Regen war da oben nix zu sehen und nix zu h\u00f6ren. In der Nacht ist dann nochmal richtig Wasser vom Himmel gefallen, so dass ich doch froh war, dass der Untergrund hier so steinig ist. Allein im Nirgendwo im Matschloch h\u00e4ngen w\u00e4re grad nicht so meins gewesen.<\/p>\n\n\n\n<figure class=\"wp-block-image size-large\"><img decoding=\"async\" src=\"http:\/\/mobilaner.de\/blog\/wp-content\/uploads\/2021\/01\/IMG_7380-1-1024x768.jpg\" alt=\"\" class=\"wp-image-1154\"\/><figcaption>Bis ich da s\u00e4mtliche Wasservorr\u00e4te aufgef\u00fcllt hatte, konnte ich nebenbei noch gem\u00e4chlich was essen.<\/figcaption><\/figure>\n\n\n\n<p>Am n\u00e4chsten Morgen guckte die Sonne um Punkt Acht \u00fcber den Berg, am Himmel nur ein paar Sch\u00f6nwetterwolken und sonst strahlendes blau! Na, wer sagts denn, geht doch!<\/p>\n\n\n\n<p>Bei Tavira kam ich wieder an die K\u00fcste und von da ging es nach Vila Real de Sto. Antonio, von hier geht eine F\u00e4hre \u00fcber die Flussm\u00fcndung r\u00fcber nach Spanien. Ich hatte geh\u00f6rt, dass es in Vila Real einen Gash\u00e4ndler geben soll, der deutsche Gasflaschen auff\u00fcllt und meine erste 5kg Flasche war grade leer. Nach einigem Durchfragen landete ich an einer Autowaschanlage, an der es auch eine Autogas-Zapfs\u00e4ule gab. Der gute Mann, der da werkelte, hatte tats\u00e4chlich einen, ich vermute selbstgebauten, Adapter und hat mir die Flasche schnell wieder vollgemacht. Sehr sch\u00f6n! Heizen muss ich zwar zum Gl\u00fcck nicht, aber den K\u00fchlschrank laufen haben zu k\u00f6nnen, ist schon eine feine Sache!<\/p>\n\n\n\n<figure class=\"wp-block-image size-large\"><img loading=\"lazy\" decoding=\"async\" width=\"1024\" height=\"768\" src=\"http:\/\/mobilaner.de\/blog\/wp-content\/uploads\/2021\/01\/IMG_7405-1024x768.jpg\" alt=\"\" class=\"wp-image-1155\" srcset=\"https:\/\/mobilaner.de\/blog\/wp-content\/uploads\/2021\/01\/IMG_7405-scaled.jpg 1024w, https:\/\/mobilaner.de\/blog\/wp-content\/uploads\/2021\/01\/IMG_7405-300x225.jpg 300w, https:\/\/mobilaner.de\/blog\/wp-content\/uploads\/2021\/01\/IMG_7405-768x576.jpg 768w, https:\/\/mobilaner.de\/blog\/wp-content\/uploads\/2021\/01\/IMG_7405-1536x1152.jpg 1536w, https:\/\/mobilaner.de\/blog\/wp-content\/uploads\/2021\/01\/IMG_7405-2048x1536.jpg 2048w, https:\/\/mobilaner.de\/blog\/wp-content\/uploads\/2021\/01\/IMG_7405-80x60.jpg 80w\" sizes=\"auto, (max-width: 1024px) 100vw, 1024px\" \/><figcaption>Schlafplatz auf dem Berg<\/figcaption><\/figure>\n\n\n\n<p>In Vila Real hab ich mir dann erstmal einen ausgedehnten Stadtspaziergang geg\u00f6nnt, inklusive Antik-Flohmarkt. Alles schick, Wetter top, nur spontan keinen ansprechenden Stellplatz gefunden. Also warum nicht gleich r\u00fcber \u00fcber den Fluss? Also mit dem Bus zur F\u00e4hre gefahren und da dann zu h\u00f6ren bekommen, dass es grad mit Autos nicht m\u00f6glich ist \u00fcberzusetzen. Nur Fu\u00dfg\u00e4nger und Radfahrer. Schade! Ich fahr doch so gerne F\u00e4hre. Nun, dann doch die Strecke \u00fcber die Autobahn. Vielleicht 10km Umweg, daf\u00fcr umsonst.<\/p>\n\n\n\n<p>In Spanien dann erst durch Ayamonte gekurvt und dann weiter nach Isla Cristina. Mein erster Eindruck von S\u00fcdspanien: Im Gegensatz zu Portugal h\u00e4sslich und dreckig! Schade&#8230; aber ich hoffe, dass sich der Eindruck noch relativiert!<\/p>\n\n\n\n<figure class=\"wp-block-image size-large\"><img loading=\"lazy\" decoding=\"async\" width=\"640\" height=\"480\" src=\"http:\/\/mobilaner.de\/blog\/wp-content\/uploads\/2021\/01\/Berge.jpg\" alt=\"\" class=\"wp-image-1156\" srcset=\"https:\/\/mobilaner.de\/blog\/wp-content\/uploads\/2021\/01\/Berge.jpg 640w, https:\/\/mobilaner.de\/blog\/wp-content\/uploads\/2021\/01\/Berge-300x225.jpg 300w, https:\/\/mobilaner.de\/blog\/wp-content\/uploads\/2021\/01\/Berge-80x60.jpg 80w\" sizes=\"auto, (max-width: 640px) 100vw, 640px\" \/><figcaption>Irgendwie ja auch abseits der K\u00fcste ziemlich schick!<\/figcaption><\/figure>\n\n\n\n<p>Nach viel Rumkurverei dann einen Strand gefunden, an dem einige Kitesurfer grade ihr Equipment am zusammenpacken waren. Gro\u00dfes Hallo als sie die Oma Duck sahen. Die hat auf jeden Fall Eindruck gemacht und ich war sofort im Gespr\u00e4ch. Nach 3 Minuten posierte schon der erste Surfer mit seinem Kite oben auf meinem Dachgep\u00e4cktr\u00e4ger! \ud83d\ude09<\/p>\n\n\n\n<figure class=\"wp-block-image size-large\"><img loading=\"lazy\" decoding=\"async\" width=\"1024\" height=\"768\" src=\"http:\/\/mobilaner.de\/blog\/wp-content\/uploads\/2021\/01\/IMG_7417-1024x768.jpg\" alt=\"\" class=\"wp-image-1157\" srcset=\"https:\/\/mobilaner.de\/blog\/wp-content\/uploads\/2021\/01\/IMG_7417.jpg 1024w, https:\/\/mobilaner.de\/blog\/wp-content\/uploads\/2021\/01\/IMG_7417-300x225.jpg 300w, https:\/\/mobilaner.de\/blog\/wp-content\/uploads\/2021\/01\/IMG_7417-768x576.jpg 768w, https:\/\/mobilaner.de\/blog\/wp-content\/uploads\/2021\/01\/IMG_7417-1536x1152.jpg 1536w, https:\/\/mobilaner.de\/blog\/wp-content\/uploads\/2021\/01\/IMG_7417-80x60.jpg 80w\" sizes=\"auto, (max-width: 1024px) 100vw, 1024px\" \/><figcaption>Kiter-Fotoshooting<\/figcaption><\/figure>\n\n\n\n<p>Leider stecken Niels und Johanna aufgrund von Motorproblemen beim Magirus allerdings noch in Frankreich und werden da wohl auch noch ein paar Tage verbringen m\u00fcssen. Aber alles wird gut! Ich bin dann einfach nochmal stehengeblieben, da der Platz hinter der D\u00fcne eigentlich ganz sch\u00f6n war.<\/p>\n\n\n\n<figure class=\"wp-block-image size-large\"><img loading=\"lazy\" decoding=\"async\" width=\"1024\" height=\"768\" src=\"http:\/\/mobilaner.de\/blog\/wp-content\/uploads\/2021\/01\/IMG_7420-1024x768.jpg\" alt=\"\" class=\"wp-image-1158\" srcset=\"https:\/\/mobilaner.de\/blog\/wp-content\/uploads\/2021\/01\/IMG_7420.jpg 1024w, https:\/\/mobilaner.de\/blog\/wp-content\/uploads\/2021\/01\/IMG_7420-300x225.jpg 300w, https:\/\/mobilaner.de\/blog\/wp-content\/uploads\/2021\/01\/IMG_7420-768x576.jpg 768w, https:\/\/mobilaner.de\/blog\/wp-content\/uploads\/2021\/01\/IMG_7420-1536x1152.jpg 1536w, https:\/\/mobilaner.de\/blog\/wp-content\/uploads\/2021\/01\/IMG_7420-80x60.jpg 80w\" sizes=\"auto, (max-width: 1024px) 100vw, 1024px\" \/><figcaption>Der erste Aufenthalt in Spanien<\/figcaption><\/figure>\n\n\n\n<p>Fauler Sonntag bei \u00fcberwiegend gutem Wetter. Ein ausgedehnter Spaziergang durch die Stadt und ab und an mal zum Strand um die Surfer \u00fcber die Wellen fliegen zu sehen.<\/p>\n\n\n\n<figure class=\"wp-block-image size-large\"><img loading=\"lazy\" decoding=\"async\" width=\"1024\" height=\"768\" src=\"http:\/\/mobilaner.de\/blog\/wp-content\/uploads\/2021\/01\/IMG_7421-1024x768.jpg\" alt=\"\" class=\"wp-image-1159\" srcset=\"https:\/\/mobilaner.de\/blog\/wp-content\/uploads\/2021\/01\/IMG_7421.jpg 1024w, https:\/\/mobilaner.de\/blog\/wp-content\/uploads\/2021\/01\/IMG_7421-300x225.jpg 300w, https:\/\/mobilaner.de\/blog\/wp-content\/uploads\/2021\/01\/IMG_7421-768x576.jpg 768w, https:\/\/mobilaner.de\/blog\/wp-content\/uploads\/2021\/01\/IMG_7421-1536x1152.jpg 1536w, https:\/\/mobilaner.de\/blog\/wp-content\/uploads\/2021\/01\/IMG_7421-80x60.jpg 80w\" sizes=\"auto, (max-width: 1024px) 100vw, 1024px\" \/><\/figure>\n","protected":false},"excerpt":{"rendered":"<p>Und am Morgen dann doch wieder anders&#8230; Irgendwie doch Bock auf ein wenig Berge und mal kurz weg von der K\u00fcste. Also bin ich von Faro nordw\u00e4rts aufgebrochen und \u00fcber Barranco Velho nach Cachopo hochgefahren. Einfach mal wieder Kurven fahren. Dabei dann mal wieder Meldung vom vorderen linken Radlager gekriegt. Ich wollte es eigentlich vor &hellip; <\/p>\n","protected":false},"author":3,"featured_media":1152,"comment_status":"open","ping_status":"open","sticky":false,"template":"","format":"standard","meta":{"_stopmodifiedupdate":false,"_modified_date":"","footnotes":""},"categories":[18,19],"tags":[],"class_list":["post-1151","post","type-post","status-publish","format-standard","has-post-thumbnail","hentry","category-touren","category-tour-2015-2016"],"_links":{"self":[{"href":"https:\/\/mobilaner.de\/blog\/wp-json\/wp\/v2\/posts\/1151","targetHints":{"allow":["GET"]}}],"collection":[{"href":"https:\/\/mobilaner.de\/blog\/wp-json\/wp\/v2\/posts"}],"about":[{"href":"https:\/\/mobilaner.de\/blog\/wp-json\/wp\/v2\/types\/post"}],"author":[{"embeddable":true,"href":"https:\/\/mobilaner.de\/blog\/wp-json\/wp\/v2\/users\/3"}],"replies":[{"embeddable":true,"href":"https:\/\/mobilaner.de\/blog\/wp-json\/wp\/v2\/comments?post=1151"}],"version-history":[{"count":3,"href":"https:\/\/mobilaner.de\/blog\/wp-json\/wp\/v2\/posts\/1151\/revisions"}],"predecessor-version":[{"id":1164,"href":"https:\/\/mobilaner.de\/blog\/wp-json\/wp\/v2\/posts\/1151\/revisions\/1164"}],"wp:featuredmedia":[{"embeddable":true,"href":"https:\/\/mobilaner.de\/blog\/wp-json\/wp\/v2\/media\/1152"}],"wp:attachment":[{"href":"https:\/\/mobilaner.de\/blog\/wp-json\/wp\/v2\/media?parent=1151"}],"wp:term":[{"taxonomy":"category","embeddable":true,"href":"https:\/\/mobilaner.de\/blog\/wp-json\/wp\/v2\/categories?post=1151"},{"taxonomy":"post_tag","embeddable":true,"href":"https:\/\/mobilaner.de\/blog\/wp-json\/wp\/v2\/tags?post=1151"}],"curies":[{"name":"wp","href":"https:\/\/api.w.org\/{rel}","templated":true}]}}