{"id":1174,"date":"2016-01-05T13:32:00","date_gmt":"2016-01-05T12:32:00","guid":{"rendered":"http:\/\/mobilaner.de\/blog\/?p=1174"},"modified":"2021-01-19T14:43:42","modified_gmt":"2021-01-19T13:43:42","slug":"stuermische-westkueste","status":"publish","type":"post","link":"https:\/\/mobilaner.de\/blog\/2016\/01\/05\/stuermische-westkueste\/","title":{"rendered":"st\u00fcrmische Westk\u00fcste"},"content":{"rendered":"\n<p>Weit bin ich dann doch nicht gekommen&#8230; Um Carrapateira sollte es schick sein, so wurde gemunkelt. Und dar\u00fcber wollte ich mir dann selber ein Urteil bilden und bin da, da es auch keine 20 km Fahrt war, abends gleich mal hin. Am Praia do Amado einen gro\u00dfen Parkplatz gesehen, auch ein schon bekannter D\u00fcdo stand da, also mal abparken. Sch\u00f6ner Sonnenuntergang \u00fcber\u00b4m Meer, nette Leute, Lagerfeuer und viel quatschen. Am n\u00e4chsten Tag dann mal das Fahrrad vom Dach geschnallt und ne sch\u00f6ne Radtour oben an der Steilk\u00fcste lang zum Praia da Bordeira und \u00fcber den Ort Carrapateira zur\u00fcck. Sehr schicke Tour! Und auf die Gefahr hin, euch mit Steilk\u00fcstenbildern zu langweilen, ich hab nat\u00fcrlich einige geknipst&#8230;<\/p>\n\n\n\n<figure class=\"wp-block-image size-large\"><img loading=\"lazy\" decoding=\"async\" width=\"1024\" height=\"768\" src=\"http:\/\/mobilaner.de\/blog\/wp-content\/uploads\/2021\/01\/IMG_7331-1024x768.jpg\" alt=\"\" class=\"wp-image-1175\" srcset=\"https:\/\/mobilaner.de\/blog\/wp-content\/uploads\/2021\/01\/IMG_7331-scaled.jpg 1024w, https:\/\/mobilaner.de\/blog\/wp-content\/uploads\/2021\/01\/IMG_7331-300x225.jpg 300w, https:\/\/mobilaner.de\/blog\/wp-content\/uploads\/2021\/01\/IMG_7331-768x576.jpg 768w, https:\/\/mobilaner.de\/blog\/wp-content\/uploads\/2021\/01\/IMG_7331-1536x1152.jpg 1536w, https:\/\/mobilaner.de\/blog\/wp-content\/uploads\/2021\/01\/IMG_7331-2048x1536.jpg 2048w, https:\/\/mobilaner.de\/blog\/wp-content\/uploads\/2021\/01\/IMG_7331-80x60.jpg 80w\" sizes=\"auto, (max-width: 1024px) 100vw, 1024px\" \/><figcaption>Sonnenuntergang am Praia do Amado<\/figcaption><\/figure>\n\n\n\n<p>Am Abend wurde der Wind nochmal massiver, es vertr\u00e4gt wohl schon die Bezeichnung \u201eSturm\u201c, daher wollte ich dann meine Zelte doch abbrechen und mir was windstilleres suchen. Auf dem Weg zur\u00fcck doch noch einem grade ankommenden auch schon bekannten Bus begegnet. Also zusammen zum Praia da Bordeira, in der Hoffnung auf einen gesch\u00fctzteren Parkplatz. Gab noch sch\u00f6n gek\u00fchltes Flens, aber dann doch wieder eine recht st\u00fcrmische Nacht, die mir den Kunstrasenteppich fast von der Dachterrasse gerissen h\u00e4tte. Das machte die Angelegenheit nicht leiser&#8230;.<\/p>\n\n\n\n<figure class=\"wp-block-image size-large\"><img loading=\"lazy\" decoding=\"async\" width=\"1024\" height=\"768\" src=\"http:\/\/mobilaner.de\/blog\/wp-content\/uploads\/2021\/01\/IMG_7337-1024x768.jpg\" alt=\"\" class=\"wp-image-1176\" srcset=\"https:\/\/mobilaner.de\/blog\/wp-content\/uploads\/2021\/01\/IMG_7337-scaled.jpg 1024w, https:\/\/mobilaner.de\/blog\/wp-content\/uploads\/2021\/01\/IMG_7337-300x225.jpg 300w, https:\/\/mobilaner.de\/blog\/wp-content\/uploads\/2021\/01\/IMG_7337-768x576.jpg 768w, https:\/\/mobilaner.de\/blog\/wp-content\/uploads\/2021\/01\/IMG_7337-1536x1152.jpg 1536w, https:\/\/mobilaner.de\/blog\/wp-content\/uploads\/2021\/01\/IMG_7337-2048x1536.jpg 2048w, https:\/\/mobilaner.de\/blog\/wp-content\/uploads\/2021\/01\/IMG_7337-80x60.jpg 80w\" sizes=\"auto, (max-width: 1024px) 100vw, 1024px\" \/><figcaption>Ich glaube, ich habe noch nie einen so farbenfrohen Steinstrand gesehen.<\/figcaption><\/figure>\n\n\n\n<p>Heute fahren Niels und Johanna los, ich freu mich drauf, die beiden bald hier unten zu treffen und mit ihnen gemeinsam auf die F\u00e4hre zu tuckern! Es lohnt sich mit Sicherheit auch ein regem\u00e4\u00dfiger Blick auf ihre Seite\u00a0<a rel=\"noreferrer noopener\" target=\"_blank\" href=\"http:\/\/maggies-welt.jimdo.com\/\">http:\/\/maggies-welt.jimdo.com\/<\/a><\/p>\n\n\n\n<figure class=\"wp-block-gallery columns-3 is-cropped wp-block-gallery-1 is-layout-flex wp-block-gallery-is-layout-flex\"><ul class=\"blocks-gallery-grid\"><li class=\"blocks-gallery-item\"><figure><img loading=\"lazy\" decoding=\"async\" width=\"768\" height=\"1024\" src=\"http:\/\/mobilaner.de\/blog\/wp-content\/uploads\/2021\/01\/IMG_7336-768x1024.jpg\" alt=\"\" data-id=\"1177\" data-link=\"http:\/\/mobilaner.de\/blog\/?attachment_id=1177\" class=\"wp-image-1177\" srcset=\"https:\/\/mobilaner.de\/blog\/wp-content\/uploads\/2021\/01\/IMG_7336-scaled.jpg 768w, https:\/\/mobilaner.de\/blog\/wp-content\/uploads\/2021\/01\/IMG_7336-225x300.jpg 225w, https:\/\/mobilaner.de\/blog\/wp-content\/uploads\/2021\/01\/IMG_7336-1152x1536.jpg 1152w, https:\/\/mobilaner.de\/blog\/wp-content\/uploads\/2021\/01\/IMG_7336-1536x2048.jpg 1536w, https:\/\/mobilaner.de\/blog\/wp-content\/uploads\/2021\/01\/IMG_7336-45x60.jpg 45w\" sizes=\"auto, (max-width: 768px) 100vw, 768px\" \/><\/figure><\/li><li class=\"blocks-gallery-item\"><figure><img loading=\"lazy\" decoding=\"async\" width=\"1024\" height=\"768\" src=\"http:\/\/mobilaner.de\/blog\/wp-content\/uploads\/2021\/01\/IMG_7338-1024x768.jpg\" alt=\"\" data-id=\"1178\" data-link=\"http:\/\/mobilaner.de\/blog\/?attachment_id=1178\" class=\"wp-image-1178\" srcset=\"https:\/\/mobilaner.de\/blog\/wp-content\/uploads\/2021\/01\/IMG_7338-scaled.jpg 1024w, https:\/\/mobilaner.de\/blog\/wp-content\/uploads\/2021\/01\/IMG_7338-300x225.jpg 300w, https:\/\/mobilaner.de\/blog\/wp-content\/uploads\/2021\/01\/IMG_7338-768x576.jpg 768w, https:\/\/mobilaner.de\/blog\/wp-content\/uploads\/2021\/01\/IMG_7338-1536x1152.jpg 1536w, https:\/\/mobilaner.de\/blog\/wp-content\/uploads\/2021\/01\/IMG_7338-2048x1536.jpg 2048w, https:\/\/mobilaner.de\/blog\/wp-content\/uploads\/2021\/01\/IMG_7338-80x60.jpg 80w\" sizes=\"auto, (max-width: 1024px) 100vw, 1024px\" \/><\/figure><\/li><li class=\"blocks-gallery-item\"><figure><img loading=\"lazy\" decoding=\"async\" width=\"1024\" height=\"768\" src=\"http:\/\/mobilaner.de\/blog\/wp-content\/uploads\/2021\/01\/IMG_7342-1024x768.jpg\" alt=\"\" data-id=\"1179\" data-link=\"http:\/\/mobilaner.de\/blog\/?attachment_id=1179\" class=\"wp-image-1179\" srcset=\"https:\/\/mobilaner.de\/blog\/wp-content\/uploads\/2021\/01\/IMG_7342.jpg 1024w, https:\/\/mobilaner.de\/blog\/wp-content\/uploads\/2021\/01\/IMG_7342-300x225.jpg 300w, https:\/\/mobilaner.de\/blog\/wp-content\/uploads\/2021\/01\/IMG_7342-768x576.jpg 768w, https:\/\/mobilaner.de\/blog\/wp-content\/uploads\/2021\/01\/IMG_7342-1536x1152.jpg 1536w, https:\/\/mobilaner.de\/blog\/wp-content\/uploads\/2021\/01\/IMG_7342-80x60.jpg 80w\" sizes=\"auto, (max-width: 1024px) 100vw, 1024px\" \/><\/figure><\/li><li class=\"blocks-gallery-item\"><figure><img loading=\"lazy\" decoding=\"async\" width=\"1024\" height=\"768\" src=\"http:\/\/mobilaner.de\/blog\/wp-content\/uploads\/2021\/01\/IMG_7344-1024x768.jpg\" alt=\"\" data-id=\"1180\" data-link=\"http:\/\/mobilaner.de\/blog\/?attachment_id=1180\" class=\"wp-image-1180\" srcset=\"https:\/\/mobilaner.de\/blog\/wp-content\/uploads\/2021\/01\/IMG_7344-scaled.jpg 1024w, https:\/\/mobilaner.de\/blog\/wp-content\/uploads\/2021\/01\/IMG_7344-300x225.jpg 300w, https:\/\/mobilaner.de\/blog\/wp-content\/uploads\/2021\/01\/IMG_7344-768x576.jpg 768w, https:\/\/mobilaner.de\/blog\/wp-content\/uploads\/2021\/01\/IMG_7344-1536x1152.jpg 1536w, https:\/\/mobilaner.de\/blog\/wp-content\/uploads\/2021\/01\/IMG_7344-2048x1536.jpg 2048w, https:\/\/mobilaner.de\/blog\/wp-content\/uploads\/2021\/01\/IMG_7344-80x60.jpg 80w\" sizes=\"auto, (max-width: 1024px) 100vw, 1024px\" \/><\/figure><\/li><li class=\"blocks-gallery-item\"><figure><img loading=\"lazy\" decoding=\"async\" width=\"1024\" height=\"768\" src=\"http:\/\/mobilaner.de\/blog\/wp-content\/uploads\/2021\/01\/IMG_7347-1024x768.jpg\" alt=\"\" data-id=\"1181\" data-link=\"http:\/\/mobilaner.de\/blog\/?attachment_id=1181\" class=\"wp-image-1181\" srcset=\"https:\/\/mobilaner.de\/blog\/wp-content\/uploads\/2021\/01\/IMG_7347-scaled.jpg 1024w, https:\/\/mobilaner.de\/blog\/wp-content\/uploads\/2021\/01\/IMG_7347-300x225.jpg 300w, https:\/\/mobilaner.de\/blog\/wp-content\/uploads\/2021\/01\/IMG_7347-768x576.jpg 768w, https:\/\/mobilaner.de\/blog\/wp-content\/uploads\/2021\/01\/IMG_7347-1536x1152.jpg 1536w, https:\/\/mobilaner.de\/blog\/wp-content\/uploads\/2021\/01\/IMG_7347-2048x1536.jpg 2048w, https:\/\/mobilaner.de\/blog\/wp-content\/uploads\/2021\/01\/IMG_7347-80x60.jpg 80w\" sizes=\"auto, (max-width: 1024px) 100vw, 1024px\" \/><\/figure><\/li><li class=\"blocks-gallery-item\"><figure><img loading=\"lazy\" decoding=\"async\" width=\"533\" height=\"400\" src=\"http:\/\/mobilaner.de\/blog\/wp-content\/uploads\/2021\/01\/Strand.jpg\" alt=\"\" data-id=\"1182\" data-link=\"http:\/\/mobilaner.de\/blog\/?attachment_id=1182\" class=\"wp-image-1182\" srcset=\"https:\/\/mobilaner.de\/blog\/wp-content\/uploads\/2021\/01\/Strand.jpg 533w, https:\/\/mobilaner.de\/blog\/wp-content\/uploads\/2021\/01\/Strand-300x225.jpg 300w, https:\/\/mobilaner.de\/blog\/wp-content\/uploads\/2021\/01\/Strand-80x60.jpg 80w\" sizes=\"auto, (max-width: 533px) 100vw, 533px\" \/><\/figure><\/li><li class=\"blocks-gallery-item\"><figure><img loading=\"lazy\" decoding=\"async\" width=\"1024\" height=\"768\" src=\"http:\/\/mobilaner.de\/blog\/wp-content\/uploads\/2021\/01\/IMG_7351-1024x768.jpg\" alt=\"\" data-id=\"1183\" data-link=\"http:\/\/mobilaner.de\/blog\/?attachment_id=1183\" class=\"wp-image-1183\" srcset=\"https:\/\/mobilaner.de\/blog\/wp-content\/uploads\/2021\/01\/IMG_7351-scaled.jpg 1024w, https:\/\/mobilaner.de\/blog\/wp-content\/uploads\/2021\/01\/IMG_7351-300x225.jpg 300w, https:\/\/mobilaner.de\/blog\/wp-content\/uploads\/2021\/01\/IMG_7351-768x576.jpg 768w, https:\/\/mobilaner.de\/blog\/wp-content\/uploads\/2021\/01\/IMG_7351-1536x1152.jpg 1536w, https:\/\/mobilaner.de\/blog\/wp-content\/uploads\/2021\/01\/IMG_7351-2048x1536.jpg 2048w, https:\/\/mobilaner.de\/blog\/wp-content\/uploads\/2021\/01\/IMG_7351-80x60.jpg 80w\" sizes=\"auto, (max-width: 1024px) 100vw, 1024px\" \/><\/figure><\/li><li class=\"blocks-gallery-item\"><figure><img loading=\"lazy\" decoding=\"async\" width=\"768\" height=\"1024\" src=\"http:\/\/mobilaner.de\/blog\/wp-content\/uploads\/2021\/01\/IMG_7352-768x1024.jpg\" alt=\"\" data-id=\"1184\" data-link=\"http:\/\/mobilaner.de\/blog\/?attachment_id=1184\" class=\"wp-image-1184\" srcset=\"https:\/\/mobilaner.de\/blog\/wp-content\/uploads\/2021\/01\/IMG_7352-scaled.jpg 768w, https:\/\/mobilaner.de\/blog\/wp-content\/uploads\/2021\/01\/IMG_7352-225x300.jpg 225w, https:\/\/mobilaner.de\/blog\/wp-content\/uploads\/2021\/01\/IMG_7352-1152x1536.jpg 1152w, https:\/\/mobilaner.de\/blog\/wp-content\/uploads\/2021\/01\/IMG_7352-1536x2048.jpg 1536w, https:\/\/mobilaner.de\/blog\/wp-content\/uploads\/2021\/01\/IMG_7352-45x60.jpg 45w\" sizes=\"auto, (max-width: 768px) 100vw, 768px\" \/><\/figure><\/li><li class=\"blocks-gallery-item\"><figure><img loading=\"lazy\" decoding=\"async\" width=\"533\" height=\"400\" src=\"http:\/\/mobilaner.de\/blog\/wp-content\/uploads\/2021\/01\/Meer.jpg\" alt=\"\" data-id=\"1185\" data-full-url=\"http:\/\/mobilaner.de\/blog\/wp-content\/uploads\/2021\/01\/Meer.jpg\" data-link=\"http:\/\/mobilaner.de\/blog\/?attachment_id=1185\" class=\"wp-image-1185\" srcset=\"https:\/\/mobilaner.de\/blog\/wp-content\/uploads\/2021\/01\/Meer.jpg 533w, https:\/\/mobilaner.de\/blog\/wp-content\/uploads\/2021\/01\/Meer-300x225.jpg 300w, https:\/\/mobilaner.de\/blog\/wp-content\/uploads\/2021\/01\/Meer-80x60.jpg 80w\" sizes=\"auto, (max-width: 533px) 100vw, 533px\" \/><\/figure><\/li><\/ul><\/figure>\n","protected":false},"excerpt":{"rendered":"<p>Weit bin ich dann doch nicht gekommen&#8230; Um Carrapateira sollte es schick sein, so wurde gemunkelt. Und dar\u00fcber wollte ich mir dann selber ein Urteil bilden und bin da, da es auch keine 20 km Fahrt war, abends gleich mal hin. Am Praia do Amado einen gro\u00dfen Parkplatz gesehen, auch ein schon bekannter D\u00fcdo stand &hellip; <\/p>\n","protected":false},"author":3,"featured_media":1175,"comment_status":"open","ping_status":"open","sticky":false,"template":"","format":"standard","meta":{"_stopmodifiedupdate":false,"_modified_date":"","footnotes":""},"categories":[18,19],"tags":[],"class_list":["post-1174","post","type-post","status-publish","format-standard","has-post-thumbnail","hentry","category-touren","category-tour-2015-2016"],"_links":{"self":[{"href":"https:\/\/mobilaner.de\/blog\/wp-json\/wp\/v2\/posts\/1174","targetHints":{"allow":["GET"]}}],"collection":[{"href":"https:\/\/mobilaner.de\/blog\/wp-json\/wp\/v2\/posts"}],"about":[{"href":"https:\/\/mobilaner.de\/blog\/wp-json\/wp\/v2\/types\/post"}],"author":[{"embeddable":true,"href":"https:\/\/mobilaner.de\/blog\/wp-json\/wp\/v2\/users\/3"}],"replies":[{"embeddable":true,"href":"https:\/\/mobilaner.de\/blog\/wp-json\/wp\/v2\/comments?post=1174"}],"version-history":[{"count":1,"href":"https:\/\/mobilaner.de\/blog\/wp-json\/wp\/v2\/posts\/1174\/revisions"}],"predecessor-version":[{"id":1186,"href":"https:\/\/mobilaner.de\/blog\/wp-json\/wp\/v2\/posts\/1174\/revisions\/1186"}],"wp:featuredmedia":[{"embeddable":true,"href":"https:\/\/mobilaner.de\/blog\/wp-json\/wp\/v2\/media\/1175"}],"wp:attachment":[{"href":"https:\/\/mobilaner.de\/blog\/wp-json\/wp\/v2\/media?parent=1174"}],"wp:term":[{"taxonomy":"category","embeddable":true,"href":"https:\/\/mobilaner.de\/blog\/wp-json\/wp\/v2\/categories?post=1174"},{"taxonomy":"post_tag","embeddable":true,"href":"https:\/\/mobilaner.de\/blog\/wp-json\/wp\/v2\/tags?post=1174"}],"curies":[{"name":"wp","href":"https:\/\/api.w.org\/{rel}","templated":true}]}}