{"id":1198,"date":"2015-12-27T18:48:00","date_gmt":"2015-12-27T17:48:00","guid":{"rendered":"http:\/\/mobilaner.de\/blog\/?p=1198"},"modified":"2021-01-19T18:50:49","modified_gmt":"2021-01-19T17:50:49","slug":"strand-felsen-wellen","status":"publish","type":"post","link":"https:\/\/mobilaner.de\/blog\/2015\/12\/27\/strand-felsen-wellen\/","title":{"rendered":"Strand, Felsen, Wellen&#8230;"},"content":{"rendered":"\n<p>&#8230;und die unb\u00e4ndige Kraft des Meeres. Schon geil&#8230; Ich bin am 24. dann doch noch abends zur\u00fcck nach Nazar\u00e9 gefahren und hab sch\u00f6n oberhalb vom Strand geparkt. Bester Blick \u00fcber die K\u00fcste! Am n\u00e4chsten morgen (naja, war wohl eher Mittag&#8230;) hab ich mir einen ausgedehnten Spaziergang geg\u00f6nnt und da ich dabei nicht Richtung Aussichtspunkt auf den Felsen, sondern in die andere Richtung gelaufen bin, hab ich auch die ganze Zeit keinen einzigen Menschen getroffen. Was sich dann bei der R\u00fcckkehr zum Bus \u00e4ndern sollte, da war dann pl\u00f6tzlich alles voll. Leute ohne Ende, die um den Bus rum standen und auf die Wellen geguckt haben. Da war nix mehr mit Ruhe, das war schon ein Massenauflauf. Aber gegen Abend verschwanden sie dann auch alle wieder so schnell wie sie gekommen waren. Im dunkeln tauchte dann noch ein deutsches Wohnmobil auf. Kurz mal raus, Hallo sagen und am Ende dann lange quatschen mit viel deutschem Bier&#8230;<\/p>\n\n\n\n<figure class=\"wp-block-image size-large\"><img loading=\"lazy\" decoding=\"async\" width=\"1024\" height=\"768\" src=\"http:\/\/mobilaner.de\/blog\/wp-content\/uploads\/2021\/01\/IMG_7302-1024x768.jpg\" alt=\"\" class=\"wp-image-1199\" srcset=\"https:\/\/mobilaner.de\/blog\/wp-content\/uploads\/2021\/01\/IMG_7302-scaled.jpg 1024w, https:\/\/mobilaner.de\/blog\/wp-content\/uploads\/2021\/01\/IMG_7302-300x225.jpg 300w, https:\/\/mobilaner.de\/blog\/wp-content\/uploads\/2021\/01\/IMG_7302-768x576.jpg 768w, https:\/\/mobilaner.de\/blog\/wp-content\/uploads\/2021\/01\/IMG_7302-1536x1152.jpg 1536w, https:\/\/mobilaner.de\/blog\/wp-content\/uploads\/2021\/01\/IMG_7302-2048x1536.jpg 2048w, https:\/\/mobilaner.de\/blog\/wp-content\/uploads\/2021\/01\/IMG_7302-80x60.jpg 80w\" sizes=\"auto, (max-width: 1024px) 100vw, 1024px\" \/><\/figure>\n\n\n\n<p>Am Morgen nach dem Fr\u00fchst\u00fcck habe ich dann meine Sachen gepackt und mich in Richtung Peniche auf den Weg gemacht. 60 km s\u00fcdw\u00e4rts. Da auch au\u00dferhalb des Ortes einen Platz direkt an den Klippen gefunden, ideal f\u00fcr Mittagessen und Siesta. Allerdings zog es mich dann doch irgendwie weiter. Also nochmal weiter s\u00fcdlich, aber schon kurz hinter Peniche der n\u00e4chste Stopp. Ein Parkplatz nur von einer D\u00fcne vom Strand getrennt, also keine direkte Sicht aufs Meer, daf\u00fcr aber auch deutlich leiser. In der Nachbarschaft 2 belgische Jeeps mit Aufbau, die schon seit \u00fcber 2 Monaten hier auf dem Platz stehen, sowie ein franz\u00f6sischer T3. Alles Surfer. Hier ist wohl auch ein recht bekannter Surferstrand, da die Wellen hier sehr lang sind. Ich werde mir das morgen mal angucken gehen!<\/p>\n\n\n\n<figure class=\"wp-block-image size-large\"><img loading=\"lazy\" decoding=\"async\" width=\"640\" height=\"480\" src=\"http:\/\/mobilaner.de\/blog\/wp-content\/uploads\/2021\/01\/Kueste.jpg\" alt=\"\" class=\"wp-image-1202\" srcset=\"https:\/\/mobilaner.de\/blog\/wp-content\/uploads\/2021\/01\/Kueste.jpg 640w, https:\/\/mobilaner.de\/blog\/wp-content\/uploads\/2021\/01\/Kueste-300x225.jpg 300w, https:\/\/mobilaner.de\/blog\/wp-content\/uploads\/2021\/01\/Kueste-80x60.jpg 80w\" sizes=\"auto, (max-width: 640px) 100vw, 640px\" \/><figcaption>Mittagspausendomizil<\/figcaption><\/figure>\n\n\n\n<p>Insgesamt l\u00e4sst sich das hier \u00fcberall sehr gut aushalten! Heute war es \u00fcberwiegend sonnig und dabei zeigte mein Thermometer 19 Grad. Allerdings war es auch recht windig, was dann doch noch einen Pulli einforderte, aber schon fahren mit offener Schiebet\u00fcr zulie\u00df. Nicht unbedingt auf der Autobahn, aber f\u00fcr \u00fcber die D\u00f6rfer voll okay! Auch die Oma Duck kommt hier allgemein gut an, es ist schon auff\u00e4llig, wie oft ich hier freundlich gegr\u00fc\u00dft werde. Besonders bei offener Schiebet\u00fcr gibt\u2019s viele Daumen nach oben, aber auch so, wenn ich einfach nur irgendwo parke.<\/p>\n","protected":false},"excerpt":{"rendered":"<p>&#8230;und die unb\u00e4ndige Kraft des Meeres. Schon geil&#8230; Ich bin am 24. dann doch noch abends zur\u00fcck nach Nazar\u00e9 gefahren und hab sch\u00f6n oberhalb vom Strand geparkt. Bester Blick \u00fcber die K\u00fcste! Am n\u00e4chsten morgen (naja, war wohl eher Mittag&#8230;) hab ich mir einen ausgedehnten Spaziergang geg\u00f6nnt und da ich dabei nicht Richtung Aussichtspunkt auf &hellip; <\/p>\n","protected":false},"author":3,"featured_media":1199,"comment_status":"open","ping_status":"open","sticky":false,"template":"","format":"standard","meta":{"_stopmodifiedupdate":false,"_modified_date":"","footnotes":""},"categories":[18,19],"tags":[],"class_list":["post-1198","post","type-post","status-publish","format-standard","has-post-thumbnail","hentry","category-touren","category-tour-2015-2016"],"_links":{"self":[{"href":"https:\/\/mobilaner.de\/blog\/wp-json\/wp\/v2\/posts\/1198","targetHints":{"allow":["GET"]}}],"collection":[{"href":"https:\/\/mobilaner.de\/blog\/wp-json\/wp\/v2\/posts"}],"about":[{"href":"https:\/\/mobilaner.de\/blog\/wp-json\/wp\/v2\/types\/post"}],"author":[{"embeddable":true,"href":"https:\/\/mobilaner.de\/blog\/wp-json\/wp\/v2\/users\/3"}],"replies":[{"embeddable":true,"href":"https:\/\/mobilaner.de\/blog\/wp-json\/wp\/v2\/comments?post=1198"}],"version-history":[{"count":2,"href":"https:\/\/mobilaner.de\/blog\/wp-json\/wp\/v2\/posts\/1198\/revisions"}],"predecessor-version":[{"id":1203,"href":"https:\/\/mobilaner.de\/blog\/wp-json\/wp\/v2\/posts\/1198\/revisions\/1203"}],"wp:featuredmedia":[{"embeddable":true,"href":"https:\/\/mobilaner.de\/blog\/wp-json\/wp\/v2\/media\/1199"}],"wp:attachment":[{"href":"https:\/\/mobilaner.de\/blog\/wp-json\/wp\/v2\/media?parent=1198"}],"wp:term":[{"taxonomy":"category","embeddable":true,"href":"https:\/\/mobilaner.de\/blog\/wp-json\/wp\/v2\/categories?post=1198"},{"taxonomy":"post_tag","embeddable":true,"href":"https:\/\/mobilaner.de\/blog\/wp-json\/wp\/v2\/tags?post=1198"}],"curies":[{"name":"wp","href":"https:\/\/api.w.org\/{rel}","templated":true}]}}