{"id":1218,"date":"2015-12-23T19:54:00","date_gmt":"2015-12-23T18:54:00","guid":{"rendered":"http:\/\/mobilaner.de\/blog\/?p=1218"},"modified":"2021-01-19T20:51:35","modified_gmt":"2021-01-19T19:51:35","slug":"atlantikstrand-und-nordspanischer-nebel","status":"publish","type":"post","link":"https:\/\/mobilaner.de\/blog\/2015\/12\/23\/atlantikstrand-und-nordspanischer-nebel\/","title":{"rendered":"Atlantikstrand und nordspanischer Nebel"},"content":{"rendered":"\n<p>Bis Spanien hab ich es dann doch nicht mehr ganz geschafft, aber trotzdem hatte ich am Abend wahnwitzige 680 km auf der Uhr. Das war ein guter Marathon. Feierabend war dann auf einem recht ruhigen Autobahnrastplatz, wo ich dann gut und relativ lange geschlafen habe und es am Morgen auch sch\u00f6n gem\u00fctlich habe angehen lassen. Die erste Ladung W\u00e4sche im verschlie\u00dfbaren Eimer mit ein paar Waschn\u00fcssen und warm Wasser aufs Dach geschnallt, so dass sie durch die wilde Fahrt am Abend sch\u00f6n durchgesch\u00fcttelt und damit sowas \u00e4hnliches wie sauber war. Kommt gegen ne Waschmaschine noch nicht an, aber ich probiere das auf marokkanischer Piste sp\u00e4testes nochmal, da sollte das dann eigentlich ein besseres Ergebnis erzielen. Weniger bedacht habe ich allerdings, dass ich ja noch ein paar Tage vor mir habe und somit wenig Zeit f\u00fcr ne gem\u00fctliche Drau\u00dfentrocknung besteht. Nun ja&#8230;<\/p>\n\n\n\n<p>Mittags dann der erste Atlantikkontakt! So oft bin ich die Strecke ja noch nicht gefahren, aber wenn, dann gab es auf jeden Fall immer einen kurzen Zwischenstopp in Biarritz, wo man eben das erste Mal direkt am Strand vorbeif\u00e4hrt. Also ne Stunde in den Sand gelegt, die Sonne genossen und die F\u00fc\u00dfe mal in die auslaufende Brandung gesteckt und dabei die Surfer beobachtet. Sch\u00f6\u00f6\u00f6\u00f6\u00f6n! Und das kurz vor Weihnachten! So soll das sein!<\/p>\n\n\n\n<figure class=\"wp-block-image size-large\"><img loading=\"lazy\" decoding=\"async\" width=\"640\" height=\"480\" src=\"http:\/\/mobilaner.de\/blog\/wp-content\/uploads\/2021\/01\/Strasse-Hinfahrt.jpg\" alt=\"\" class=\"wp-image-1219\" srcset=\"https:\/\/mobilaner.de\/blog\/wp-content\/uploads\/2021\/01\/Strasse-Hinfahrt.jpg 640w, https:\/\/mobilaner.de\/blog\/wp-content\/uploads\/2021\/01\/Strasse-Hinfahrt-300x225.jpg 300w, https:\/\/mobilaner.de\/blog\/wp-content\/uploads\/2021\/01\/Strasse-Hinfahrt-80x60.jpg 80w\" sizes=\"auto, (max-width: 640px) 100vw, 640px\" \/><\/figure>\n\n\n\n<p>Als ich dann am Abend auf der Suche nach einem Bankautomaten und offenem w-lan einfach mal nach Burgos reingefahren bin, zeigte das Thermometer allerdings 5 Grad an. Geglaubt hab ich das allerdings nicht. Erst als ich dann die T\u00fcr aufmachte und ausgestiegen bin. Brrrr, nee! So war das nicht gebucht! Kleine Runde Stadtspaziergang, Dieselgeld aus dem Automaten gezogen und schnell weiter. Kann nur besser werden, dachte ich. Falsch, kann noch nebliger werden! Den Rest des Abends und den n\u00e4chsten Vormittag bin ich komplett durch dichteste Nebelsuppe gefahren. Schade, eigentlich ist Nordspanien ja auch recht ansehnlich. Da kam aber nix von durch. Am fr\u00fchen Nachmittag klarte es auf und bis hinter die portugiesische Grenze konnte ich auch ganz gut gucken, dann ging es wieder los. Von Oben betrachtet, sieht Nebel im Tal ja immer wundersch\u00f6n aus. Von unten nicht so&#8230;. Also hab ich mich dann gr\u00f6\u00dftenteils wieder im Nebel durch die Serra da Estrela westlich in Richtung Coimbra geschraubt. Nat\u00fcrlich immer sch\u00f6n abseits der Autobahnen \u00fcber die schmalen Bergstra\u00dfen. Ist ja schon ne Herausforderung f\u00fcr so Flachlandkletterer wie mich. Aber Spa\u00df macht es ja doch die Serpentinen rauf und runter zu kurven und die gute Oma Duck hat sich bisher auch wirklich tapfer geschlagen! Tats\u00e4chlich hat sich auch der Dieselverbrauch nach den ersten beiden Tankf\u00fcllungen mit bummelig 16,5 dann schlagartig auf 12,irgendwas eingependelt. Sehr angenehme \u00dcberraschung! Damit kann ich leben! Mal sehen, was sie jetzt auf der Bergetappe weggeschl\u00fcrft hat&#8230;<\/p>\n\n\n\n<p>Jetzt ist erstmal Pause bis morgen fr\u00fch angesagt. Ich d\u00fcrfte nicht mehr allzu weit von Coimbra entfernt sein, aber keine Lust auf Gro\u00dfstadtdschungel heute. Ich stehe an einer kleinen Stra\u00dfe etwas abseits der Strecke. Nat\u00fcrlich ohne w-lan, also kann ich den Bericht zwar schreiben, aber auch heute wieder nicht abschicken. In Coimbra war ich vor bummelig 20 Jahren schon einmal f\u00fcr ein oder 2 Tage. Kann mich erinnern, dass mir die Studentenstadt gefallen hat und ich in irgendeinem Abbruchhaus im Stadtzentrum gepennt habe. Mal sehen, ob ich mir morgen noch &#8217;nen kleinen Rundgang g\u00f6nne.<\/p>\n\n\n\n\n\n<figure class=\"wp-block-image size-large\"><img loading=\"lazy\" decoding=\"async\" width=\"1024\" height=\"768\" src=\"http:\/\/mobilaner.de\/blog\/wp-content\/uploads\/2021\/01\/IMG_7238-1024x768.jpg\" alt=\"\" class=\"wp-image-1220\" srcset=\"https:\/\/mobilaner.de\/blog\/wp-content\/uploads\/2021\/01\/IMG_7238-scaled.jpg 1024w, https:\/\/mobilaner.de\/blog\/wp-content\/uploads\/2021\/01\/IMG_7238-300x225.jpg 300w, https:\/\/mobilaner.de\/blog\/wp-content\/uploads\/2021\/01\/IMG_7238-768x576.jpg 768w, https:\/\/mobilaner.de\/blog\/wp-content\/uploads\/2021\/01\/IMG_7238-1536x1152.jpg 1536w, https:\/\/mobilaner.de\/blog\/wp-content\/uploads\/2021\/01\/IMG_7238-2048x1536.jpg 2048w, https:\/\/mobilaner.de\/blog\/wp-content\/uploads\/2021\/01\/IMG_7238-80x60.jpg 80w\" sizes=\"auto, (max-width: 1024px) 100vw, 1024px\" \/><figcaption>Der erste Morgen in Portugal aus meinem &#8222;Schlafzimmerfenster&#8220; &#8211; vielversprechend<\/figcaption><\/figure>\n\n\n\n<p><\/p>\n","protected":false},"excerpt":{"rendered":"<p>Bis Spanien hab ich es dann doch nicht mehr ganz geschafft, aber trotzdem hatte ich am Abend wahnwitzige 680 km auf der Uhr. Das war ein guter Marathon. Feierabend war dann auf einem recht ruhigen Autobahnrastplatz, wo ich dann gut und relativ lange geschlafen habe und es am Morgen auch sch\u00f6n gem\u00fctlich habe angehen lassen. &hellip; <\/p>\n","protected":false},"author":3,"featured_media":1219,"comment_status":"open","ping_status":"open","sticky":false,"template":"","format":"standard","meta":{"_stopmodifiedupdate":false,"_modified_date":"","footnotes":""},"categories":[18,19],"tags":[],"class_list":["post-1218","post","type-post","status-publish","format-standard","has-post-thumbnail","hentry","category-touren","category-tour-2015-2016"],"_links":{"self":[{"href":"https:\/\/mobilaner.de\/blog\/wp-json\/wp\/v2\/posts\/1218","targetHints":{"allow":["GET"]}}],"collection":[{"href":"https:\/\/mobilaner.de\/blog\/wp-json\/wp\/v2\/posts"}],"about":[{"href":"https:\/\/mobilaner.de\/blog\/wp-json\/wp\/v2\/types\/post"}],"author":[{"embeddable":true,"href":"https:\/\/mobilaner.de\/blog\/wp-json\/wp\/v2\/users\/3"}],"replies":[{"embeddable":true,"href":"https:\/\/mobilaner.de\/blog\/wp-json\/wp\/v2\/comments?post=1218"}],"version-history":[{"count":1,"href":"https:\/\/mobilaner.de\/blog\/wp-json\/wp\/v2\/posts\/1218\/revisions"}],"predecessor-version":[{"id":1221,"href":"https:\/\/mobilaner.de\/blog\/wp-json\/wp\/v2\/posts\/1218\/revisions\/1221"}],"wp:featuredmedia":[{"embeddable":true,"href":"https:\/\/mobilaner.de\/blog\/wp-json\/wp\/v2\/media\/1219"}],"wp:attachment":[{"href":"https:\/\/mobilaner.de\/blog\/wp-json\/wp\/v2\/media?parent=1218"}],"wp:term":[{"taxonomy":"category","embeddable":true,"href":"https:\/\/mobilaner.de\/blog\/wp-json\/wp\/v2\/categories?post=1218"},{"taxonomy":"post_tag","embeddable":true,"href":"https:\/\/mobilaner.de\/blog\/wp-json\/wp\/v2\/tags?post=1218"}],"curies":[{"name":"wp","href":"https:\/\/api.w.org\/{rel}","templated":true}]}}