{"id":1222,"date":"2015-12-20T22:15:00","date_gmt":"2015-12-20T21:15:00","guid":{"rendered":"http:\/\/mobilaner.de\/blog\/?p=1222"},"modified":"2021-01-19T22:19:59","modified_gmt":"2021-01-19T21:19:59","slug":"on-the-road-2","status":"publish","type":"post","link":"https:\/\/mobilaner.de\/blog\/2015\/12\/20\/on-the-road-2\/","title":{"rendered":"On the road"},"content":{"rendered":"\n<p>Fahr\u00b4n, fahr\u00b4n, fahr\u00b4n&#8230; Den Sonnabend hab ich tats\u00e4chlich mal gut Strecke geschafft. Ich stehe jetzt auf einem Parkplatz in Melun, knapp s\u00fcdlich von Paris. Laut Navi sind das 459 km von Aachen, wo ich am Vormittag aufgebrochen bin. Gar nicht so schlecht, wenn man bedenkt, dass ich die Oma Duck nicht \u00fcber 80 fahre, auf Strecke peil ich meist 75 als Reisegeschwindigkeit an. Dank Matze habe ich auch eine meist gut zu fahrende, aber mautfreie Strecke, die mich bis Coimbra in Portugal bringen soll. Das klingt doch eigentlich sehr brauchbar!<\/p>\n\n\n\n<p>Spannend war am Abend dann tats\u00e4chlich das Tanken, das war eine kommunikationsm\u00e4\u00dfige Herausforderung. 2 Tanks, einer links, einer rechts, also zwischendrin den Bus umdrehen. Und vorher mit Karte zahlen. Und vorher sagen, wieviel ich plane zu tanken. Na, bis voll,klar. Das M\u00e4del an der Kasse sprach genau soviel Englisch oder Deutsch wie ich franz\u00f6sisch. Also einfach mal null. Die Diskussion dauerte sicher eine halbe Stunde und wurde dann von anderen Kunden \u00fcber Spanisch und seeehr minimales Englisch mehr schlecht als recht gedolmetscht. Puuuh, das wird in Marokko bestimmt auch noch lustig.<\/p>\n\n\n\n<p>Und weiter. Keine Ahnung, was mich geritten hat, aber ich war am Sonntag schon um 7.30 wieder auf der Bahn und somit vor Sonnenaufgang unterwegs. ICH! VOR SONNENAUFGANG!! Somit hab ich am Vormittag schon gut 200 km geschafft und mache jetzt eine Pause auf einem Rasthof, wo es zum Gl\u00fcck freies w-lan gibt, so dass ich das hier mal hochladen kann. Gleich noch schnell was in den Magen kriegen und weiter. Ob ich das heute noch bis nach Nordspanien schaffe? Wird knapp, aber schaun wir mal&#8230;<\/p>\n","protected":false},"excerpt":{"rendered":"<p>Fahr\u00b4n, fahr\u00b4n, fahr\u00b4n&#8230; Den Sonnabend hab ich tats\u00e4chlich mal gut Strecke geschafft. Ich stehe jetzt auf einem Parkplatz in Melun, knapp s\u00fcdlich von Paris. Laut Navi sind das 459 km von Aachen, wo ich am Vormittag aufgebrochen bin. Gar nicht so schlecht, wenn man bedenkt, dass ich die Oma Duck nicht \u00fcber 80 fahre, auf &hellip; <\/p>\n","protected":false},"author":3,"featured_media":0,"comment_status":"open","ping_status":"open","sticky":false,"template":"","format":"standard","meta":{"_stopmodifiedupdate":false,"_modified_date":"","footnotes":""},"categories":[18,19],"tags":[],"class_list":["post-1222","post","type-post","status-publish","format-standard","hentry","category-touren","category-tour-2015-2016"],"_links":{"self":[{"href":"https:\/\/mobilaner.de\/blog\/wp-json\/wp\/v2\/posts\/1222","targetHints":{"allow":["GET"]}}],"collection":[{"href":"https:\/\/mobilaner.de\/blog\/wp-json\/wp\/v2\/posts"}],"about":[{"href":"https:\/\/mobilaner.de\/blog\/wp-json\/wp\/v2\/types\/post"}],"author":[{"embeddable":true,"href":"https:\/\/mobilaner.de\/blog\/wp-json\/wp\/v2\/users\/3"}],"replies":[{"embeddable":true,"href":"https:\/\/mobilaner.de\/blog\/wp-json\/wp\/v2\/comments?post=1222"}],"version-history":[{"count":1,"href":"https:\/\/mobilaner.de\/blog\/wp-json\/wp\/v2\/posts\/1222\/revisions"}],"predecessor-version":[{"id":1223,"href":"https:\/\/mobilaner.de\/blog\/wp-json\/wp\/v2\/posts\/1222\/revisions\/1223"}],"wp:attachment":[{"href":"https:\/\/mobilaner.de\/blog\/wp-json\/wp\/v2\/media?parent=1222"}],"wp:term":[{"taxonomy":"category","embeddable":true,"href":"https:\/\/mobilaner.de\/blog\/wp-json\/wp\/v2\/categories?post=1222"},{"taxonomy":"post_tag","embeddable":true,"href":"https:\/\/mobilaner.de\/blog\/wp-json\/wp\/v2\/tags?post=1222"}],"curies":[{"name":"wp","href":"https:\/\/api.w.org\/{rel}","templated":true}]}}