{"id":1227,"date":"2015-12-15T22:27:00","date_gmt":"2015-12-15T21:27:00","guid":{"rendered":"http:\/\/mobilaner.de\/blog\/?p=1227"},"modified":"2021-01-19T22:34:20","modified_gmt":"2021-01-19T21:34:20","slug":"1227","status":"publish","type":"post","link":"https:\/\/mobilaner.de\/blog\/2015\/12\/15\/1227\/","title":{"rendered":"&#8230;"},"content":{"rendered":"\n<p>Langsam schl\u00e4ngle ich mich durch Deutschland, immer etwas weiter s\u00fcdlich und doch noch nicht weit gekommen. Macht aber nix, Hauptsache, ich bin auf dem Weg. Und am Weg wohnen ja auch \u00fcberall nette Menschen, die ich lange nicht gesehen hab. Nach dem sch\u00f6nen Nachmittag bei Niels, an dem wir viel \u00fcber die Reise gequatscht, Karten gew\u00e4lzt und Ideen ausgetauscht haben und ich noch den zuk\u00fcnftigen Reisegef\u00e4hrten von Oma Duck, einen Magirus 90M5,3 kennenlernen durfte, bin ich dann zu den Andr\u00e9 und Kerstin nach G\u00fctersloh gefahren, wo ich noch 2 Ersatzreifen und weiteren n\u00fctzlichen Kleinkram abstauben konnte. Sch\u00f6n, euch auch nochmal gesehen zu haben! Weiter ging die wilde Fahrt dann am Montag nach Essen, wo ich grade noch Station mache und einen Abend mit Spaghetti und Wei\u00dfwein und Gespr\u00e4chen \u00fcber Reisen im Allgemeinen und Besonderen mit einer lieben Exil-Flensburgerin verbracht habe.<\/p>\n\n\n\n<p>\u00a0Ich denke mir, in K\u00f6ln werde ich wohl nochmal eine entspannte Pause einlegen und mich dann mal langsam entscheiden, welche Strecke ich nun eigentlich fahren will. Weitere Besuche in Deutschland und damit bis Freiburg runter, oder eher von K\u00f6ln \u00fcber Luxemburg gleich nach Frankreich. Und dann halt die Frage, ob nun Mittelmeerk\u00fcste runter \u00fcber Almeria oder doch schr\u00e4g r\u00fcber nach Portugal. Mittelmeer d\u00fcrfte w\u00e4rmer sein, Portugal reizt mich aber irgendwie mehr. Ach&#8230;. Entscheidungen waren noch nie meine St\u00e4rke.<\/p>\n\n\n\n<figure class=\"wp-block-image size-large is-resized\"><img loading=\"lazy\" decoding=\"async\" src=\"https:\/\/mobilaner.de\/blog\/wp-content\/uploads\/2021\/01\/Magirus.jpg\" alt=\"\" class=\"wp-image-1228\" width=\"579\" height=\"326\" srcset=\"https:\/\/mobilaner.de\/blog\/wp-content\/uploads\/2021\/01\/Magirus.jpg 405w, https:\/\/mobilaner.de\/blog\/wp-content\/uploads\/2021\/01\/Magirus-300x169.jpg 300w, https:\/\/mobilaner.de\/blog\/wp-content\/uploads\/2021\/01\/Magirus-107x60.jpg 107w\" sizes=\"auto, (max-width: 579px) 100vw, 579px\" \/><figcaption>Dieses sch\u00f6ne Auto wird uns dann in Marokko begleiten.<\/figcaption><\/figure>\n\n\n\n<p>Auch noch erschreckend: In G\u00fctersloh heute nochmal vollgetankt, um das Auto einmal mit vollem Kampfgewicht zu wiegen. Erster Schreck: Ein Verbrauch von 16,3 Litern ist mehr als b\u00f6se und eigentlich fern meiner Toleranzgrenze. Woran das liegen kann, ist mir noch nicht klar und ich hoffe einfach, dass das sich nicht beim n\u00e4chsten tanken best\u00e4tigt. Dann die Waage, die mit 3816kg zwar etwa im von mir gesch\u00e4tzten Bereich angezeigt hat, aber trotzdem eben auch deutlich zu viel. Da f\u00e4llt mir leider kein kurzfristiger Di\u00e4tplan ein, also muss das wohl f\u00fcrs erste einfach so akzeptiert werden.<\/p>\n\n\n\n<figure class=\"wp-block-image size-large\"><img loading=\"lazy\" decoding=\"async\" width=\"1024\" height=\"768\" src=\"https:\/\/mobilaner.de\/blog\/wp-content\/uploads\/2021\/01\/IMG_7199-1024x768.jpg\" alt=\"\" class=\"wp-image-1229\" srcset=\"https:\/\/mobilaner.de\/blog\/wp-content\/uploads\/2021\/01\/IMG_7199.jpg 1024w, https:\/\/mobilaner.de\/blog\/wp-content\/uploads\/2021\/01\/IMG_7199-300x225.jpg 300w, https:\/\/mobilaner.de\/blog\/wp-content\/uploads\/2021\/01\/IMG_7199-768x576.jpg 768w, https:\/\/mobilaner.de\/blog\/wp-content\/uploads\/2021\/01\/IMG_7199-1536x1152.jpg 1536w, https:\/\/mobilaner.de\/blog\/wp-content\/uploads\/2021\/01\/IMG_7199-80x60.jpg 80w\" sizes=\"auto, (max-width: 1024px) 100vw, 1024px\" \/><figcaption>Eine kleine Warnung, immer aufmerksam zu fahren! So soll die Oma Duck nicht enden!<\/figcaption><\/figure>\n\n\n\n<p><\/p>\n","protected":false},"excerpt":{"rendered":"<p>Langsam schl\u00e4ngle ich mich durch Deutschland, immer etwas weiter s\u00fcdlich und doch noch nicht weit gekommen. Macht aber nix, Hauptsache, ich bin auf dem Weg. Und am Weg wohnen ja auch \u00fcberall nette Menschen, die ich lange nicht gesehen hab. Nach dem sch\u00f6nen Nachmittag bei Niels, an dem wir viel \u00fcber die Reise gequatscht, Karten &hellip; <\/p>\n","protected":false},"author":3,"featured_media":1228,"comment_status":"open","ping_status":"open","sticky":false,"template":"","format":"standard","meta":{"_stopmodifiedupdate":false,"_modified_date":"","footnotes":""},"categories":[18,19],"tags":[],"class_list":["post-1227","post","type-post","status-publish","format-standard","has-post-thumbnail","hentry","category-touren","category-tour-2015-2016"],"_links":{"self":[{"href":"https:\/\/mobilaner.de\/blog\/wp-json\/wp\/v2\/posts\/1227","targetHints":{"allow":["GET"]}}],"collection":[{"href":"https:\/\/mobilaner.de\/blog\/wp-json\/wp\/v2\/posts"}],"about":[{"href":"https:\/\/mobilaner.de\/blog\/wp-json\/wp\/v2\/types\/post"}],"author":[{"embeddable":true,"href":"https:\/\/mobilaner.de\/blog\/wp-json\/wp\/v2\/users\/3"}],"replies":[{"embeddable":true,"href":"https:\/\/mobilaner.de\/blog\/wp-json\/wp\/v2\/comments?post=1227"}],"version-history":[{"count":1,"href":"https:\/\/mobilaner.de\/blog\/wp-json\/wp\/v2\/posts\/1227\/revisions"}],"predecessor-version":[{"id":1230,"href":"https:\/\/mobilaner.de\/blog\/wp-json\/wp\/v2\/posts\/1227\/revisions\/1230"}],"wp:featuredmedia":[{"embeddable":true,"href":"https:\/\/mobilaner.de\/blog\/wp-json\/wp\/v2\/media\/1228"}],"wp:attachment":[{"href":"https:\/\/mobilaner.de\/blog\/wp-json\/wp\/v2\/media?parent=1227"}],"wp:term":[{"taxonomy":"category","embeddable":true,"href":"https:\/\/mobilaner.de\/blog\/wp-json\/wp\/v2\/categories?post=1227"},{"taxonomy":"post_tag","embeddable":true,"href":"https:\/\/mobilaner.de\/blog\/wp-json\/wp\/v2\/tags?post=1227"}],"curies":[{"name":"wp","href":"https:\/\/api.w.org\/{rel}","templated":true}]}}