{"id":1231,"date":"2015-12-13T22:34:00","date_gmt":"2015-12-13T21:34:00","guid":{"rendered":"http:\/\/mobilaner.de\/blog\/?p=1231"},"modified":"2021-01-19T22:37:14","modified_gmt":"2021-01-19T21:37:14","slug":"die-ersten-kilometer","status":"publish","type":"post","link":"https:\/\/mobilaner.de\/blog\/2015\/12\/13\/die-ersten-kilometer\/","title":{"rendered":"Die ersten Kilometer"},"content":{"rendered":"\n<p>Die ersten Kilometer sind geschafft! Nachdem ich am Donnerstag nach kleinen Zwischenstopps bis Hamburg gekommen bin, wo die liebe Caro der Oma Duck und mir Asyl gew\u00e4hrt hat und ich am Freitag dann noch die besten Finkenwerder Magirus Piloten besucht habe, ging es dann weiter nach Bremen. Auch da traf ich auf sehr liebe Menschen, die ich einfach viel zu selten sehe. Wir hatten einen richtig sch\u00f6nen Abend und ne Menge Spa\u00df. Am liebsten h\u00e4tte ich die ganze Bande eingepackt und mitgenommen&#8230; Der Sonnabend war dann eher verschlafen und gem\u00fctlich. Trotzdem juckte es mich und ich bin am Abend doch noch gestartet und jetzt um 1 Uhr auf einem sch\u00f6nen Wohnmobilstellplatz in Bielefeld angekommen. Morgen will ich dann den Niels treffen, mit dem ich dann im Januar zusammen nach Marokko \u00fcbersetzen will. Aber dazu dann mehr, wenn es soweit ist. Jetzt ist Feierabend und ich hoffe, ich krieg das hier noch irgendwie ins Internet gesendet und dann wird fix das Licht ausgemacht.<\/p>\n\n\n\n<p>&#8230;so war jedenfalls der Plan. Das mit dem Internet gestaltete sich allerdings schwierig, da mein Datenvolumen vom Stick alle ist, jetzt bin ich dann auf das finden von w-lan angewiesen. Bin ich nachher im Ausland dann eh, daher macht das auch nix. Jetzt sitz ich sch\u00f6n gem\u00fctlich in &#8217;ner Wohnung und kann das alles nochmal auf Vordermann bringen.<\/p>\n","protected":false},"excerpt":{"rendered":"<p>Die ersten Kilometer sind geschafft! Nachdem ich am Donnerstag nach kleinen Zwischenstopps bis Hamburg gekommen bin, wo die liebe Caro der Oma Duck und mir Asyl gew\u00e4hrt hat und ich am Freitag dann noch die besten Finkenwerder Magirus Piloten besucht habe, ging es dann weiter nach Bremen. Auch da traf ich auf sehr liebe Menschen, &hellip; <\/p>\n","protected":false},"author":3,"featured_media":0,"comment_status":"open","ping_status":"open","sticky":false,"template":"","format":"standard","meta":{"_stopmodifiedupdate":false,"_modified_date":"","footnotes":""},"categories":[18,19],"tags":[],"class_list":["post-1231","post","type-post","status-publish","format-standard","hentry","category-touren","category-tour-2015-2016"],"_links":{"self":[{"href":"https:\/\/mobilaner.de\/blog\/wp-json\/wp\/v2\/posts\/1231","targetHints":{"allow":["GET"]}}],"collection":[{"href":"https:\/\/mobilaner.de\/blog\/wp-json\/wp\/v2\/posts"}],"about":[{"href":"https:\/\/mobilaner.de\/blog\/wp-json\/wp\/v2\/types\/post"}],"author":[{"embeddable":true,"href":"https:\/\/mobilaner.de\/blog\/wp-json\/wp\/v2\/users\/3"}],"replies":[{"embeddable":true,"href":"https:\/\/mobilaner.de\/blog\/wp-json\/wp\/v2\/comments?post=1231"}],"version-history":[{"count":1,"href":"https:\/\/mobilaner.de\/blog\/wp-json\/wp\/v2\/posts\/1231\/revisions"}],"predecessor-version":[{"id":1232,"href":"https:\/\/mobilaner.de\/blog\/wp-json\/wp\/v2\/posts\/1231\/revisions\/1232"}],"wp:attachment":[{"href":"https:\/\/mobilaner.de\/blog\/wp-json\/wp\/v2\/media?parent=1231"}],"wp:term":[{"taxonomy":"category","embeddable":true,"href":"https:\/\/mobilaner.de\/blog\/wp-json\/wp\/v2\/categories?post=1231"},{"taxonomy":"post_tag","embeddable":true,"href":"https:\/\/mobilaner.de\/blog\/wp-json\/wp\/v2\/tags?post=1231"}],"curies":[{"name":"wp","href":"https:\/\/api.w.org\/{rel}","templated":true}]}}