{"id":290,"date":"2020-03-16T19:02:00","date_gmt":"2020-03-16T18:02:00","guid":{"rendered":"http:\/\/mobilaner.de\/blog\/?p=290"},"modified":"2021-01-11T12:44:30","modified_gmt":"2021-01-11T11:44:30","slug":"nach-norden-schneller-als-geplant","status":"publish","type":"post","link":"https:\/\/mobilaner.de\/blog\/2020\/03\/16\/nach-norden-schneller-als-geplant\/","title":{"rendered":"Nach Norden, schneller als geplant."},"content":{"rendered":"\n<p><br>So, lange nichts geschrieben, es wird wohl dringend Zeit f\u00fcr ein Update hier. Die Ereignisse \u00fcberschlagen sich \u00fcberall, so auch bei uns. Aber trotzdem entspannt der Reihe nach:<\/p>\n\n\n\n<figure class=\"wp-block-image size-large\"><a href=\"javascript:;\"><img loading=\"lazy\" decoding=\"async\" width=\"1024\" height=\"768\" src=\"https:\/\/mobilaner.de\/blog\/wp-content\/uploads\/2021\/01\/IMG_20200308_133749-1024x768.jpg\" alt=\"\" class=\"wp-image-340\" srcset=\"https:\/\/mobilaner.de\/blog\/wp-content\/uploads\/2021\/01\/IMG_20200308_133749-scaled.jpg 1024w, https:\/\/mobilaner.de\/blog\/wp-content\/uploads\/2021\/01\/IMG_20200308_133749-300x225.jpg 300w, https:\/\/mobilaner.de\/blog\/wp-content\/uploads\/2021\/01\/IMG_20200308_133749-768x576.jpg 768w, https:\/\/mobilaner.de\/blog\/wp-content\/uploads\/2021\/01\/IMG_20200308_133749-1536x1152.jpg 1536w, https:\/\/mobilaner.de\/blog\/wp-content\/uploads\/2021\/01\/IMG_20200308_133749-2048x1536.jpg 2048w, https:\/\/mobilaner.de\/blog\/wp-content\/uploads\/2021\/01\/IMG_20200308_133749-80x60.jpg 80w\" sizes=\"auto, (max-width: 1024px) 100vw, 1024px\" \/><\/a><\/figure>\n\n\n\n<p>Nach einem erneuten Gang \u00fcber den Souk am Sonntag, ging es dann gegen Mittag weiter. Vor der Abfahrt wurden wir noch von einem Hippie angesprochen, der wohl nach Norden wollte. Gut, zu einer Stadt konnten wir ihn nicht mitnehmen, wir wollten ja nur zu einem Strand nicht so weit weg. Aber so richtig wusste er wohl auch nicht, wohin er eigentlich wollte. Essen und Wasser hatte er auch nicht dabei, m\u00fcsste er erstmal besorgen. Wir wollten aber los und hatten wenig Lust, jetzt noch lange zu warten. Also zur Hauptstra\u00dfe, ja, da k\u00f6nnen wir ihn nat\u00fcrlich gern mitnehmen. Oder doch mit an den Strand? Ob wir nicht etwas Wasser und Obst f\u00fcr ihn \u00fcberhaben? Nee, haben wir nicht, also Hauptstra\u00dfe. Am Ortsausgang m\u00f6chte er dann doch lieber mit uns zum Strand. Aber wir haben keine Lust, noch jemanden f\u00fcr die n\u00e4chste Woche mit durchzuf\u00fcttern, der so gar nicht wei\u00df, was er eigentlich will. Also muss er an der Hauptstra\u00dfe an einer Tankstelle leider aussteigen. Findet er nicht so gut, aber wir sind ganz froh \u00fcber diese Entscheidung.<\/p>\n\n\n\n<figure class=\"wp-block-image size-large\"><a href=\"javascript:;\"><img loading=\"lazy\" decoding=\"async\" width=\"1024\" height=\"768\" src=\"https:\/\/mobilaner.de\/blog\/wp-content\/uploads\/2021\/01\/IMG_20200308_135232-1024x768.jpg\" alt=\"\" class=\"wp-image-343\" srcset=\"https:\/\/mobilaner.de\/blog\/wp-content\/uploads\/2021\/01\/IMG_20200308_135232-scaled.jpg 1024w, https:\/\/mobilaner.de\/blog\/wp-content\/uploads\/2021\/01\/IMG_20200308_135232-300x225.jpg 300w, https:\/\/mobilaner.de\/blog\/wp-content\/uploads\/2021\/01\/IMG_20200308_135232-768x576.jpg 768w, https:\/\/mobilaner.de\/blog\/wp-content\/uploads\/2021\/01\/IMG_20200308_135232-1536x1152.jpg 1536w, https:\/\/mobilaner.de\/blog\/wp-content\/uploads\/2021\/01\/IMG_20200308_135232-2048x1536.jpg 2048w, https:\/\/mobilaner.de\/blog\/wp-content\/uploads\/2021\/01\/IMG_20200308_135232-80x60.jpg 80w\" sizes=\"auto, (max-width: 1024px) 100vw, 1024px\" \/><\/a><\/figure>\n\n\n\n<p>Es geht wie gehabt zu viert weiter. Der erste angefahrene Parkplatz ist etwas oberhalb des Strandes und kostet Geld, aber \u00fcbernachten ist nicht erlaubt. Letztes Jahr ging das wohl noch. Also weiter.<\/p>\n\n\n\n<p>Der n\u00e4chste Weg zum Strand sieht am Anfang etwas eng und abenteuerlich aus, wir fahren voraus um zu gucken, ob der dicke Laster hier auch durchpasst. Aber bis auf die ersten etwas abschreckenden Meter ist der Weg gut fahrbar. Am Ende kommen wir direkt an den Strand, wo bereits ein Schweizer Mobil steht, sowie ein paar franz\u00f6sische Busse. Der Platz kostet 5 Dirham am Tag und 20 die Nacht. Also zusammen knapp 2,50Euro. Das k\u00f6nnen wir uns f\u00fcr ein paar Tage durchaus leisten, zumal der Strand nun wirklich wundersch\u00f6n ist! Wesentlich weniger M\u00fcll als an anderen Ecken bisher gesehen und halt einfach weit und h\u00fcbsch. Hier wollen wir gerne noch eine entspannte Woche stehen. Der Parkplatzw\u00e4chter ist total entspannt und herzlich, Lena wird am ersten Morgen schon mit einer Umarmung begr\u00fc\u00dft. Wir machen es uns gem\u00fctlich, gehen am Strand spazieren, h\u00fcpfen mit Eckstein durch die Brandung und gehen ab und an etwas schwimmen. Warm ist das Wasser nicht, aber mit 18\u00b0C auch nicht wirklich kalt.<\/p>\n\n\n\n<figure class=\"wp-block-gallery columns-3 is-cropped wp-block-gallery-1 is-layout-flex wp-block-gallery-is-layout-flex\"><ul class=\"blocks-gallery-grid\"><li class=\"blocks-gallery-item\"><figure><a href=\"http:\/\/mobilaner.de\/blog\/wp-content\/uploads\/2021\/01\/IMG_20200308_140816-scaled.jpg\"><img loading=\"lazy\" decoding=\"async\" width=\"1024\" height=\"768\" src=\"http:\/\/mobilaner.de\/blog\/wp-content\/uploads\/2021\/01\/IMG_20200308_140816-scaled.jpg\" alt=\"\" data-id=\"344\" data-link=\"https:\/\/mobilaner.de\/blog\/2020\/03\/16\/nach-norden-schneller-als-geplant\/cof-4\/\" class=\"wp-image-344\" srcset=\"https:\/\/mobilaner.de\/blog\/wp-content\/uploads\/2021\/01\/IMG_20200308_140816-scaled.jpg 1024w, https:\/\/mobilaner.de\/blog\/wp-content\/uploads\/2021\/01\/IMG_20200308_140816-300x225.jpg 300w, https:\/\/mobilaner.de\/blog\/wp-content\/uploads\/2021\/01\/IMG_20200308_140816-768x576.jpg 768w, https:\/\/mobilaner.de\/blog\/wp-content\/uploads\/2021\/01\/IMG_20200308_140816-1536x1152.jpg 1536w, https:\/\/mobilaner.de\/blog\/wp-content\/uploads\/2021\/01\/IMG_20200308_140816-2048x1536.jpg 2048w, https:\/\/mobilaner.de\/blog\/wp-content\/uploads\/2021\/01\/IMG_20200308_140816-80x60.jpg 80w\" sizes=\"auto, (max-width: 1024px) 100vw, 1024px\" \/><\/a><\/figure><\/li><li class=\"blocks-gallery-item\"><figure><a href=\"http:\/\/mobilaner.de\/blog\/wp-content\/uploads\/2021\/01\/IMG_20200308_153326-scaled.jpg\"><img loading=\"lazy\" decoding=\"async\" width=\"1024\" height=\"768\" src=\"http:\/\/mobilaner.de\/blog\/wp-content\/uploads\/2021\/01\/IMG_20200308_153326-scaled.jpg\" alt=\"\" data-id=\"345\" data-link=\"https:\/\/mobilaner.de\/blog\/2020\/03\/16\/nach-norden-schneller-als-geplant\/cof-5\/\" class=\"wp-image-345\" srcset=\"https:\/\/mobilaner.de\/blog\/wp-content\/uploads\/2021\/01\/IMG_20200308_153326-scaled.jpg 1024w, https:\/\/mobilaner.de\/blog\/wp-content\/uploads\/2021\/01\/IMG_20200308_153326-300x225.jpg 300w, https:\/\/mobilaner.de\/blog\/wp-content\/uploads\/2021\/01\/IMG_20200308_153326-768x576.jpg 768w, https:\/\/mobilaner.de\/blog\/wp-content\/uploads\/2021\/01\/IMG_20200308_153326-1536x1152.jpg 1536w, https:\/\/mobilaner.de\/blog\/wp-content\/uploads\/2021\/01\/IMG_20200308_153326-2048x1536.jpg 2048w, https:\/\/mobilaner.de\/blog\/wp-content\/uploads\/2021\/01\/IMG_20200308_153326-80x60.jpg 80w\" sizes=\"auto, (max-width: 1024px) 100vw, 1024px\" \/><\/a><\/figure><\/li><li class=\"blocks-gallery-item\"><figure><a href=\"https:\/\/mobilaner.de\/blog\/wp-content\/uploads\/2021\/01\/IMG_20200308_160121-scaled.jpg\"><img loading=\"lazy\" decoding=\"async\" width=\"1024\" height=\"768\" src=\"http:\/\/mobilaner.de\/blog\/wp-content\/uploads\/2021\/01\/IMG_20200308_160121-scaled.jpg\" alt=\"\" data-id=\"346\" data-full-url=\"https:\/\/mobilaner.de\/blog\/wp-content\/uploads\/2021\/01\/IMG_20200308_160121-scaled.jpg\" data-link=\"https:\/\/mobilaner.de\/blog\/2020\/03\/16\/nach-norden-schneller-als-geplant\/cof-6\/\" class=\"wp-image-346\" srcset=\"https:\/\/mobilaner.de\/blog\/wp-content\/uploads\/2021\/01\/IMG_20200308_160121-scaled.jpg 1024w, https:\/\/mobilaner.de\/blog\/wp-content\/uploads\/2021\/01\/IMG_20200308_160121-300x225.jpg 300w, https:\/\/mobilaner.de\/blog\/wp-content\/uploads\/2021\/01\/IMG_20200308_160121-768x576.jpg 768w, https:\/\/mobilaner.de\/blog\/wp-content\/uploads\/2021\/01\/IMG_20200308_160121-1536x1152.jpg 1536w, https:\/\/mobilaner.de\/blog\/wp-content\/uploads\/2021\/01\/IMG_20200308_160121-2048x1536.jpg 2048w, https:\/\/mobilaner.de\/blog\/wp-content\/uploads\/2021\/01\/IMG_20200308_160121-80x60.jpg 80w\" sizes=\"auto, (max-width: 1024px) 100vw, 1024px\" \/><\/a><\/figure><\/li><\/ul><\/figure>\n\n\n\n<figure class=\"wp-block-embed is-type-video is-provider-youtube wp-block-embed-youtube wp-embed-aspect-16-9 wp-has-aspect-ratio\"><div class=\"wp-block-embed__wrapper\">\n<iframe loading=\"lazy\" title=\"Impressionen vom Strand in Marokko\" width=\"780\" height=\"439\" src=\"https:\/\/www.youtube.com\/embed\/vP2fn2LQgFM?feature=oembed\" frameborder=\"0\" allow=\"accelerometer; autoplay; clipboard-write; encrypted-media; gyroscope; picture-in-picture\" allowfullscreen><\/iframe>\n<\/div><\/figure>\n\n\n\n<p>Am zweiten Abend laden wir Tanja und Andre zum Burgeressen ein, um uns mal zu bedanken, daf\u00fcr, dass sie uns so oft aus dem Sand geschleppt haben und uns mit Wasser oder Internet oder waswei\u00dfichnichtalles versorgt haben, wenn bei uns mal wieder die Vorr\u00e4te zur Neige gingen. Wir hatten noch einen veganen Braten im Tiefk\u00fchlfach und in Sidi Ifni Salat und Gem\u00fcse gekauft, dazu irgendwelche Saucen zurechtimprovisiert und Brot in der Pfanne selbstgebacken. Dazu eine Sch\u00fcssel Salat und wir konnten uns sch\u00f6n der Burgerv\u00f6llerei hingeben.<br>Allerdings sind wir ja durch das Internet auch mit aktuellen Nachrichten versorgt und so erreicht die Thematik des Coronavirus auch uns an unserem idyllischen Strand. Eigentlich wollten wir ja eine Woche hierbleiben, aber da die Grenzen nach Italien in beide Richtungen geschlossen wurden, halten wir auch eine Schlie\u00dfung in Richtung Spanien f\u00fcr fr\u00fcher oder sp\u00e4ter wahrscheinlich. Also packen wir am n\u00e4chsten Morgen unsere Sachen und machen uns zusammen auf den Weg nach Norden. Wir fahren bis kurz vor Marrakesch, wo wir am Rand eines jungen Eukalyptusforstes f\u00fcr die Nacht parken.<\/p>\n\n\n\n<figure class=\"wp-block-gallery columns-3 is-cropped wp-block-gallery-2 is-layout-flex wp-block-gallery-is-layout-flex\"><ul class=\"blocks-gallery-grid\"><li class=\"blocks-gallery-item\"><figure><a href=\"http:\/\/mobilaner.de\/blog\/wp-content\/uploads\/2021\/01\/IMG_20200311_113140-scaled.jpg\"><img loading=\"lazy\" decoding=\"async\" width=\"1024\" height=\"768\" src=\"http:\/\/mobilaner.de\/blog\/wp-content\/uploads\/2021\/01\/IMG_20200311_113140-scaled.jpg\" alt=\"\" data-id=\"347\" data-link=\"https:\/\/mobilaner.de\/blog\/2020\/03\/16\/nach-norden-schneller-als-geplant\/cof-7\/\" class=\"wp-image-347\" srcset=\"https:\/\/mobilaner.de\/blog\/wp-content\/uploads\/2021\/01\/IMG_20200311_113140-scaled.jpg 1024w, https:\/\/mobilaner.de\/blog\/wp-content\/uploads\/2021\/01\/IMG_20200311_113140-300x225.jpg 300w, https:\/\/mobilaner.de\/blog\/wp-content\/uploads\/2021\/01\/IMG_20200311_113140-768x576.jpg 768w, https:\/\/mobilaner.de\/blog\/wp-content\/uploads\/2021\/01\/IMG_20200311_113140-1536x1152.jpg 1536w, https:\/\/mobilaner.de\/blog\/wp-content\/uploads\/2021\/01\/IMG_20200311_113140-2048x1536.jpg 2048w, https:\/\/mobilaner.de\/blog\/wp-content\/uploads\/2021\/01\/IMG_20200311_113140-80x60.jpg 80w\" sizes=\"auto, (max-width: 1024px) 100vw, 1024px\" \/><\/a><\/figure><\/li><li class=\"blocks-gallery-item\"><figure><a href=\"http:\/\/mobilaner.de\/blog\/wp-content\/uploads\/2021\/01\/IMG_20200311_114634-scaled.jpg\"><img loading=\"lazy\" decoding=\"async\" width=\"1024\" height=\"754\" src=\"http:\/\/mobilaner.de\/blog\/wp-content\/uploads\/2021\/01\/IMG_20200311_114634-scaled.jpg\" alt=\"\" data-id=\"348\" data-link=\"https:\/\/mobilaner.de\/blog\/2020\/03\/16\/nach-norden-schneller-als-geplant\/cof-8\/\" class=\"wp-image-348\" srcset=\"https:\/\/mobilaner.de\/blog\/wp-content\/uploads\/2021\/01\/IMG_20200311_114634-scaled.jpg 1024w, https:\/\/mobilaner.de\/blog\/wp-content\/uploads\/2021\/01\/IMG_20200311_114634-300x221.jpg 300w, https:\/\/mobilaner.de\/blog\/wp-content\/uploads\/2021\/01\/IMG_20200311_114634-768x566.jpg 768w, https:\/\/mobilaner.de\/blog\/wp-content\/uploads\/2021\/01\/IMG_20200311_114634-1536x1131.jpg 1536w, https:\/\/mobilaner.de\/blog\/wp-content\/uploads\/2021\/01\/IMG_20200311_114634-2048x1509.jpg 2048w, https:\/\/mobilaner.de\/blog\/wp-content\/uploads\/2021\/01\/IMG_20200311_114634-81x60.jpg 81w\" sizes=\"auto, (max-width: 1024px) 100vw, 1024px\" \/><\/a><\/figure><\/li><li class=\"blocks-gallery-item\"><figure><a href=\"http:\/\/mobilaner.de\/blog\/wp-content\/uploads\/2021\/01\/IMG_20200311_114801-scaled.jpg\"><img loading=\"lazy\" decoding=\"async\" width=\"1024\" height=\"768\" src=\"http:\/\/mobilaner.de\/blog\/wp-content\/uploads\/2021\/01\/IMG_20200311_114801-scaled.jpg\" alt=\"\" data-id=\"349\" data-link=\"https:\/\/mobilaner.de\/blog\/2020\/03\/16\/nach-norden-schneller-als-geplant\/cof-9\/\" class=\"wp-image-349\" srcset=\"https:\/\/mobilaner.de\/blog\/wp-content\/uploads\/2021\/01\/IMG_20200311_114801-scaled.jpg 1024w, https:\/\/mobilaner.de\/blog\/wp-content\/uploads\/2021\/01\/IMG_20200311_114801-300x225.jpg 300w, https:\/\/mobilaner.de\/blog\/wp-content\/uploads\/2021\/01\/IMG_20200311_114801-768x576.jpg 768w, https:\/\/mobilaner.de\/blog\/wp-content\/uploads\/2021\/01\/IMG_20200311_114801-1536x1152.jpg 1536w, https:\/\/mobilaner.de\/blog\/wp-content\/uploads\/2021\/01\/IMG_20200311_114801-2048x1536.jpg 2048w, https:\/\/mobilaner.de\/blog\/wp-content\/uploads\/2021\/01\/IMG_20200311_114801-80x60.jpg 80w\" sizes=\"auto, (max-width: 1024px) 100vw, 1024px\" \/><\/a><\/figure><\/li><li class=\"blocks-gallery-item\"><figure><a href=\"http:\/\/mobilaner.de\/blog\/wp-content\/uploads\/2021\/01\/IMG_20200311_114810-scaled.jpg\"><img loading=\"lazy\" decoding=\"async\" width=\"1024\" height=\"768\" src=\"http:\/\/mobilaner.de\/blog\/wp-content\/uploads\/2021\/01\/IMG_20200311_114810-scaled.jpg\" alt=\"\" data-id=\"352\" data-link=\"https:\/\/mobilaner.de\/blog\/2020\/03\/16\/nach-norden-schneller-als-geplant\/cof-12\/\" class=\"wp-image-352\" srcset=\"https:\/\/mobilaner.de\/blog\/wp-content\/uploads\/2021\/01\/IMG_20200311_114810-scaled.jpg 1024w, https:\/\/mobilaner.de\/blog\/wp-content\/uploads\/2021\/01\/IMG_20200311_114810-300x225.jpg 300w, https:\/\/mobilaner.de\/blog\/wp-content\/uploads\/2021\/01\/IMG_20200311_114810-768x576.jpg 768w, https:\/\/mobilaner.de\/blog\/wp-content\/uploads\/2021\/01\/IMG_20200311_114810-1536x1152.jpg 1536w, https:\/\/mobilaner.de\/blog\/wp-content\/uploads\/2021\/01\/IMG_20200311_114810-2048x1536.jpg 2048w, https:\/\/mobilaner.de\/blog\/wp-content\/uploads\/2021\/01\/IMG_20200311_114810-80x60.jpg 80w\" sizes=\"auto, (max-width: 1024px) 100vw, 1024px\" \/><\/a><\/figure><\/li><li class=\"blocks-gallery-item\"><figure><a href=\"http:\/\/mobilaner.de\/blog\/wp-content\/uploads\/2021\/01\/IMG_20200311_114813-scaled.jpg\"><img loading=\"lazy\" decoding=\"async\" width=\"1024\" height=\"738\" src=\"http:\/\/mobilaner.de\/blog\/wp-content\/uploads\/2021\/01\/IMG_20200311_114813-scaled.jpg\" alt=\"\" data-id=\"351\" data-link=\"https:\/\/mobilaner.de\/blog\/2020\/03\/16\/nach-norden-schneller-als-geplant\/cof-11\/\" class=\"wp-image-351\" srcset=\"https:\/\/mobilaner.de\/blog\/wp-content\/uploads\/2021\/01\/IMG_20200311_114813-scaled.jpg 1024w, https:\/\/mobilaner.de\/blog\/wp-content\/uploads\/2021\/01\/IMG_20200311_114813-300x216.jpg 300w, https:\/\/mobilaner.de\/blog\/wp-content\/uploads\/2021\/01\/IMG_20200311_114813-768x553.jpg 768w, https:\/\/mobilaner.de\/blog\/wp-content\/uploads\/2021\/01\/IMG_20200311_114813-1536x1106.jpg 1536w, https:\/\/mobilaner.de\/blog\/wp-content\/uploads\/2021\/01\/IMG_20200311_114813-2048x1475.jpg 2048w, https:\/\/mobilaner.de\/blog\/wp-content\/uploads\/2021\/01\/IMG_20200311_114813-83x60.jpg 83w\" sizes=\"auto, (max-width: 1024px) 100vw, 1024px\" \/><\/a><\/figure><\/li><li class=\"blocks-gallery-item\"><figure><a href=\"http:\/\/mobilaner.de\/blog\/wp-content\/uploads\/2021\/01\/IMG_20200311_133023-scaled.jpg\"><img loading=\"lazy\" decoding=\"async\" width=\"1024\" height=\"768\" src=\"http:\/\/mobilaner.de\/blog\/wp-content\/uploads\/2021\/01\/IMG_20200311_133023-scaled.jpg\" alt=\"\" data-id=\"353\" data-link=\"https:\/\/mobilaner.de\/blog\/2020\/03\/16\/nach-norden-schneller-als-geplant\/cof-13\/\" class=\"wp-image-353\" srcset=\"https:\/\/mobilaner.de\/blog\/wp-content\/uploads\/2021\/01\/IMG_20200311_133023-scaled.jpg 1024w, https:\/\/mobilaner.de\/blog\/wp-content\/uploads\/2021\/01\/IMG_20200311_133023-300x225.jpg 300w, https:\/\/mobilaner.de\/blog\/wp-content\/uploads\/2021\/01\/IMG_20200311_133023-768x576.jpg 768w, https:\/\/mobilaner.de\/blog\/wp-content\/uploads\/2021\/01\/IMG_20200311_133023-1536x1152.jpg 1536w, https:\/\/mobilaner.de\/blog\/wp-content\/uploads\/2021\/01\/IMG_20200311_133023-2048x1536.jpg 2048w, https:\/\/mobilaner.de\/blog\/wp-content\/uploads\/2021\/01\/IMG_20200311_133023-80x60.jpg 80w\" sizes=\"auto, (max-width: 1024px) 100vw, 1024px\" \/><\/a><\/figure><\/li><li class=\"blocks-gallery-item\"><figure><a href=\"http:\/\/mobilaner.de\/blog\/wp-content\/uploads\/2021\/01\/IMG_20200311_135011-scaled.jpg\"><img loading=\"lazy\" decoding=\"async\" width=\"1024\" height=\"768\" src=\"http:\/\/mobilaner.de\/blog\/wp-content\/uploads\/2021\/01\/IMG_20200311_135011-scaled.jpg\" alt=\"\" data-id=\"354\" data-link=\"https:\/\/mobilaner.de\/blog\/2020\/03\/16\/nach-norden-schneller-als-geplant\/cof-14\/\" class=\"wp-image-354\" srcset=\"https:\/\/mobilaner.de\/blog\/wp-content\/uploads\/2021\/01\/IMG_20200311_135011-scaled.jpg 1024w, https:\/\/mobilaner.de\/blog\/wp-content\/uploads\/2021\/01\/IMG_20200311_135011-300x225.jpg 300w, https:\/\/mobilaner.de\/blog\/wp-content\/uploads\/2021\/01\/IMG_20200311_135011-768x576.jpg 768w, https:\/\/mobilaner.de\/blog\/wp-content\/uploads\/2021\/01\/IMG_20200311_135011-1536x1152.jpg 1536w, https:\/\/mobilaner.de\/blog\/wp-content\/uploads\/2021\/01\/IMG_20200311_135011-2048x1536.jpg 2048w, https:\/\/mobilaner.de\/blog\/wp-content\/uploads\/2021\/01\/IMG_20200311_135011-80x60.jpg 80w\" sizes=\"auto, (max-width: 1024px) 100vw, 1024px\" \/><\/a><\/figure><\/li><li class=\"blocks-gallery-item\"><figure><a href=\"http:\/\/mobilaner.de\/blog\/wp-content\/uploads\/2021\/01\/IMG_20200311_140316-scaled.jpg\"><img loading=\"lazy\" decoding=\"async\" width=\"1024\" height=\"768\" src=\"http:\/\/mobilaner.de\/blog\/wp-content\/uploads\/2021\/01\/IMG_20200311_140316-scaled.jpg\" alt=\"\" data-id=\"355\" data-link=\"https:\/\/mobilaner.de\/blog\/2020\/03\/16\/nach-norden-schneller-als-geplant\/cof-15\/\" class=\"wp-image-355\" srcset=\"https:\/\/mobilaner.de\/blog\/wp-content\/uploads\/2021\/01\/IMG_20200311_140316-scaled.jpg 1024w, https:\/\/mobilaner.de\/blog\/wp-content\/uploads\/2021\/01\/IMG_20200311_140316-300x225.jpg 300w, https:\/\/mobilaner.de\/blog\/wp-content\/uploads\/2021\/01\/IMG_20200311_140316-768x576.jpg 768w, https:\/\/mobilaner.de\/blog\/wp-content\/uploads\/2021\/01\/IMG_20200311_140316-1536x1152.jpg 1536w, https:\/\/mobilaner.de\/blog\/wp-content\/uploads\/2021\/01\/IMG_20200311_140316-2048x1536.jpg 2048w, https:\/\/mobilaner.de\/blog\/wp-content\/uploads\/2021\/01\/IMG_20200311_140316-80x60.jpg 80w\" sizes=\"auto, (max-width: 1024px) 100vw, 1024px\" \/><\/a><\/figure><\/li><li class=\"blocks-gallery-item\"><figure><a href=\"http:\/\/mobilaner.de\/blog\/wp-content\/uploads\/2021\/01\/IMG_20200311_140804-scaled.jpg\"><img loading=\"lazy\" decoding=\"async\" width=\"1024\" height=\"768\" src=\"http:\/\/mobilaner.de\/blog\/wp-content\/uploads\/2021\/01\/IMG_20200311_140804-scaled.jpg\" alt=\"\" data-id=\"356\" data-link=\"https:\/\/mobilaner.de\/blog\/2020\/03\/16\/nach-norden-schneller-als-geplant\/cof-16\/\" class=\"wp-image-356\" srcset=\"https:\/\/mobilaner.de\/blog\/wp-content\/uploads\/2021\/01\/IMG_20200311_140804-scaled.jpg 1024w, https:\/\/mobilaner.de\/blog\/wp-content\/uploads\/2021\/01\/IMG_20200311_140804-300x225.jpg 300w, https:\/\/mobilaner.de\/blog\/wp-content\/uploads\/2021\/01\/IMG_20200311_140804-768x576.jpg 768w, https:\/\/mobilaner.de\/blog\/wp-content\/uploads\/2021\/01\/IMG_20200311_140804-1536x1152.jpg 1536w, https:\/\/mobilaner.de\/blog\/wp-content\/uploads\/2021\/01\/IMG_20200311_140804-2048x1536.jpg 2048w, https:\/\/mobilaner.de\/blog\/wp-content\/uploads\/2021\/01\/IMG_20200311_140804-80x60.jpg 80w\" sizes=\"auto, (max-width: 1024px) 100vw, 1024px\" \/><\/a><\/figure><\/li><li class=\"blocks-gallery-item\"><figure><a href=\"http:\/\/mobilaner.de\/blog\/wp-content\/uploads\/2021\/01\/IMG_20200311_143718-scaled.jpg\"><img loading=\"lazy\" decoding=\"async\" width=\"1024\" height=\"768\" src=\"http:\/\/mobilaner.de\/blog\/wp-content\/uploads\/2021\/01\/IMG_20200311_143718-scaled.jpg\" alt=\"\" data-id=\"357\" data-link=\"https:\/\/mobilaner.de\/blog\/2020\/03\/16\/nach-norden-schneller-als-geplant\/cof-17\/\" class=\"wp-image-357\" srcset=\"https:\/\/mobilaner.de\/blog\/wp-content\/uploads\/2021\/01\/IMG_20200311_143718-scaled.jpg 1024w, https:\/\/mobilaner.de\/blog\/wp-content\/uploads\/2021\/01\/IMG_20200311_143718-300x225.jpg 300w, https:\/\/mobilaner.de\/blog\/wp-content\/uploads\/2021\/01\/IMG_20200311_143718-768x576.jpg 768w, https:\/\/mobilaner.de\/blog\/wp-content\/uploads\/2021\/01\/IMG_20200311_143718-1536x1152.jpg 1536w, https:\/\/mobilaner.de\/blog\/wp-content\/uploads\/2021\/01\/IMG_20200311_143718-2048x1536.jpg 2048w, https:\/\/mobilaner.de\/blog\/wp-content\/uploads\/2021\/01\/IMG_20200311_143718-80x60.jpg 80w\" sizes=\"auto, (max-width: 1024px) 100vw, 1024px\" \/><\/a><\/figure><\/li><li class=\"blocks-gallery-item\"><figure><a href=\"http:\/\/mobilaner.de\/blog\/wp-content\/uploads\/2021\/01\/IMG_20200311_163215-scaled.jpg\"><img loading=\"lazy\" decoding=\"async\" width=\"1024\" height=\"768\" src=\"http:\/\/mobilaner.de\/blog\/wp-content\/uploads\/2021\/01\/IMG_20200311_163215-scaled.jpg\" alt=\"\" data-id=\"359\" data-link=\"https:\/\/mobilaner.de\/blog\/2020\/03\/16\/nach-norden-schneller-als-geplant\/cof-19\/\" class=\"wp-image-359\" srcset=\"https:\/\/mobilaner.de\/blog\/wp-content\/uploads\/2021\/01\/IMG_20200311_163215-scaled.jpg 1024w, https:\/\/mobilaner.de\/blog\/wp-content\/uploads\/2021\/01\/IMG_20200311_163215-300x225.jpg 300w, https:\/\/mobilaner.de\/blog\/wp-content\/uploads\/2021\/01\/IMG_20200311_163215-768x576.jpg 768w, https:\/\/mobilaner.de\/blog\/wp-content\/uploads\/2021\/01\/IMG_20200311_163215-1536x1152.jpg 1536w, https:\/\/mobilaner.de\/blog\/wp-content\/uploads\/2021\/01\/IMG_20200311_163215-2048x1536.jpg 2048w, https:\/\/mobilaner.de\/blog\/wp-content\/uploads\/2021\/01\/IMG_20200311_163215-80x60.jpg 80w\" sizes=\"auto, (max-width: 1024px) 100vw, 1024px\" \/><\/a><\/figure><\/li><li class=\"blocks-gallery-item\"><figure><a href=\"https:\/\/mobilaner.de\/blog\/wp-content\/uploads\/2021\/01\/IMG_20200311_182248-scaled.jpg\"><img loading=\"lazy\" decoding=\"async\" width=\"1024\" height=\"768\" src=\"http:\/\/mobilaner.de\/blog\/wp-content\/uploads\/2021\/01\/IMG_20200311_182248-scaled.jpg\" alt=\"\" data-id=\"360\" data-full-url=\"https:\/\/mobilaner.de\/blog\/wp-content\/uploads\/2021\/01\/IMG_20200311_182248-scaled.jpg\" data-link=\"https:\/\/mobilaner.de\/blog\/2020\/03\/16\/nach-norden-schneller-als-geplant\/cof-20\/\" class=\"wp-image-360\" srcset=\"https:\/\/mobilaner.de\/blog\/wp-content\/uploads\/2021\/01\/IMG_20200311_182248-scaled.jpg 1024w, https:\/\/mobilaner.de\/blog\/wp-content\/uploads\/2021\/01\/IMG_20200311_182248-300x225.jpg 300w, https:\/\/mobilaner.de\/blog\/wp-content\/uploads\/2021\/01\/IMG_20200311_182248-768x576.jpg 768w, https:\/\/mobilaner.de\/blog\/wp-content\/uploads\/2021\/01\/IMG_20200311_182248-1536x1152.jpg 1536w, https:\/\/mobilaner.de\/blog\/wp-content\/uploads\/2021\/01\/IMG_20200311_182248-2048x1536.jpg 2048w, https:\/\/mobilaner.de\/blog\/wp-content\/uploads\/2021\/01\/IMG_20200311_182248-80x60.jpg 80w\" sizes=\"auto, (max-width: 1024px) 100vw, 1024px\" \/><\/a><\/figure><\/li><\/ul><\/figure>\n\n\n\n<p>Am n\u00e4chsten Morgen soll es zeitig weitergehen. Aber erst muss mit Andres Hilfe noch ein Problem in der Buselektrik behoben werden. W\u00e4hrend der Fahrt l\u00e4d unsere Bordbatterie nicht mehr mit, aber Andre findet den Fehler und so gibt es jetzt unterwegs wieder Strom in die Batterie.<\/p>\n\n\n\n<p>Es soll an diesem Tag bis kurz hinter Casablanca gehen, doch die aktuellen Meldungen lassen uns uns umentscheiden und so fahren wir weiter bis Larache, wo wir abends noch kurz einkaufen und dann nach einem langen Fahrtag im dunkeln einen Campingplatz anfahren. Wir trinken zusammen noch ein allerletztes Bier und wollen gleich ins Bett. Allerdings ist der aktuelle Stand jetzt, dass die bef\u00fcrchtete Grenzschlie\u00dfung schon eingetroffen ist. Es fahren wohl keine F\u00e4hren mehr nach Spanien. Die \u00dcberlegung ist, dann eben nach Ceuta zu fahren, was eine spanische Enklave in Marokko ist. Und von Ceuta soll der innerspanische F\u00e4hrverkehr noch laufen. Aber es ergibt wohl Sinn, da dann fr\u00fch aufzutauchen, bevor da zu viele Menschen r\u00fcberwollen. Also den Wecker auf 4 Uhr gestellt, kurz nach 5 ist dann Abfahrt. Die Nacht war reichlich kurz! Bei der Vorbeifahrt am F\u00e4hrhafen Tanger Med sehen wir auch, dass da alles abgeriegelt ist und nichts mehr geht. Gegen 7.30h sind wir dann vor Ceuta und auch da ist seit 6 Uhr die Grenze geschlossen. Also mal wieder knapp zu sp\u00e4t. Wir versuchen noch einen zweiten Weg, aber nat\u00fcrlich ist auch da kein Durchkommen. Okay, also erstmal einen Platz suchen und beratschlagen. Viel tun k\u00f6nnen wir nicht, also am besten irgendwo nicht zu weit weg ein sch\u00f6nes Pl\u00e4tzchen finden und abwarten was kommt. Und wenn sich die n\u00e4chsten Tage nichts ergibt, wollen wir sehen, dass wir unser Visum verl\u00e4ngert bekommen und uns wieder irgendwohin nach S\u00fcden verziehen. In der marokkanischen Pampa haben wir wohl ganz gute Chancen, dass uns das Virus erstmal nicht erwischt. Allerdings mache ich mir schon etwas Sorgen. Was, wenn es uns aber doch erwischt? Wie weit geh\u00f6re ich mit meinen Vorerkrankungen zur Risikogruppe? Das kann ich selber schwer beurteilen. Und wenn es uns erwischt, dann sind wir auf ein marokkanisches Gesundheitssystem angewiesen, was zumindest in der Pampa auch als eher schlecht anzusehen ist.<\/p>\n\n\n\n<p>Wir finden einen ziemlich sch\u00f6nen See, an dessen Ufer wir uns erstmal einrichten. Der Abend vergeht mit Lagerfeuer und lauten Fr\u00f6schen.&nbsp;&nbsp;<\/p>\n\n\n\n<figure class=\"wp-block-image size-full\"><a href=\"javascript:;\"><img loading=\"lazy\" decoding=\"async\" width=\"1024\" height=\"768\" src=\"http:\/\/mobilaner.de\/blog\/wp-content\/uploads\/2021\/01\/IMG_20200313_091342-scaled.jpg\" alt=\"\" class=\"wp-image-361\" srcset=\"https:\/\/mobilaner.de\/blog\/wp-content\/uploads\/2021\/01\/IMG_20200313_091342-scaled.jpg 1024w, https:\/\/mobilaner.de\/blog\/wp-content\/uploads\/2021\/01\/IMG_20200313_091342-300x225.jpg 300w, https:\/\/mobilaner.de\/blog\/wp-content\/uploads\/2021\/01\/IMG_20200313_091342-768x576.jpg 768w, https:\/\/mobilaner.de\/blog\/wp-content\/uploads\/2021\/01\/IMG_20200313_091342-1536x1152.jpg 1536w, https:\/\/mobilaner.de\/blog\/wp-content\/uploads\/2021\/01\/IMG_20200313_091342-2048x1536.jpg 2048w, https:\/\/mobilaner.de\/blog\/wp-content\/uploads\/2021\/01\/IMG_20200313_091342-80x60.jpg 80w\" sizes=\"auto, (max-width: 1024px) 100vw, 1024px\" \/><\/a><\/figure>\n\n\n\n<p>Bevor ich am n\u00e4chsten Morgen endlich aus dem Bett komme, sind Andre und Tanja schon aufgebrochen. Sie wollen nochmal versuchen nach Ceuta reinzukommen. Und wenn das nicht klappt, wovon wir ausgehen, dann noch einkaufen und sp\u00e4ter wieder zu uns an den See kommen.<\/p>\n\n\n\n<figure class=\"wp-block-image size-large\"><img loading=\"lazy\" decoding=\"async\" width=\"1024\" height=\"768\" src=\"https:\/\/mobilaner.de\/blog\/wp-content\/uploads\/2021\/01\/IMG_20200313_192805-1024x768.jpg\" alt=\"\" class=\"wp-image-362\" srcset=\"https:\/\/mobilaner.de\/blog\/wp-content\/uploads\/2021\/01\/IMG_20200313_192805-scaled.jpg 1024w, https:\/\/mobilaner.de\/blog\/wp-content\/uploads\/2021\/01\/IMG_20200313_192805-300x225.jpg 300w, https:\/\/mobilaner.de\/blog\/wp-content\/uploads\/2021\/01\/IMG_20200313_192805-768x576.jpg 768w, https:\/\/mobilaner.de\/blog\/wp-content\/uploads\/2021\/01\/IMG_20200313_192805-1536x1152.jpg 1536w, https:\/\/mobilaner.de\/blog\/wp-content\/uploads\/2021\/01\/IMG_20200313_192805-2048x1536.jpg 2048w, https:\/\/mobilaner.de\/blog\/wp-content\/uploads\/2021\/01\/IMG_20200313_192805-80x60.jpg 80w\" sizes=\"auto, (max-width: 1024px) 100vw, 1024px\" \/><\/figure>\n\n\n\n<p>Nach einer Weile kommt von ihnen aber die Nachricht, dass sie erfolgreich nach Ceuta ausreisen konnten. Also machen wir uns wieder Gedanken. Was wollen wir? Einen besseren Ort als irgendwo in der Pampa in S\u00fcdmarokko gibt es wohl kaum, um der ganzen Sache aus dem Weg zu gehen. Aber was eben, wenn es doch nicht klappt? Wir gr\u00fcbeln hin und her und wissen nicht so recht, was wir wollen. Alles hat seine Vor- und Nachteile, je nachdem, wie sich die ganze Situation in Zukunft entwickelt. Irgendwann sagt Lena, ihr w\u00e4re es wohl lieber, in Europa zu sein. Okay, also fahren wir hinterher und versuchen auch unser Gl\u00fcck. Unser F\u00e4hrticket ab Tanger Med ist vermutlich nur noch als Anz\u00fcnder f\u00fcr&#8217;s n\u00e4chste Lagerfeuer zu gebrauchen und die Ticketpreise vermutlich nicht gerade g\u00fcnstiger geworden. Egal, daran soll es nicht scheitern, wir versuchen r\u00fcberzukommen! Am Kreisverkehr in Richtung Ceuta stehen Polizisten an einer Stra\u00dfensperre, aber nach Vorzeigen unserer deutschen P\u00e4sse lassen sie uns durch. Sehr gut! Am zweiten Kreisverkehr das gleiche, nur will man hier noch unser F\u00e4hrticket sehen. Aber auch da gibt man sich mit unserem Ticket von Tanger Med zufrieden. Bis zur eigentlichen Grenze m\u00fcssen wir noch so einige Male unsere P\u00e4sse zeigen, aber werden immer durchgelassen. An der eigentlichen Grenze haben die marokkanischen Grenzer beste Laune. Sie raten uns, auf das Corona-Virus aufzupassen. Ordentlich Bier und Whisky trinken, das desinfiziert! Am besten sei mit Whisky zu duschen! Und Gras rauchen und viel Sex! Ob das wirklich helfe, wisse er nicht genau, aber dann stirbt man wenigstens fr\u00f6hlich!<\/p>\n\n\n\n<figure class=\"wp-block-image size-large\"><a href=\"javascript:;\"><img loading=\"lazy\" decoding=\"async\" width=\"1024\" height=\"768\" src=\"https:\/\/mobilaner.de\/blog\/wp-content\/uploads\/2021\/01\/IMG_20200314_170120_BURST001_COVER-1024x768.jpg\" alt=\"\" class=\"wp-image-363\" srcset=\"https:\/\/mobilaner.de\/blog\/wp-content\/uploads\/2021\/01\/IMG_20200314_170120_BURST001_COVER-scaled.jpg 1024w, https:\/\/mobilaner.de\/blog\/wp-content\/uploads\/2021\/01\/IMG_20200314_170120_BURST001_COVER-300x225.jpg 300w, https:\/\/mobilaner.de\/blog\/wp-content\/uploads\/2021\/01\/IMG_20200314_170120_BURST001_COVER-768x576.jpg 768w, https:\/\/mobilaner.de\/blog\/wp-content\/uploads\/2021\/01\/IMG_20200314_170120_BURST001_COVER-1536x1152.jpg 1536w, https:\/\/mobilaner.de\/blog\/wp-content\/uploads\/2021\/01\/IMG_20200314_170120_BURST001_COVER-2048x1536.jpg 2048w, https:\/\/mobilaner.de\/blog\/wp-content\/uploads\/2021\/01\/IMG_20200314_170120_BURST001_COVER-80x60.jpg 80w\" sizes=\"auto, (max-width: 1024px) 100vw, 1024px\" \/><\/a><\/figure>\n\n\n\n<p>So fahren wir dann auch aufgeheitert weiter an die spanische Grenze, wo unsere gute Laune dann auf die Probe gestellt wird. Die spanischen Grenzer sind verdammt m\u00fcrrisch und kurz angebunden. Einer klopft mit dem Schraubenzieher alle Hohlr\u00e4ume des Busses ab, ein anderer nimmt sich die Papiere des Hundes vor. Und unsere P\u00e4sse werden auch einer Echtheitspr\u00fcfung unterzogen. Aber auch da kommen wir ohne Schwierigkeiten durch und sind nun auf spanischem Boden!<\/p>\n\n\n\n<p>Also auf, weiter zum Hafen. Der Weg ist nicht so ganz einfach, auch versuchen wir unterwegs noch einen Geldautomaten zu finden, allerdings erfolglos. Egal, Hauptsache erstmal zum Hafen und dann sehen wir weiter. Dort stellen wir erfreut fest, dass unsere F\u00e4hrgesellschaft Trasmediterranea auch von dort f\u00e4hrt. Am Schalter will man unser Ticket sehen, wir reichen es raus und erkl\u00e4ren, wir haben nur eins von Tanger Med. \u201eNo problem!\u201c, und kriegen es umgeschrieben zur\u00fcck. Na, das ging ja unproblematisch! Aber wir sollten uns beeilen. Gut, auf, ans Ende der sich bewegenden Schlange gefahren und direkt aufs Schiff. Klappe zu, Abfahrt. Das ging pl\u00f6tzlich alles sehr schnell! Als wir dann noch auf dem Weg hoch ins Schiff auf dem Boden gleich 15 Euro fanden, waren wir uns langsam sicher, dass dieser Tag es gut mit uns meint. Nur, dass die F\u00e4hre geschlossen war, man also nicht raus aufs Deck konnte, das war nicht ganz so sch\u00f6n. Auf einer F\u00e4hre drinnen sitzen, das geht irgendwie gar nicht!<\/p>\n\n\n\n<p>Unterdessen kommt von Tanja und Andre noch eine Nachricht durch: \u201eDie Grenzen zu Portugal sollen geschlossen werden, wir fahren durch!\u201c Okay, also nichts mit Tag entspannt in Spanien ausklingen lassen, hier wollen wir auch nicht festh\u00e4ngen. Also sehen auch wir zu, dass wir direkt auf die Bahn kommen und uns beeilen. Treffpunkt in 365km. Langsam gew\u00f6hnen wir uns ans Strecke machen. Aber Spa\u00df macht es doch nicht. Die Strecke ist erstaunlich frei, \u00fcber der Stra\u00dfe immer wieder Leuchtschrift, die auf das Corona-Virus hinweist und alle bittet, m\u00f6glichst zu Hause zu bleiben. Zu Hause ist weit weg und da sind auch viele Menschen. Also ab nach Portugal. Am sp\u00e4ten Abend treffen wir die anderen auf einem Supermarktparkplatz wieder und fahren dann zusammen noch zwei Kilometer einen Berg rauf. Aber auch hier ist am n\u00e4chsten Morgen schon wieder Aufbruch. Erstmal wieder zum Supermarkt, der hier auch am Sonntag ge\u00f6ffnet hat. Au\u00dferdem stehen davor Waschmaschinen, die wir auch mal wieder gebrauchen k\u00f6nnen. Wir machen einen Gro\u00dfeinkauf, um f\u00fcr die n\u00e4chste Zeit m\u00f6glichst autark zu sein und waschen unsere W\u00e4sche. Von da geht es weiter zu einem Brunnen, wo wir die Wasservorr\u00e4te auff\u00fcllen. Aber erstmal wollen zwei Pferde was zu trinken haben, bevor dann unser Tank dran ist. Vom Brunnen fahren wir dann nochmal gute 30km zu einem Platz, den Andre und Tanja schon kennen.<\/p>\n\n\n\n<figure class=\"wp-block-image size-large\"><img loading=\"lazy\" decoding=\"async\" width=\"1024\" height=\"768\" src=\"https:\/\/mobilaner.de\/blog\/wp-content\/uploads\/2021\/01\/IMG_20200315_141111-1024x768.jpg\" alt=\"\" class=\"wp-image-364\" srcset=\"https:\/\/mobilaner.de\/blog\/wp-content\/uploads\/2021\/01\/IMG_20200315_141111-scaled.jpg 1024w, https:\/\/mobilaner.de\/blog\/wp-content\/uploads\/2021\/01\/IMG_20200315_141111-300x225.jpg 300w, https:\/\/mobilaner.de\/blog\/wp-content\/uploads\/2021\/01\/IMG_20200315_141111-768x576.jpg 768w, https:\/\/mobilaner.de\/blog\/wp-content\/uploads\/2021\/01\/IMG_20200315_141111-1536x1152.jpg 1536w, https:\/\/mobilaner.de\/blog\/wp-content\/uploads\/2021\/01\/IMG_20200315_141111-2048x1536.jpg 2048w, https:\/\/mobilaner.de\/blog\/wp-content\/uploads\/2021\/01\/IMG_20200315_141111-80x60.jpg 80w\" sizes=\"auto, (max-width: 1024px) 100vw, 1024px\" \/><\/figure>\n\n\n\n<figure class=\"wp-block-image size-large\"><a href=\"javascript:;\"><img loading=\"lazy\" decoding=\"async\" width=\"1024\" height=\"768\" src=\"https:\/\/mobilaner.de\/blog\/wp-content\/uploads\/2021\/01\/IMG_20200316_121525-1024x768.jpg\" alt=\"\" class=\"wp-image-365\" srcset=\"https:\/\/mobilaner.de\/blog\/wp-content\/uploads\/2021\/01\/IMG_20200316_121525-scaled.jpg 1024w, https:\/\/mobilaner.de\/blog\/wp-content\/uploads\/2021\/01\/IMG_20200316_121525-300x225.jpg 300w, https:\/\/mobilaner.de\/blog\/wp-content\/uploads\/2021\/01\/IMG_20200316_121525-768x576.jpg 768w, https:\/\/mobilaner.de\/blog\/wp-content\/uploads\/2021\/01\/IMG_20200316_121525-1536x1152.jpg 1536w, https:\/\/mobilaner.de\/blog\/wp-content\/uploads\/2021\/01\/IMG_20200316_121525-2048x1536.jpg 2048w, https:\/\/mobilaner.de\/blog\/wp-content\/uploads\/2021\/01\/IMG_20200316_121525-80x60.jpg 80w\" sizes=\"auto, (max-width: 1024px) 100vw, 1024px\" \/><\/a><\/figure>\n\n\n\n<p>Sie haben sich die letzten Jahre sehr viel in Portugal aufgehalten und sind hier deshalb quasi zu Hause. Hier treffen wir auch noch zwei weitere Freunde von ihnen, die hier auch mit ihrem blauen Kastenwagen stehen. Endlich sind wir wohl angekommen, hier wollen wir jetzt nach M\u00f6glichkeit erstmal nicht wegfahren. Die Gegend ist sch\u00f6n und wartet darauf, von uns erkundet zu werden, das Wetter ist zwar nicht mit S\u00fcdmarokko zu vergleichen, aber noch ausreichend warm. Morgen soll es allerdings Regen geben, was uns seit dem Hinweg in Frankreich nicht mehr passiert ist. Aber nun, wir sind jetzt hier und werden nehmen was kommt. Insgesamt war die Tour in Marokko f\u00fcr uns wundersch\u00f6n und bestimmt nicht die letzte! Das Ende war nun etwas abrupt, aber in der momentanen Situation war das halt einfach n\u00f6tig. Und ich denke, wir haben das trotzdem nicht schlecht getroffen, hier kann man das wohl f\u00fcr eine Weile aushalten. Und alles weitere werden wir sehen.<\/p>\n","protected":false},"excerpt":{"rendered":"<p>So, lange nichts geschrieben, es wird wohl dringend Zeit f\u00fcr ein Update hier. Die Ereignisse \u00fcberschlagen sich \u00fcberall, so auch bei uns. Aber trotzdem entspannt der Reihe nach: Nach einem erneuten Gang \u00fcber den Souk am Sonntag, ging es dann gegen Mittag weiter. Vor der Abfahrt wurden wir noch von einem Hippie angesprochen, der wohl &hellip; <\/p>\n","protected":false},"author":3,"featured_media":339,"comment_status":"open","ping_status":"open","sticky":false,"template":"","format":"standard","meta":{"_stopmodifiedupdate":false,"_modified_date":"","footnotes":""},"categories":[18,20],"tags":[],"class_list":["post-290","post","type-post","status-publish","format-standard","has-post-thumbnail","hentry","category-touren","category-tour-2019-2020"],"_links":{"self":[{"href":"https:\/\/mobilaner.de\/blog\/wp-json\/wp\/v2\/posts\/290","targetHints":{"allow":["GET"]}}],"collection":[{"href":"https:\/\/mobilaner.de\/blog\/wp-json\/wp\/v2\/posts"}],"about":[{"href":"https:\/\/mobilaner.de\/blog\/wp-json\/wp\/v2\/types\/post"}],"author":[{"embeddable":true,"href":"https:\/\/mobilaner.de\/blog\/wp-json\/wp\/v2\/users\/3"}],"replies":[{"embeddable":true,"href":"https:\/\/mobilaner.de\/blog\/wp-json\/wp\/v2\/comments?post=290"}],"version-history":[{"count":9,"href":"https:\/\/mobilaner.de\/blog\/wp-json\/wp\/v2\/posts\/290\/revisions"}],"predecessor-version":[{"id":765,"href":"https:\/\/mobilaner.de\/blog\/wp-json\/wp\/v2\/posts\/290\/revisions\/765"}],"wp:featuredmedia":[{"embeddable":true,"href":"https:\/\/mobilaner.de\/blog\/wp-json\/wp\/v2\/media\/339"}],"wp:attachment":[{"href":"https:\/\/mobilaner.de\/blog\/wp-json\/wp\/v2\/media?parent=290"}],"wp:term":[{"taxonomy":"category","embeddable":true,"href":"https:\/\/mobilaner.de\/blog\/wp-json\/wp\/v2\/categories?post=290"},{"taxonomy":"post_tag","embeddable":true,"href":"https:\/\/mobilaner.de\/blog\/wp-json\/wp\/v2\/tags?post=290"}],"curies":[{"name":"wp","href":"https:\/\/api.w.org\/{rel}","templated":true}]}}