{"id":292,"date":"2020-03-07T19:04:00","date_gmt":"2020-03-07T18:04:00","guid":{"rendered":"http:\/\/mobilaner.de\/blog\/?p=292"},"modified":"2021-01-11T12:47:44","modified_gmt":"2021-01-11T11:47:44","slug":"vom-strand-nach-sidi-ifni","status":"publish","type":"post","link":"https:\/\/mobilaner.de\/blog\/2020\/03\/07\/vom-strand-nach-sidi-ifni\/","title":{"rendered":"Vom Strand nach Sidi Ifni"},"content":{"rendered":"\n<figure class=\"wp-block-image size-large\"><img loading=\"lazy\" decoding=\"async\" width=\"1024\" height=\"751\" src=\"http:\/\/mobilaner.de\/blog\/wp-content\/uploads\/2021\/01\/IMG_20200301_160625-1024x751.jpg\" alt=\"\" class=\"wp-image-717\" srcset=\"https:\/\/mobilaner.de\/blog\/wp-content\/uploads\/2021\/01\/IMG_20200301_160625-scaled.jpg 1024w, https:\/\/mobilaner.de\/blog\/wp-content\/uploads\/2021\/01\/IMG_20200301_160625-300x220.jpg 300w, https:\/\/mobilaner.de\/blog\/wp-content\/uploads\/2021\/01\/IMG_20200301_160625-768x563.jpg 768w, https:\/\/mobilaner.de\/blog\/wp-content\/uploads\/2021\/01\/IMG_20200301_160625-1536x1126.jpg 1536w, https:\/\/mobilaner.de\/blog\/wp-content\/uploads\/2021\/01\/IMG_20200301_160625-2048x1502.jpg 2048w, https:\/\/mobilaner.de\/blog\/wp-content\/uploads\/2021\/01\/IMG_20200301_160625-82x60.jpg 82w\" sizes=\"auto, (max-width: 1024px) 100vw, 1024px\" \/><\/figure>\n\n\n\n<p>Der weitere Weg zur K\u00fcste war im Grunde nicht weiter spektakul\u00e4r, oben standen ein paar Fahrzeuge, aber, viel interessanter, auch unten auf dem Strand war einiges los. Also gleich mal runter gefahren und geguckt. Neben diversen marokkanischen PKW stand da auch ein deutscher Magirus Hauber und ein Mercedes Bremer mit Allrad auf dem Strand. Und klar, dass Andre und Tanja da sofort alte Bekannte getroffen haben. Nach einem sondierenden Gang am Strand haben wir dann entschieden, wo wir gerne stehen w\u00fcrden, wenn denn der Bus auf dem Sand soweit kommt. Also zur Sicherheit nochmal ordentlich Luft ablassen und dann mit Schwung auf den Strand. Ging auch so wie gedacht und so hatten wir unseren Platz f\u00fcr die n\u00e4chsten Tage erreicht. Gegen Abend wurde es auch ruhiger und so bleiben wir nur noch mit den vier Fahrzeugen am Strand, ansonsten in beide Richtungen bis zum Horizont absolute Leere. Sehr sch\u00f6n!&nbsp;&nbsp;<\/p>\n\n\n\n<figure class=\"wp-block-image size-large\"><a href=\"javascript:;\"><img loading=\"lazy\" decoding=\"async\" width=\"1024\" height=\"768\" src=\"https:\/\/mobilaner.de\/blog\/wp-content\/uploads\/2021\/01\/IMG_20200301_165853-1024x768.jpg\" alt=\"\" class=\"wp-image-368\" srcset=\"https:\/\/mobilaner.de\/blog\/wp-content\/uploads\/2021\/01\/IMG_20200301_165853-scaled.jpg 1024w, https:\/\/mobilaner.de\/blog\/wp-content\/uploads\/2021\/01\/IMG_20200301_165853-300x225.jpg 300w, https:\/\/mobilaner.de\/blog\/wp-content\/uploads\/2021\/01\/IMG_20200301_165853-768x576.jpg 768w, https:\/\/mobilaner.de\/blog\/wp-content\/uploads\/2021\/01\/IMG_20200301_165853-1536x1152.jpg 1536w, https:\/\/mobilaner.de\/blog\/wp-content\/uploads\/2021\/01\/IMG_20200301_165853-2048x1536.jpg 2048w, https:\/\/mobilaner.de\/blog\/wp-content\/uploads\/2021\/01\/IMG_20200301_165853-80x60.jpg 80w\" sizes=\"auto, (max-width: 1024px) 100vw, 1024px\" \/><\/a><\/figure>\n\n\n\n<p>Am n\u00e4chsten Tag -Montag- blieb es auch recht einsam, nur hin und wieder kam ein Spazierg\u00e4nger vorbei. Die Tage drauf hatten wir als unterhaltsame Besch\u00e4ftigung zwischendurch immerhin ab und an das ein oder andere marokkanische Auto, das wir wieder vom Strand schieben, bzw. ausbuddeln durften. Wenn ich so gar nicht f\u00e4hig bin, mit einem Auto vern\u00fcnftig umzugehen, dann fahr ich doch nicht alleine auf einen Strand. Sollte man meinen. Egal, so hatten wir immerhin etwas Abwechslung. Leider gibt es davon kein Foto.&nbsp;<\/p>\n\n\n\n<figure class=\"wp-block-image size-large\"><a href=\"javascript:;\"><img loading=\"lazy\" decoding=\"async\" width=\"1024\" height=\"768\" src=\"https:\/\/mobilaner.de\/blog\/wp-content\/uploads\/2021\/01\/IMG_20200305_133737-1024x768.jpg\" alt=\"\" class=\"wp-image-369\" srcset=\"https:\/\/mobilaner.de\/blog\/wp-content\/uploads\/2021\/01\/IMG_20200305_133737-scaled.jpg 1024w, https:\/\/mobilaner.de\/blog\/wp-content\/uploads\/2021\/01\/IMG_20200305_133737-300x225.jpg 300w, https:\/\/mobilaner.de\/blog\/wp-content\/uploads\/2021\/01\/IMG_20200305_133737-768x576.jpg 768w, https:\/\/mobilaner.de\/blog\/wp-content\/uploads\/2021\/01\/IMG_20200305_133737-1536x1152.jpg 1536w, https:\/\/mobilaner.de\/blog\/wp-content\/uploads\/2021\/01\/IMG_20200305_133737-2048x1536.jpg 2048w, https:\/\/mobilaner.de\/blog\/wp-content\/uploads\/2021\/01\/IMG_20200305_133737-80x60.jpg 80w\" sizes=\"auto, (max-width: 1024px) 100vw, 1024px\" \/><\/a><\/figure>\n\n\n\n<p>Am Donnerstag war das Wetter dann eher unsch\u00f6n, der Himmel blieb bedeckt, so dass wir entschieden, schon einen Tag fr\u00fcher als eigentlich angedacht aufzubrechen und noch ein weiteres Mal in Guelmim zum Einkaufen zu fahren. Also Sachen gepackt, den Motor angeschmissen und mal sehen, ob wir auch so elegant wieder runterkommen vom Strand. Es scheiterte mal wieder am Anfahren, aber mit einmal Sandbleche unterlegen kamen wir auch los und konnten den Strand aus eigener Kraft verlassen. Spannend noch die Strecke vom Strand nach oben, wo auf der relativ steilen Anfahrt auch einiges an Sand lag, aber mit Schwung kamen wir auch da problemlos hoch.&nbsp;&nbsp;<\/p>\n\n\n\n<figure class=\"wp-block-image size-large\"><a href=\"javascript:;\"><img loading=\"lazy\" decoding=\"async\" width=\"1024\" height=\"768\" src=\"https:\/\/mobilaner.de\/blog\/wp-content\/uploads\/2021\/01\/IMG_20200306_114136-1024x768.jpg\" alt=\"\" class=\"wp-image-370\" srcset=\"https:\/\/mobilaner.de\/blog\/wp-content\/uploads\/2021\/01\/IMG_20200306_114136-scaled.jpg 1024w, https:\/\/mobilaner.de\/blog\/wp-content\/uploads\/2021\/01\/IMG_20200306_114136-300x225.jpg 300w, https:\/\/mobilaner.de\/blog\/wp-content\/uploads\/2021\/01\/IMG_20200306_114136-768x576.jpg 768w, https:\/\/mobilaner.de\/blog\/wp-content\/uploads\/2021\/01\/IMG_20200306_114136-1536x1152.jpg 1536w, https:\/\/mobilaner.de\/blog\/wp-content\/uploads\/2021\/01\/IMG_20200306_114136-2048x1536.jpg 2048w, https:\/\/mobilaner.de\/blog\/wp-content\/uploads\/2021\/01\/IMG_20200306_114136-80x60.jpg 80w\" sizes=\"auto, (max-width: 1024px) 100vw, 1024px\" \/><\/a><\/figure>\n\n\n\n<p>In Guelmim war dann mal wieder Gro\u00dfeinkauf angesagt. Lena ist der Tabak ausgegangen, das musste behoben werden. Au\u00dferdem konnte die Oma Duck mal wieder eine Dieself\u00fcllung vertragen. Auf der Tanke gab es f\u00fcr mich noch eine kleine Lehrstunde in marokkanischer Aussprache. Ein paar Jungs sprachen mir vor und ich sollte nachsprechen. Anscheinend habe ich mich dabei gar nicht so v\u00f6llig schlecht angestellt, sie waren wohl zufrieden. Es war wohl der Text von Allah und Mohammed, seinem Propheten. Mir pers\u00f6nlich ist Allah genauso egal wie jegliche anderen G\u00f6tter und f\u00fcr eine Aussprache\u00fcbung allemal gut genug.<\/p>\n\n\n\n<p>Hinter Guelmim haben wir noch an einem Wasserhahn an der Stra\u00dfe gehalten und zumindest ein klein wenig Wasser aufgef\u00fcllt. F\u00fcr mehr war der Wasserdruck nicht zu gebrauchen.<\/p>\n\n\n\n<p>Ein paar Kilometer weiter ging es dann rechts eine Piste rein auf der Suche nach einem ruhigen Platz f\u00fcr die Nacht. Team Eiwola fuhr voraus und musste gleich recht am Anfang schon mit einer sehr engen Ortsdurchfahrt k\u00e4mpfen, aber es reichte. Dann passen wir mit unserem kleinen Bus da eh allemal locker durch.<\/p>\n\n\n\n<figure class=\"wp-block-image size-large\"><a href=\"javascript:;\"><img loading=\"lazy\" decoding=\"async\" width=\"1024\" height=\"768\" src=\"https:\/\/mobilaner.de\/blog\/wp-content\/uploads\/2021\/01\/IMG_20200306_104623-1024x768.jpg\" alt=\"\" class=\"wp-image-372\" srcset=\"https:\/\/mobilaner.de\/blog\/wp-content\/uploads\/2021\/01\/IMG_20200306_104623-scaled.jpg 1024w, https:\/\/mobilaner.de\/blog\/wp-content\/uploads\/2021\/01\/IMG_20200306_104623-300x225.jpg 300w, https:\/\/mobilaner.de\/blog\/wp-content\/uploads\/2021\/01\/IMG_20200306_104623-768x576.jpg 768w, https:\/\/mobilaner.de\/blog\/wp-content\/uploads\/2021\/01\/IMG_20200306_104623-1536x1152.jpg 1536w, https:\/\/mobilaner.de\/blog\/wp-content\/uploads\/2021\/01\/IMG_20200306_104623-2048x1536.jpg 2048w, https:\/\/mobilaner.de\/blog\/wp-content\/uploads\/2021\/01\/IMG_20200306_104623-80x60.jpg 80w\" sizes=\"auto, (max-width: 1024px) 100vw, 1024px\" \/><\/a><\/figure>\n\n\n\n<p>Nach ein paar weiteren Pistenkilometern fanden wir auch ein Platz, der ruhig und einsam aussah. Nach Sonnenuntergang wurde auch noch ein Lagerfeuer angefacht, allerdings gab es dort nur viel d\u00fcnnes und vor allem sehr pieksiges Dornengestr\u00fcpp. Nicht so sch\u00f6n, aber f\u00fcr einen Lagerfeuerabend hat es doch gereicht. Und am Feuer haben wir dann unsere letzten beiden mitgebrachten spanischen Bierdosen geleert. Merke: N\u00e4chstes Mal mehr Bier mitbringen!!<\/p>\n\n\n\n<p>Unser sch\u00f6ner ruhiger einsamer Platz war dann am n\u00e4chsten Morgen schon recht fr\u00fch recht laut. Ein Bagger direkt gegen\u00fcber und auch andere Baufahrzeuge. Gef\u00fchlt gibt es in Marokko keine Stra\u00dfe und keine Piste, an der nicht gearbeitet wird. Aber muss das denn genau da sein, wo wir parken??<\/p>\n\n\n\n<p>Naja, so sind wir relativ fr\u00fch aufgebrochen und haben uns entschieden, die Piste nicht wieder zur\u00fcck, sondern weiter zu fahren, um nach einem Bogen irgendwo wieder auf die Stra\u00dfe in Richtung Sid Ifni zu kommen. Und damit haben wir eine kleine, oft recht schmale, aber wirklich sch\u00f6ne Piste entdeckt. Nicht immer leicht zu fahren, aber eine tolle Aussicht!&nbsp;&nbsp;<\/p>\n\n\n\n<figure class=\"wp-block-gallery columns-3 is-cropped wp-block-gallery-1 is-layout-flex wp-block-gallery-is-layout-flex\"><ul class=\"blocks-gallery-grid\"><li class=\"blocks-gallery-item\"><figure><a href=\"http:\/\/mobilaner.de\/blog\/wp-content\/uploads\/2021\/01\/IMG_20200306_111713-scaled.jpg\"><img loading=\"lazy\" decoding=\"async\" width=\"1024\" height=\"768\" src=\"http:\/\/mobilaner.de\/blog\/wp-content\/uploads\/2021\/01\/IMG_20200306_111713-scaled.jpg\" alt=\"\" data-id=\"373\" data-link=\"https:\/\/mobilaner.de\/blog\/2020\/03\/07\/vom-strand-nach-sidi-ifni\/cof-27\/\" class=\"wp-image-373\" srcset=\"https:\/\/mobilaner.de\/blog\/wp-content\/uploads\/2021\/01\/IMG_20200306_111713-scaled.jpg 1024w, https:\/\/mobilaner.de\/blog\/wp-content\/uploads\/2021\/01\/IMG_20200306_111713-300x225.jpg 300w, https:\/\/mobilaner.de\/blog\/wp-content\/uploads\/2021\/01\/IMG_20200306_111713-768x576.jpg 768w, https:\/\/mobilaner.de\/blog\/wp-content\/uploads\/2021\/01\/IMG_20200306_111713-1536x1152.jpg 1536w, https:\/\/mobilaner.de\/blog\/wp-content\/uploads\/2021\/01\/IMG_20200306_111713-2048x1536.jpg 2048w, https:\/\/mobilaner.de\/blog\/wp-content\/uploads\/2021\/01\/IMG_20200306_111713-80x60.jpg 80w\" sizes=\"auto, (max-width: 1024px) 100vw, 1024px\" \/><\/a><figcaption class=\"blocks-gallery-item__caption\"><br><\/figcaption><\/figure><\/li><li class=\"blocks-gallery-item\"><figure><a href=\"http:\/\/mobilaner.de\/blog\/wp-content\/uploads\/2021\/01\/IMG_20200306_113120-scaled.jpg\"><img loading=\"lazy\" decoding=\"async\" width=\"1024\" height=\"768\" src=\"http:\/\/mobilaner.de\/blog\/wp-content\/uploads\/2021\/01\/IMG_20200306_113120-scaled.jpg\" alt=\"\" data-id=\"374\" data-link=\"https:\/\/mobilaner.de\/blog\/2020\/03\/07\/vom-strand-nach-sidi-ifni\/cof-28\/\" class=\"wp-image-374\" srcset=\"https:\/\/mobilaner.de\/blog\/wp-content\/uploads\/2021\/01\/IMG_20200306_113120-scaled.jpg 1024w, https:\/\/mobilaner.de\/blog\/wp-content\/uploads\/2021\/01\/IMG_20200306_113120-300x225.jpg 300w, https:\/\/mobilaner.de\/blog\/wp-content\/uploads\/2021\/01\/IMG_20200306_113120-768x576.jpg 768w, https:\/\/mobilaner.de\/blog\/wp-content\/uploads\/2021\/01\/IMG_20200306_113120-1536x1152.jpg 1536w, https:\/\/mobilaner.de\/blog\/wp-content\/uploads\/2021\/01\/IMG_20200306_113120-2048x1536.jpg 2048w, https:\/\/mobilaner.de\/blog\/wp-content\/uploads\/2021\/01\/IMG_20200306_113120-80x60.jpg 80w\" sizes=\"auto, (max-width: 1024px) 100vw, 1024px\" \/><\/a><figcaption class=\"blocks-gallery-item__caption\"><br><br><\/figcaption><\/figure><\/li><li class=\"blocks-gallery-item\"><figure><a href=\"http:\/\/mobilaner.de\/blog\/wp-content\/uploads\/2021\/01\/IMG_20200306_114617-scaled.jpg\"><img loading=\"lazy\" decoding=\"async\" width=\"1024\" height=\"768\" src=\"http:\/\/mobilaner.de\/blog\/wp-content\/uploads\/2021\/01\/IMG_20200306_114617-scaled.jpg\" alt=\"\" data-id=\"375\" data-link=\"https:\/\/mobilaner.de\/blog\/2020\/03\/07\/vom-strand-nach-sidi-ifni\/cof-29\/\" class=\"wp-image-375\" srcset=\"https:\/\/mobilaner.de\/blog\/wp-content\/uploads\/2021\/01\/IMG_20200306_114617-scaled.jpg 1024w, https:\/\/mobilaner.de\/blog\/wp-content\/uploads\/2021\/01\/IMG_20200306_114617-300x225.jpg 300w, https:\/\/mobilaner.de\/blog\/wp-content\/uploads\/2021\/01\/IMG_20200306_114617-768x576.jpg 768w, https:\/\/mobilaner.de\/blog\/wp-content\/uploads\/2021\/01\/IMG_20200306_114617-1536x1152.jpg 1536w, https:\/\/mobilaner.de\/blog\/wp-content\/uploads\/2021\/01\/IMG_20200306_114617-2048x1536.jpg 2048w, https:\/\/mobilaner.de\/blog\/wp-content\/uploads\/2021\/01\/IMG_20200306_114617-80x60.jpg 80w\" sizes=\"auto, (max-width: 1024px) 100vw, 1024px\" \/><\/a><figcaption class=\"blocks-gallery-item__caption\"><br><\/figcaption><\/figure><\/li><li class=\"blocks-gallery-item\"><figure><a href=\"http:\/\/mobilaner.de\/blog\/wp-content\/uploads\/2021\/01\/IMG_20200306_114753-scaled.jpg\"><img loading=\"lazy\" decoding=\"async\" width=\"1024\" height=\"768\" src=\"http:\/\/mobilaner.de\/blog\/wp-content\/uploads\/2021\/01\/IMG_20200306_114753-scaled.jpg\" alt=\"\" data-id=\"376\" data-link=\"https:\/\/mobilaner.de\/blog\/2020\/03\/07\/vom-strand-nach-sidi-ifni\/dav-2\/\" class=\"wp-image-376\" srcset=\"https:\/\/mobilaner.de\/blog\/wp-content\/uploads\/2021\/01\/IMG_20200306_114753-scaled.jpg 1024w, https:\/\/mobilaner.de\/blog\/wp-content\/uploads\/2021\/01\/IMG_20200306_114753-300x225.jpg 300w, https:\/\/mobilaner.de\/blog\/wp-content\/uploads\/2021\/01\/IMG_20200306_114753-768x576.jpg 768w, https:\/\/mobilaner.de\/blog\/wp-content\/uploads\/2021\/01\/IMG_20200306_114753-1536x1152.jpg 1536w, https:\/\/mobilaner.de\/blog\/wp-content\/uploads\/2021\/01\/IMG_20200306_114753-2048x1536.jpg 2048w, https:\/\/mobilaner.de\/blog\/wp-content\/uploads\/2021\/01\/IMG_20200306_114753-80x60.jpg 80w\" sizes=\"auto, (max-width: 1024px) 100vw, 1024px\" \/><\/a><figcaption class=\"blocks-gallery-item__caption\"><br><\/figcaption><\/figure><\/li><li class=\"blocks-gallery-item\"><figure><a href=\"http:\/\/mobilaner.de\/blog\/wp-content\/uploads\/2021\/01\/IMG_20200306_115502-scaled.jpg\"><img loading=\"lazy\" decoding=\"async\" width=\"1024\" height=\"768\" src=\"http:\/\/mobilaner.de\/blog\/wp-content\/uploads\/2021\/01\/IMG_20200306_115502-scaled.jpg\" alt=\"\" data-id=\"377\" data-link=\"https:\/\/mobilaner.de\/blog\/2020\/03\/07\/vom-strand-nach-sidi-ifni\/cof-30\/\" class=\"wp-image-377\" srcset=\"https:\/\/mobilaner.de\/blog\/wp-content\/uploads\/2021\/01\/IMG_20200306_115502-scaled.jpg 1024w, https:\/\/mobilaner.de\/blog\/wp-content\/uploads\/2021\/01\/IMG_20200306_115502-300x225.jpg 300w, https:\/\/mobilaner.de\/blog\/wp-content\/uploads\/2021\/01\/IMG_20200306_115502-768x576.jpg 768w, https:\/\/mobilaner.de\/blog\/wp-content\/uploads\/2021\/01\/IMG_20200306_115502-1536x1152.jpg 1536w, https:\/\/mobilaner.de\/blog\/wp-content\/uploads\/2021\/01\/IMG_20200306_115502-2048x1536.jpg 2048w, https:\/\/mobilaner.de\/blog\/wp-content\/uploads\/2021\/01\/IMG_20200306_115502-80x60.jpg 80w\" sizes=\"auto, (max-width: 1024px) 100vw, 1024px\" \/><\/a><figcaption class=\"blocks-gallery-item__caption\"><br><\/figcaption><\/figure><\/li><li class=\"blocks-gallery-item\"><figure><a href=\"http:\/\/mobilaner.de\/blog\/wp-content\/uploads\/2021\/01\/IMG_20200306_120301-scaled.jpg\"><img loading=\"lazy\" decoding=\"async\" width=\"1024\" height=\"768\" src=\"http:\/\/mobilaner.de\/blog\/wp-content\/uploads\/2021\/01\/IMG_20200306_120301-scaled.jpg\" alt=\"\" data-id=\"378\" data-link=\"https:\/\/mobilaner.de\/blog\/2020\/03\/07\/vom-strand-nach-sidi-ifni\/cof-31\/\" class=\"wp-image-378\" srcset=\"https:\/\/mobilaner.de\/blog\/wp-content\/uploads\/2021\/01\/IMG_20200306_120301-scaled.jpg 1024w, https:\/\/mobilaner.de\/blog\/wp-content\/uploads\/2021\/01\/IMG_20200306_120301-300x225.jpg 300w, https:\/\/mobilaner.de\/blog\/wp-content\/uploads\/2021\/01\/IMG_20200306_120301-768x576.jpg 768w, https:\/\/mobilaner.de\/blog\/wp-content\/uploads\/2021\/01\/IMG_20200306_120301-1536x1152.jpg 1536w, https:\/\/mobilaner.de\/blog\/wp-content\/uploads\/2021\/01\/IMG_20200306_120301-2048x1536.jpg 2048w, https:\/\/mobilaner.de\/blog\/wp-content\/uploads\/2021\/01\/IMG_20200306_120301-80x60.jpg 80w\" sizes=\"auto, (max-width: 1024px) 100vw, 1024px\" \/><\/a><figcaption class=\"blocks-gallery-item__caption\"><br><\/figcaption><\/figure><\/li><li class=\"blocks-gallery-item\"><figure><a href=\"http:\/\/mobilaner.de\/blog\/wp-content\/uploads\/2021\/01\/IMG_20200306_120854-scaled.jpg\"><img loading=\"lazy\" decoding=\"async\" width=\"1024\" height=\"768\" src=\"http:\/\/mobilaner.de\/blog\/wp-content\/uploads\/2021\/01\/IMG_20200306_120854-scaled.jpg\" alt=\"\" data-id=\"379\" data-link=\"https:\/\/mobilaner.de\/blog\/2020\/03\/07\/vom-strand-nach-sidi-ifni\/cof-32\/\" class=\"wp-image-379\" srcset=\"https:\/\/mobilaner.de\/blog\/wp-content\/uploads\/2021\/01\/IMG_20200306_120854-scaled.jpg 1024w, https:\/\/mobilaner.de\/blog\/wp-content\/uploads\/2021\/01\/IMG_20200306_120854-300x225.jpg 300w, https:\/\/mobilaner.de\/blog\/wp-content\/uploads\/2021\/01\/IMG_20200306_120854-768x576.jpg 768w, https:\/\/mobilaner.de\/blog\/wp-content\/uploads\/2021\/01\/IMG_20200306_120854-1536x1152.jpg 1536w, https:\/\/mobilaner.de\/blog\/wp-content\/uploads\/2021\/01\/IMG_20200306_120854-2048x1536.jpg 2048w, https:\/\/mobilaner.de\/blog\/wp-content\/uploads\/2021\/01\/IMG_20200306_120854-80x60.jpg 80w\" sizes=\"auto, (max-width: 1024px) 100vw, 1024px\" \/><\/a><figcaption class=\"blocks-gallery-item__caption\"><br><\/figcaption><\/figure><\/li><li class=\"blocks-gallery-item\"><figure><a href=\"http:\/\/mobilaner.de\/blog\/wp-content\/uploads\/2021\/01\/IMG_20200306_121509-scaled.jpg\"><img loading=\"lazy\" decoding=\"async\" width=\"1024\" height=\"768\" src=\"http:\/\/mobilaner.de\/blog\/wp-content\/uploads\/2021\/01\/IMG_20200306_121509-scaled.jpg\" alt=\"\" data-id=\"380\" data-link=\"https:\/\/mobilaner.de\/blog\/2020\/03\/07\/vom-strand-nach-sidi-ifni\/dav-3\/\" class=\"wp-image-380\" srcset=\"https:\/\/mobilaner.de\/blog\/wp-content\/uploads\/2021\/01\/IMG_20200306_121509-scaled.jpg 1024w, https:\/\/mobilaner.de\/blog\/wp-content\/uploads\/2021\/01\/IMG_20200306_121509-300x225.jpg 300w, https:\/\/mobilaner.de\/blog\/wp-content\/uploads\/2021\/01\/IMG_20200306_121509-768x576.jpg 768w, https:\/\/mobilaner.de\/blog\/wp-content\/uploads\/2021\/01\/IMG_20200306_121509-1536x1152.jpg 1536w, https:\/\/mobilaner.de\/blog\/wp-content\/uploads\/2021\/01\/IMG_20200306_121509-2048x1536.jpg 2048w, https:\/\/mobilaner.de\/blog\/wp-content\/uploads\/2021\/01\/IMG_20200306_121509-80x60.jpg 80w\" sizes=\"auto, (max-width: 1024px) 100vw, 1024px\" \/><\/a><figcaption class=\"blocks-gallery-item__caption\"><br><\/figcaption><\/figure><\/li><li class=\"blocks-gallery-item\"><figure><a href=\"https:\/\/mobilaner.de\/blog\/wp-content\/uploads\/2021\/01\/IMG_20200306_122808-scaled.jpg\"><img loading=\"lazy\" decoding=\"async\" width=\"1024\" height=\"768\" src=\"http:\/\/mobilaner.de\/blog\/wp-content\/uploads\/2021\/01\/IMG_20200306_122808-scaled.jpg\" alt=\"\" data-id=\"381\" data-full-url=\"https:\/\/mobilaner.de\/blog\/wp-content\/uploads\/2021\/01\/IMG_20200306_122808-scaled.jpg\" data-link=\"https:\/\/mobilaner.de\/blog\/2020\/03\/07\/vom-strand-nach-sidi-ifni\/cof-33\/\" class=\"wp-image-381\" srcset=\"https:\/\/mobilaner.de\/blog\/wp-content\/uploads\/2021\/01\/IMG_20200306_122808-scaled.jpg 1024w, https:\/\/mobilaner.de\/blog\/wp-content\/uploads\/2021\/01\/IMG_20200306_122808-300x225.jpg 300w, https:\/\/mobilaner.de\/blog\/wp-content\/uploads\/2021\/01\/IMG_20200306_122808-768x576.jpg 768w, https:\/\/mobilaner.de\/blog\/wp-content\/uploads\/2021\/01\/IMG_20200306_122808-1536x1152.jpg 1536w, https:\/\/mobilaner.de\/blog\/wp-content\/uploads\/2021\/01\/IMG_20200306_122808-2048x1536.jpg 2048w, https:\/\/mobilaner.de\/blog\/wp-content\/uploads\/2021\/01\/IMG_20200306_122808-80x60.jpg 80w\" sizes=\"auto, (max-width: 1024px) 100vw, 1024px\" \/><\/a><figcaption class=\"blocks-gallery-item__caption\"><br><\/figcaption><\/figure><\/li><\/ul><\/figure>\n\n\n\n<figure class=\"wp-block-image size-large\"><a href=\"javascript:;\"><img loading=\"lazy\" decoding=\"async\" width=\"1024\" height=\"768\" src=\"https:\/\/mobilaner.de\/blog\/wp-content\/uploads\/2021\/01\/IMG_20200306_123356-1024x768.jpg\" alt=\"\" class=\"wp-image-382\" srcset=\"https:\/\/mobilaner.de\/blog\/wp-content\/uploads\/2021\/01\/IMG_20200306_123356-scaled.jpg 1024w, https:\/\/mobilaner.de\/blog\/wp-content\/uploads\/2021\/01\/IMG_20200306_123356-300x225.jpg 300w, https:\/\/mobilaner.de\/blog\/wp-content\/uploads\/2021\/01\/IMG_20200306_123356-768x576.jpg 768w, https:\/\/mobilaner.de\/blog\/wp-content\/uploads\/2021\/01\/IMG_20200306_123356-1536x1152.jpg 1536w, https:\/\/mobilaner.de\/blog\/wp-content\/uploads\/2021\/01\/IMG_20200306_123356-2048x1536.jpg 2048w, https:\/\/mobilaner.de\/blog\/wp-content\/uploads\/2021\/01\/IMG_20200306_123356-80x60.jpg 80w\" sizes=\"auto, (max-width: 1024px) 100vw, 1024px\" \/><\/a><\/figure>\n\n\n\n<p>Irgendwann m\u00fcndete die Piste dann wie erwartet auf eine auch neu gebaute breite Stra\u00dfe, die uns nach Sidi Ifni brachte. Dieses war auf meiner Tour vor vier Jahren der s\u00fcdlichste Punkt der Reise gewesen, dieses Mal kamen wir von S\u00fcden in die Stadt. Wir steuerten einen recht zentral gelegenen Campingplatz an, da wir hier am Wochenende auf den Markt wollen und nebenbei mal wieder Wasser auff\u00fcllen und duschen wollen. Und es soll hier sogar einen Waschsalon geben&#8230;<\/p>\n\n\n\n<figure class=\"wp-block-image size-large\"><a href=\"javascript:;\"><img loading=\"lazy\" decoding=\"async\" width=\"1024\" height=\"768\" src=\"https:\/\/mobilaner.de\/blog\/wp-content\/uploads\/2021\/01\/IMG_20200307_123118-1024x768.jpg\" alt=\"\" class=\"wp-image-383\" srcset=\"https:\/\/mobilaner.de\/blog\/wp-content\/uploads\/2021\/01\/IMG_20200307_123118-scaled.jpg 1024w, https:\/\/mobilaner.de\/blog\/wp-content\/uploads\/2021\/01\/IMG_20200307_123118-300x225.jpg 300w, https:\/\/mobilaner.de\/blog\/wp-content\/uploads\/2021\/01\/IMG_20200307_123118-768x576.jpg 768w, https:\/\/mobilaner.de\/blog\/wp-content\/uploads\/2021\/01\/IMG_20200307_123118-1536x1152.jpg 1536w, https:\/\/mobilaner.de\/blog\/wp-content\/uploads\/2021\/01\/IMG_20200307_123118-2048x1536.jpg 2048w, https:\/\/mobilaner.de\/blog\/wp-content\/uploads\/2021\/01\/IMG_20200307_123118-80x60.jpg 80w\" sizes=\"auto, (max-width: 1024px) 100vw, 1024px\" \/><\/a><\/figure>\n\n\n\n<p>Das Ger\u00fccht mit dem Waschsalon bewahrheitete sich und so konnten wir endlich einmal alles durchwaschen. Und uns selber auf dem Campingplatz duschen, was so verkehrt sicher auch nicht war. Der Souk (Markt) ist eigentlich am Sonntag, aber auch am Samstagnachmittag ist da schon was los und so bin ich mit Tanja schon mal schlendern gewesen und habe mir einen Eindruck geholt. Auf dem Souk gibt es quasi alles. Von reichlich Obst und Gem\u00fcse bis Klamotten, Werkzeug in alt und neu, Schmuck, Teppiche, \u2026 Sozusagen eine Mischung aus Wochenmarkt und Flohmarkt. Das skurrilste, was wir fanden, waren alte K\u00fchlschrankt\u00fcren. Es gibt halt f\u00fcr alles einen Markt. Und ich w\u00fcsste nicht, wo ich in Deutschland hingehen w\u00fcrde, wenn ich eine gebrauchte K\u00fchlschrankt\u00fcr brauche!<\/p>\n\n\n\n<p>Gekauft habe ich uns dann f\u00fcr das Abendessen vier gro\u00dfe Artischocken f\u00fcr umgerechnet knapp zwei Euro. Alles weitere gibt es dann morgen auf der n\u00e4chsten Runde Souk, bevor wir dann wohl die Stadt wieder verlassen werden. Auf geht\u2019s, die K\u00fcste hoch.<\/p>\n\n\n\n<figure class=\"wp-block-gallery columns-3 is-cropped wp-block-gallery-2 is-layout-flex wp-block-gallery-is-layout-flex\"><ul class=\"blocks-gallery-grid\"><li class=\"blocks-gallery-item\"><figure><a href=\"https:\/\/mobilaner.de\/blog\/wp-content\/uploads\/2021\/01\/IMG_20200307_150945-1024x768.jpg\"><img loading=\"lazy\" decoding=\"async\" width=\"1024\" height=\"768\" src=\"https:\/\/mobilaner.de\/blog\/wp-content\/uploads\/2021\/01\/IMG_20200307_150945-1024x768.jpg\" alt=\"\" data-id=\"384\" data-link=\"https:\/\/mobilaner.de\/blog\/2020\/03\/07\/vom-strand-nach-sidi-ifni\/cof-36\/\" class=\"wp-image-384\" srcset=\"https:\/\/mobilaner.de\/blog\/wp-content\/uploads\/2021\/01\/IMG_20200307_150945-scaled.jpg 1024w, https:\/\/mobilaner.de\/blog\/wp-content\/uploads\/2021\/01\/IMG_20200307_150945-300x225.jpg 300w, https:\/\/mobilaner.de\/blog\/wp-content\/uploads\/2021\/01\/IMG_20200307_150945-768x576.jpg 768w, https:\/\/mobilaner.de\/blog\/wp-content\/uploads\/2021\/01\/IMG_20200307_150945-1536x1152.jpg 1536w, https:\/\/mobilaner.de\/blog\/wp-content\/uploads\/2021\/01\/IMG_20200307_150945-2048x1536.jpg 2048w, https:\/\/mobilaner.de\/blog\/wp-content\/uploads\/2021\/01\/IMG_20200307_150945-80x60.jpg 80w\" sizes=\"auto, (max-width: 1024px) 100vw, 1024px\" \/><\/a><figcaption class=\"blocks-gallery-item__caption\"><br><\/figcaption><\/figure><\/li><li class=\"blocks-gallery-item\"><figure><a href=\"https:\/\/mobilaner.de\/blog\/wp-content\/uploads\/2021\/01\/IMG_20200307_173352-1024x768.jpg\"><img loading=\"lazy\" decoding=\"async\" width=\"1024\" height=\"768\" src=\"https:\/\/mobilaner.de\/blog\/wp-content\/uploads\/2021\/01\/IMG_20200307_173352-1024x768.jpg\" alt=\"\" data-id=\"385\" data-link=\"https:\/\/mobilaner.de\/blog\/2020\/03\/07\/vom-strand-nach-sidi-ifni\/cof-37\/\" class=\"wp-image-385\" srcset=\"https:\/\/mobilaner.de\/blog\/wp-content\/uploads\/2021\/01\/IMG_20200307_173352-scaled.jpg 1024w, https:\/\/mobilaner.de\/blog\/wp-content\/uploads\/2021\/01\/IMG_20200307_173352-300x225.jpg 300w, https:\/\/mobilaner.de\/blog\/wp-content\/uploads\/2021\/01\/IMG_20200307_173352-768x576.jpg 768w, https:\/\/mobilaner.de\/blog\/wp-content\/uploads\/2021\/01\/IMG_20200307_173352-1536x1152.jpg 1536w, https:\/\/mobilaner.de\/blog\/wp-content\/uploads\/2021\/01\/IMG_20200307_173352-2048x1536.jpg 2048w, https:\/\/mobilaner.de\/blog\/wp-content\/uploads\/2021\/01\/IMG_20200307_173352-80x60.jpg 80w\" sizes=\"auto, (max-width: 1024px) 100vw, 1024px\" \/><\/a><figcaption class=\"blocks-gallery-item__caption\"><br><\/figcaption><\/figure><\/li><li class=\"blocks-gallery-item\"><figure><a href=\"https:\/\/mobilaner.de\/blog\/wp-content\/uploads\/2021\/01\/IMG_20200307_173839-1024x768.jpg\"><img loading=\"lazy\" decoding=\"async\" width=\"1024\" height=\"768\" src=\"https:\/\/mobilaner.de\/blog\/wp-content\/uploads\/2021\/01\/IMG_20200307_173839-1024x768.jpg\" alt=\"\" data-id=\"386\" data-link=\"https:\/\/mobilaner.de\/blog\/2020\/03\/07\/vom-strand-nach-sidi-ifni\/cof-38\/\" class=\"wp-image-386\" srcset=\"https:\/\/mobilaner.de\/blog\/wp-content\/uploads\/2021\/01\/IMG_20200307_173839-scaled.jpg 1024w, https:\/\/mobilaner.de\/blog\/wp-content\/uploads\/2021\/01\/IMG_20200307_173839-300x225.jpg 300w, https:\/\/mobilaner.de\/blog\/wp-content\/uploads\/2021\/01\/IMG_20200307_173839-768x576.jpg 768w, https:\/\/mobilaner.de\/blog\/wp-content\/uploads\/2021\/01\/IMG_20200307_173839-1536x1152.jpg 1536w, https:\/\/mobilaner.de\/blog\/wp-content\/uploads\/2021\/01\/IMG_20200307_173839-2048x1536.jpg 2048w, https:\/\/mobilaner.de\/blog\/wp-content\/uploads\/2021\/01\/IMG_20200307_173839-80x60.jpg 80w\" sizes=\"auto, (max-width: 1024px) 100vw, 1024px\" \/><\/a><figcaption class=\"blocks-gallery-item__caption\"><br><\/figcaption><\/figure><\/li><li class=\"blocks-gallery-item\"><figure><a href=\"https:\/\/mobilaner.de\/blog\/wp-content\/uploads\/2021\/01\/IMG_20200307_174853-1024x768.jpg\"><img loading=\"lazy\" decoding=\"async\" width=\"1024\" height=\"768\" src=\"https:\/\/mobilaner.de\/blog\/wp-content\/uploads\/2021\/01\/IMG_20200307_174853-1024x768.jpg\" alt=\"\" data-id=\"387\" data-link=\"https:\/\/mobilaner.de\/blog\/2020\/03\/07\/vom-strand-nach-sidi-ifni\/cof-39\/\" class=\"wp-image-387\" srcset=\"https:\/\/mobilaner.de\/blog\/wp-content\/uploads\/2021\/01\/IMG_20200307_174853-scaled.jpg 1024w, https:\/\/mobilaner.de\/blog\/wp-content\/uploads\/2021\/01\/IMG_20200307_174853-300x225.jpg 300w, https:\/\/mobilaner.de\/blog\/wp-content\/uploads\/2021\/01\/IMG_20200307_174853-768x576.jpg 768w, https:\/\/mobilaner.de\/blog\/wp-content\/uploads\/2021\/01\/IMG_20200307_174853-1536x1152.jpg 1536w, https:\/\/mobilaner.de\/blog\/wp-content\/uploads\/2021\/01\/IMG_20200307_174853-2048x1536.jpg 2048w, https:\/\/mobilaner.de\/blog\/wp-content\/uploads\/2021\/01\/IMG_20200307_174853-80x60.jpg 80w\" sizes=\"auto, (max-width: 1024px) 100vw, 1024px\" \/><\/a><figcaption class=\"blocks-gallery-item__caption\"><br><\/figcaption><\/figure><\/li><li class=\"blocks-gallery-item\"><figure><a href=\"https:\/\/mobilaner.de\/blog\/wp-content\/uploads\/2021\/01\/IMG_20200307_180410-1024x768.jpg\"><img loading=\"lazy\" decoding=\"async\" width=\"1024\" height=\"768\" src=\"https:\/\/mobilaner.de\/blog\/wp-content\/uploads\/2021\/01\/IMG_20200307_180410-1024x768.jpg\" alt=\"\" data-id=\"388\" data-link=\"https:\/\/mobilaner.de\/blog\/2020\/03\/07\/vom-strand-nach-sidi-ifni\/cof-40\/\" class=\"wp-image-388\" srcset=\"https:\/\/mobilaner.de\/blog\/wp-content\/uploads\/2021\/01\/IMG_20200307_180410-scaled.jpg 1024w, https:\/\/mobilaner.de\/blog\/wp-content\/uploads\/2021\/01\/IMG_20200307_180410-300x225.jpg 300w, https:\/\/mobilaner.de\/blog\/wp-content\/uploads\/2021\/01\/IMG_20200307_180410-768x576.jpg 768w, https:\/\/mobilaner.de\/blog\/wp-content\/uploads\/2021\/01\/IMG_20200307_180410-1536x1152.jpg 1536w, https:\/\/mobilaner.de\/blog\/wp-content\/uploads\/2021\/01\/IMG_20200307_180410-2048x1536.jpg 2048w, https:\/\/mobilaner.de\/blog\/wp-content\/uploads\/2021\/01\/IMG_20200307_180410-80x60.jpg 80w\" sizes=\"auto, (max-width: 1024px) 100vw, 1024px\" \/><\/a><figcaption class=\"blocks-gallery-item__caption\"><br><\/figcaption><\/figure><\/li><li class=\"blocks-gallery-item\"><figure><a href=\"https:\/\/mobilaner.de\/blog\/wp-content\/uploads\/2021\/01\/IMG_20200307_181435-1024x768.jpg\"><img loading=\"lazy\" decoding=\"async\" width=\"1024\" height=\"768\" src=\"https:\/\/mobilaner.de\/blog\/wp-content\/uploads\/2021\/01\/IMG_20200307_181435-1024x768.jpg\" alt=\"\" data-id=\"389\" data-link=\"https:\/\/mobilaner.de\/blog\/2020\/03\/07\/vom-strand-nach-sidi-ifni\/sdr-2\/\" class=\"wp-image-389\" srcset=\"https:\/\/mobilaner.de\/blog\/wp-content\/uploads\/2021\/01\/IMG_20200307_181435-scaled.jpg 1024w, https:\/\/mobilaner.de\/blog\/wp-content\/uploads\/2021\/01\/IMG_20200307_181435-300x225.jpg 300w, https:\/\/mobilaner.de\/blog\/wp-content\/uploads\/2021\/01\/IMG_20200307_181435-768x576.jpg 768w, https:\/\/mobilaner.de\/blog\/wp-content\/uploads\/2021\/01\/IMG_20200307_181435-1536x1152.jpg 1536w, https:\/\/mobilaner.de\/blog\/wp-content\/uploads\/2021\/01\/IMG_20200307_181435-2048x1536.jpg 2048w, https:\/\/mobilaner.de\/blog\/wp-content\/uploads\/2021\/01\/IMG_20200307_181435-80x60.jpg 80w\" sizes=\"auto, (max-width: 1024px) 100vw, 1024px\" \/><\/a><figcaption class=\"blocks-gallery-item__caption\"><br><\/figcaption><\/figure><\/li><li class=\"blocks-gallery-item\"><figure><a href=\"https:\/\/mobilaner.de\/blog\/wp-content\/uploads\/2021\/01\/IMG_20200307_181610-1024x768.jpg\"><img loading=\"lazy\" decoding=\"async\" width=\"1024\" height=\"768\" src=\"https:\/\/mobilaner.de\/blog\/wp-content\/uploads\/2021\/01\/IMG_20200307_181610-1024x768.jpg\" alt=\"\" data-id=\"390\" data-link=\"https:\/\/mobilaner.de\/blog\/2020\/03\/07\/vom-strand-nach-sidi-ifni\/cof-41\/\" class=\"wp-image-390\" srcset=\"https:\/\/mobilaner.de\/blog\/wp-content\/uploads\/2021\/01\/IMG_20200307_181610-scaled.jpg 1024w, https:\/\/mobilaner.de\/blog\/wp-content\/uploads\/2021\/01\/IMG_20200307_181610-300x225.jpg 300w, https:\/\/mobilaner.de\/blog\/wp-content\/uploads\/2021\/01\/IMG_20200307_181610-768x576.jpg 768w, https:\/\/mobilaner.de\/blog\/wp-content\/uploads\/2021\/01\/IMG_20200307_181610-1536x1152.jpg 1536w, https:\/\/mobilaner.de\/blog\/wp-content\/uploads\/2021\/01\/IMG_20200307_181610-2048x1536.jpg 2048w, https:\/\/mobilaner.de\/blog\/wp-content\/uploads\/2021\/01\/IMG_20200307_181610-80x60.jpg 80w\" sizes=\"auto, (max-width: 1024px) 100vw, 1024px\" \/><\/a><figcaption class=\"blocks-gallery-item__caption\"><br><\/figcaption><\/figure><\/li><li class=\"blocks-gallery-item\"><figure><a href=\"https:\/\/mobilaner.de\/blog\/wp-content\/uploads\/2021\/01\/IMG_20200307_181638-2-1024x653.jpg\"><img loading=\"lazy\" decoding=\"async\" width=\"1024\" height=\"653\" src=\"https:\/\/mobilaner.de\/blog\/wp-content\/uploads\/2021\/01\/IMG_20200307_181638-2-1024x653.jpg\" alt=\"\" data-id=\"391\" data-link=\"https:\/\/mobilaner.de\/blog\/2020\/03\/07\/vom-strand-nach-sidi-ifni\/cof-42\/\" class=\"wp-image-391\" srcset=\"https:\/\/mobilaner.de\/blog\/wp-content\/uploads\/2021\/01\/IMG_20200307_181638-2-scaled.jpg 1024w, https:\/\/mobilaner.de\/blog\/wp-content\/uploads\/2021\/01\/IMG_20200307_181638-2-300x191.jpg 300w, https:\/\/mobilaner.de\/blog\/wp-content\/uploads\/2021\/01\/IMG_20200307_181638-2-768x490.jpg 768w, https:\/\/mobilaner.de\/blog\/wp-content\/uploads\/2021\/01\/IMG_20200307_181638-2-1536x980.jpg 1536w, https:\/\/mobilaner.de\/blog\/wp-content\/uploads\/2021\/01\/IMG_20200307_181638-2-2048x1307.jpg 2048w, https:\/\/mobilaner.de\/blog\/wp-content\/uploads\/2021\/01\/IMG_20200307_181638-2-94x60.jpg 94w\" sizes=\"auto, (max-width: 1024px) 100vw, 1024px\" \/><\/a><figcaption class=\"blocks-gallery-item__caption\"><br><\/figcaption><\/figure><\/li><li class=\"blocks-gallery-item\"><figure><a href=\"https:\/\/mobilaner.de\/blog\/wp-content\/uploads\/2021\/01\/IMG_20200307_182039-1024x768.jpg\"><img loading=\"lazy\" decoding=\"async\" width=\"1024\" height=\"768\" src=\"https:\/\/mobilaner.de\/blog\/wp-content\/uploads\/2021\/01\/IMG_20200307_182039-1024x768.jpg\" alt=\"\" data-id=\"392\" data-link=\"https:\/\/mobilaner.de\/blog\/2020\/03\/07\/vom-strand-nach-sidi-ifni\/sdr-3\/\" class=\"wp-image-392\" srcset=\"https:\/\/mobilaner.de\/blog\/wp-content\/uploads\/2021\/01\/IMG_20200307_182039-scaled.jpg 1024w, https:\/\/mobilaner.de\/blog\/wp-content\/uploads\/2021\/01\/IMG_20200307_182039-300x225.jpg 300w, https:\/\/mobilaner.de\/blog\/wp-content\/uploads\/2021\/01\/IMG_20200307_182039-768x576.jpg 768w, https:\/\/mobilaner.de\/blog\/wp-content\/uploads\/2021\/01\/IMG_20200307_182039-1536x1152.jpg 1536w, https:\/\/mobilaner.de\/blog\/wp-content\/uploads\/2021\/01\/IMG_20200307_182039-2048x1536.jpg 2048w, https:\/\/mobilaner.de\/blog\/wp-content\/uploads\/2021\/01\/IMG_20200307_182039-80x60.jpg 80w\" sizes=\"auto, (max-width: 1024px) 100vw, 1024px\" \/><\/a><figcaption class=\"blocks-gallery-item__caption\"><br><\/figcaption><\/figure><\/li><li class=\"blocks-gallery-item\"><figure><a href=\"https:\/\/mobilaner.de\/blog\/wp-content\/uploads\/2021\/01\/IMG_20200307_180638-2-1024x696.jpg\"><img loading=\"lazy\" decoding=\"async\" width=\"1024\" height=\"696\" src=\"https:\/\/mobilaner.de\/blog\/wp-content\/uploads\/2021\/01\/IMG_20200307_180638-2-1024x696.jpg\" alt=\"\" data-id=\"393\" data-link=\"https:\/\/mobilaner.de\/blog\/2020\/03\/07\/vom-strand-nach-sidi-ifni\/cof-43\/\" class=\"wp-image-393\" srcset=\"https:\/\/mobilaner.de\/blog\/wp-content\/uploads\/2021\/01\/IMG_20200307_180638-2-scaled.jpg 1024w, https:\/\/mobilaner.de\/blog\/wp-content\/uploads\/2021\/01\/IMG_20200307_180638-2-300x204.jpg 300w, https:\/\/mobilaner.de\/blog\/wp-content\/uploads\/2021\/01\/IMG_20200307_180638-2-768x522.jpg 768w, https:\/\/mobilaner.de\/blog\/wp-content\/uploads\/2021\/01\/IMG_20200307_180638-2-1536x1044.jpg 1536w, https:\/\/mobilaner.de\/blog\/wp-content\/uploads\/2021\/01\/IMG_20200307_180638-2-2048x1391.jpg 2048w, https:\/\/mobilaner.de\/blog\/wp-content\/uploads\/2021\/01\/IMG_20200307_180638-2-88x60.jpg 88w\" sizes=\"auto, (max-width: 1024px) 100vw, 1024px\" \/><\/a><figcaption class=\"blocks-gallery-item__caption\"><br><\/figcaption><\/figure><\/li><li class=\"blocks-gallery-item\"><figure><a href=\"https:\/\/mobilaner.de\/blog\/wp-content\/uploads\/2021\/01\/IMG_20200307_173530-1024x768.jpg\"><img loading=\"lazy\" decoding=\"async\" width=\"1024\" height=\"768\" src=\"https:\/\/mobilaner.de\/blog\/wp-content\/uploads\/2021\/01\/IMG_20200307_173530-1024x768.jpg\" alt=\"\" data-id=\"394\" data-link=\"https:\/\/mobilaner.de\/blog\/2020\/03\/07\/vom-strand-nach-sidi-ifni\/cof-44\/\" class=\"wp-image-394\" srcset=\"https:\/\/mobilaner.de\/blog\/wp-content\/uploads\/2021\/01\/IMG_20200307_173530-scaled.jpg 1024w, https:\/\/mobilaner.de\/blog\/wp-content\/uploads\/2021\/01\/IMG_20200307_173530-300x225.jpg 300w, https:\/\/mobilaner.de\/blog\/wp-content\/uploads\/2021\/01\/IMG_20200307_173530-768x576.jpg 768w, https:\/\/mobilaner.de\/blog\/wp-content\/uploads\/2021\/01\/IMG_20200307_173530-1536x1152.jpg 1536w, https:\/\/mobilaner.de\/blog\/wp-content\/uploads\/2021\/01\/IMG_20200307_173530-2048x1536.jpg 2048w, https:\/\/mobilaner.de\/blog\/wp-content\/uploads\/2021\/01\/IMG_20200307_173530-80x60.jpg 80w\" sizes=\"auto, (max-width: 1024px) 100vw, 1024px\" \/><\/a><figcaption class=\"blocks-gallery-item__caption\"><br><\/figcaption><\/figure><\/li><li class=\"blocks-gallery-item\"><figure><a href=\"https:\/\/mobilaner.de\/blog\/wp-content\/uploads\/2021\/01\/IMG_20200308_115157-scaled.jpg\"><img loading=\"lazy\" decoding=\"async\" width=\"1024\" height=\"768\" src=\"https:\/\/mobilaner.de\/blog\/wp-content\/uploads\/2021\/01\/IMG_20200308_115157-1024x768.jpg\" alt=\"\" data-id=\"395\" data-full-url=\"https:\/\/mobilaner.de\/blog\/wp-content\/uploads\/2021\/01\/IMG_20200308_115157-scaled.jpg\" data-link=\"https:\/\/mobilaner.de\/blog\/2020\/03\/07\/vom-strand-nach-sidi-ifni\/cof-45\/\" class=\"wp-image-395\" srcset=\"https:\/\/mobilaner.de\/blog\/wp-content\/uploads\/2021\/01\/IMG_20200308_115157-scaled.jpg 1024w, https:\/\/mobilaner.de\/blog\/wp-content\/uploads\/2021\/01\/IMG_20200308_115157-300x225.jpg 300w, https:\/\/mobilaner.de\/blog\/wp-content\/uploads\/2021\/01\/IMG_20200308_115157-768x576.jpg 768w, https:\/\/mobilaner.de\/blog\/wp-content\/uploads\/2021\/01\/IMG_20200308_115157-1536x1152.jpg 1536w, https:\/\/mobilaner.de\/blog\/wp-content\/uploads\/2021\/01\/IMG_20200308_115157-2048x1536.jpg 2048w, https:\/\/mobilaner.de\/blog\/wp-content\/uploads\/2021\/01\/IMG_20200308_115157-80x60.jpg 80w\" sizes=\"auto, (max-width: 1024px) 100vw, 1024px\" \/><\/a><figcaption class=\"blocks-gallery-item__caption\"><br><\/figcaption><\/figure><\/li><\/ul><\/figure>\n","protected":false},"excerpt":{"rendered":"<p>Der weitere Weg zur K\u00fcste war im Grunde nicht weiter spektakul\u00e4r, oben standen ein paar Fahrzeuge, aber, viel interessanter, auch unten auf dem Strand war einiges los. Also gleich mal runter gefahren und geguckt. Neben diversen marokkanischen PKW stand da auch ein deutscher Magirus Hauber und ein Mercedes Bremer mit Allrad auf dem Strand. Und &hellip; <\/p>\n","protected":false},"author":3,"featured_media":367,"comment_status":"open","ping_status":"open","sticky":false,"template":"","format":"standard","meta":{"_stopmodifiedupdate":false,"_modified_date":"","footnotes":""},"categories":[18,20],"tags":[],"class_list":["post-292","post","type-post","status-publish","format-standard","has-post-thumbnail","hentry","category-touren","category-tour-2019-2020"],"_links":{"self":[{"href":"https:\/\/mobilaner.de\/blog\/wp-json\/wp\/v2\/posts\/292","targetHints":{"allow":["GET"]}}],"collection":[{"href":"https:\/\/mobilaner.de\/blog\/wp-json\/wp\/v2\/posts"}],"about":[{"href":"https:\/\/mobilaner.de\/blog\/wp-json\/wp\/v2\/types\/post"}],"author":[{"embeddable":true,"href":"https:\/\/mobilaner.de\/blog\/wp-json\/wp\/v2\/users\/3"}],"replies":[{"embeddable":true,"href":"https:\/\/mobilaner.de\/blog\/wp-json\/wp\/v2\/comments?post=292"}],"version-history":[{"count":7,"href":"https:\/\/mobilaner.de\/blog\/wp-json\/wp\/v2\/posts\/292\/revisions"}],"predecessor-version":[{"id":745,"href":"https:\/\/mobilaner.de\/blog\/wp-json\/wp\/v2\/posts\/292\/revisions\/745"}],"wp:featuredmedia":[{"embeddable":true,"href":"https:\/\/mobilaner.de\/blog\/wp-json\/wp\/v2\/media\/367"}],"wp:attachment":[{"href":"https:\/\/mobilaner.de\/blog\/wp-json\/wp\/v2\/media?parent=292"}],"wp:term":[{"taxonomy":"category","embeddable":true,"href":"https:\/\/mobilaner.de\/blog\/wp-json\/wp\/v2\/categories?post=292"},{"taxonomy":"post_tag","embeddable":true,"href":"https:\/\/mobilaner.de\/blog\/wp-json\/wp\/v2\/tags?post=292"}],"curies":[{"name":"wp","href":"https:\/\/api.w.org\/{rel}","templated":true}]}}