{"id":522,"date":"2020-01-13T22:40:00","date_gmt":"2020-01-13T21:40:00","guid":{"rendered":"http:\/\/mobilaner.de\/blog\/?p=522"},"modified":"2021-01-11T13:12:06","modified_gmt":"2021-01-11T12:12:06","slug":"azrou-zagora","status":"publish","type":"post","link":"https:\/\/mobilaner.de\/blog\/2020\/01\/13\/azrou-zagora\/","title":{"rendered":"Azrou &#8211; Zagora"},"content":{"rendered":"\n<figure class=\"wp-block-image size-large\"><img loading=\"lazy\" decoding=\"async\" width=\"1024\" height=\"768\" src=\"https:\/\/mobilaner.de\/blog\/wp-content\/uploads\/2021\/01\/IMG_8433-1024x768.jpg\" alt=\"\" class=\"wp-image-523\" srcset=\"https:\/\/mobilaner.de\/blog\/wp-content\/uploads\/2021\/01\/IMG_8433-scaled.jpg 1024w, https:\/\/mobilaner.de\/blog\/wp-content\/uploads\/2021\/01\/IMG_8433-300x225.jpg 300w, https:\/\/mobilaner.de\/blog\/wp-content\/uploads\/2021\/01\/IMG_8433-768x576.jpg 768w, https:\/\/mobilaner.de\/blog\/wp-content\/uploads\/2021\/01\/IMG_8433-1536x1152.jpg 1536w, https:\/\/mobilaner.de\/blog\/wp-content\/uploads\/2021\/01\/IMG_8433-2048x1536.jpg 2048w, https:\/\/mobilaner.de\/blog\/wp-content\/uploads\/2021\/01\/IMG_8433-80x60.jpg 80w\" sizes=\"auto, (max-width: 1024px) 100vw, 1024px\" \/><figcaption>Wenn man genau hinguckt, sieht man eine ganze Menge St\u00f6rche.<\/figcaption><\/figure>\n\n\n\n<p>Von Azrou ging es \u00fcber Kh\u00e9nifra und dann sollte es eigentlich an El Kebab vorbeigehen, wir haben aber den kleinen Umweg gemacht um in der Stadt noch zu tanken. An der Tanke sind wir zwar etwas betrogen worden (Anf\u00e4ngerfehler: Immer vorher gucken, ob die Zapfs\u00e4ule auch auf Null steht!), mangels gemeinsamer Sprache konnten wir unseren Standpunkt da allerdings nicht wirklich gut vertreten. Egal. Auf jeden Fall lohnte der Umweg trotzdem, da sich die kleine Stra\u00dfe dahin recht imposant \u00fcber den Berg windet und eine fabelhafte Aussicht bietet.<\/p>\n\n\n\n<figure class=\"wp-block-gallery columns-3 is-cropped wp-block-gallery-1 is-layout-flex wp-block-gallery-is-layout-flex\"><ul class=\"blocks-gallery-grid\"><li class=\"blocks-gallery-item\"><figure><a href=\"https:\/\/mobilaner.de\/blog\/wp-content\/uploads\/2021\/01\/IMG_8435-1-1024x768.jpg\"><img loading=\"lazy\" decoding=\"async\" width=\"1024\" height=\"768\" src=\"https:\/\/mobilaner.de\/blog\/wp-content\/uploads\/2021\/01\/IMG_8435-1-1024x768.jpg\" alt=\"\" data-id=\"528\" data-link=\"https:\/\/mobilaner.de\/blog\/?attachment_id=528\" class=\"wp-image-528\" srcset=\"https:\/\/mobilaner.de\/blog\/wp-content\/uploads\/2021\/01\/IMG_8435-1-scaled.jpg 1024w, https:\/\/mobilaner.de\/blog\/wp-content\/uploads\/2021\/01\/IMG_8435-1-300x225.jpg 300w, https:\/\/mobilaner.de\/blog\/wp-content\/uploads\/2021\/01\/IMG_8435-1-768x576.jpg 768w, https:\/\/mobilaner.de\/blog\/wp-content\/uploads\/2021\/01\/IMG_8435-1-1536x1152.jpg 1536w, https:\/\/mobilaner.de\/blog\/wp-content\/uploads\/2021\/01\/IMG_8435-1-2048x1536.jpg 2048w, https:\/\/mobilaner.de\/blog\/wp-content\/uploads\/2021\/01\/IMG_8435-1-80x60.jpg 80w\" sizes=\"auto, (max-width: 1024px) 100vw, 1024px\" \/><\/a><\/figure><\/li><li class=\"blocks-gallery-item\"><figure><a href=\"https:\/\/mobilaner.de\/blog\/wp-content\/uploads\/2021\/01\/IMG_8440-1-1024x768.jpg\"><img loading=\"lazy\" decoding=\"async\" width=\"1024\" height=\"768\" src=\"https:\/\/mobilaner.de\/blog\/wp-content\/uploads\/2021\/01\/IMG_8440-1-1024x768.jpg\" alt=\"\" data-id=\"530\" data-link=\"https:\/\/mobilaner.de\/blog\/?attachment_id=530\" class=\"wp-image-530\" srcset=\"https:\/\/mobilaner.de\/blog\/wp-content\/uploads\/2021\/01\/IMG_8440-1-scaled.jpg 1024w, https:\/\/mobilaner.de\/blog\/wp-content\/uploads\/2021\/01\/IMG_8440-1-300x225.jpg 300w, https:\/\/mobilaner.de\/blog\/wp-content\/uploads\/2021\/01\/IMG_8440-1-768x576.jpg 768w, https:\/\/mobilaner.de\/blog\/wp-content\/uploads\/2021\/01\/IMG_8440-1-1536x1152.jpg 1536w, https:\/\/mobilaner.de\/blog\/wp-content\/uploads\/2021\/01\/IMG_8440-1-2048x1536.jpg 2048w, https:\/\/mobilaner.de\/blog\/wp-content\/uploads\/2021\/01\/IMG_8440-1-80x60.jpg 80w\" sizes=\"auto, (max-width: 1024px) 100vw, 1024px\" \/><\/a><\/figure><\/li><li class=\"blocks-gallery-item\"><figure><a href=\"https:\/\/mobilaner.de\/blog\/wp-content\/uploads\/2021\/01\/IMG_8445-2-1024x768.jpg\"><img loading=\"lazy\" decoding=\"async\" width=\"1024\" height=\"768\" src=\"https:\/\/mobilaner.de\/blog\/wp-content\/uploads\/2021\/01\/IMG_8445-2-1024x768.jpg\" alt=\"\" data-id=\"534\" data-link=\"https:\/\/mobilaner.de\/blog\/?attachment_id=534\" class=\"wp-image-534\" srcset=\"https:\/\/mobilaner.de\/blog\/wp-content\/uploads\/2021\/01\/IMG_8445-2-scaled.jpg 1024w, https:\/\/mobilaner.de\/blog\/wp-content\/uploads\/2021\/01\/IMG_8445-2-300x225.jpg 300w, https:\/\/mobilaner.de\/blog\/wp-content\/uploads\/2021\/01\/IMG_8445-2-768x576.jpg 768w, https:\/\/mobilaner.de\/blog\/wp-content\/uploads\/2021\/01\/IMG_8445-2-1536x1152.jpg 1536w, https:\/\/mobilaner.de\/blog\/wp-content\/uploads\/2021\/01\/IMG_8445-2-2048x1536.jpg 2048w, https:\/\/mobilaner.de\/blog\/wp-content\/uploads\/2021\/01\/IMG_8445-2-80x60.jpg 80w\" sizes=\"auto, (max-width: 1024px) 100vw, 1024px\" \/><\/a><\/figure><\/li><li class=\"blocks-gallery-item\"><figure><a href=\"https:\/\/mobilaner.de\/blog\/wp-content\/uploads\/2021\/01\/IMG_8448-1-1024x768.jpg\"><img loading=\"lazy\" decoding=\"async\" width=\"1024\" height=\"768\" src=\"https:\/\/mobilaner.de\/blog\/wp-content\/uploads\/2021\/01\/IMG_8448-1-1024x768.jpg\" alt=\"\" data-id=\"535\" data-link=\"https:\/\/mobilaner.de\/blog\/?attachment_id=535\" class=\"wp-image-535\" srcset=\"https:\/\/mobilaner.de\/blog\/wp-content\/uploads\/2021\/01\/IMG_8448-1-scaled.jpg 1024w, https:\/\/mobilaner.de\/blog\/wp-content\/uploads\/2021\/01\/IMG_8448-1-300x225.jpg 300w, https:\/\/mobilaner.de\/blog\/wp-content\/uploads\/2021\/01\/IMG_8448-1-768x576.jpg 768w, https:\/\/mobilaner.de\/blog\/wp-content\/uploads\/2021\/01\/IMG_8448-1-1536x1152.jpg 1536w, https:\/\/mobilaner.de\/blog\/wp-content\/uploads\/2021\/01\/IMG_8448-1-2048x1536.jpg 2048w, https:\/\/mobilaner.de\/blog\/wp-content\/uploads\/2021\/01\/IMG_8448-1-80x60.jpg 80w\" sizes=\"auto, (max-width: 1024px) 100vw, 1024px\" \/><\/a><\/figure><\/li><li class=\"blocks-gallery-item\"><figure><a href=\"https:\/\/mobilaner.de\/blog\/wp-content\/uploads\/2021\/01\/IMG_8453-1024x768.jpg\"><img loading=\"lazy\" decoding=\"async\" width=\"1024\" height=\"768\" src=\"https:\/\/mobilaner.de\/blog\/wp-content\/uploads\/2021\/01\/IMG_8453-1024x768.jpg\" alt=\"\" data-id=\"533\" data-link=\"https:\/\/mobilaner.de\/blog\/?attachment_id=533\" class=\"wp-image-533\" srcset=\"https:\/\/mobilaner.de\/blog\/wp-content\/uploads\/2021\/01\/IMG_8453-scaled.jpg 1024w, https:\/\/mobilaner.de\/blog\/wp-content\/uploads\/2021\/01\/IMG_8453-300x225.jpg 300w, https:\/\/mobilaner.de\/blog\/wp-content\/uploads\/2021\/01\/IMG_8453-768x576.jpg 768w, https:\/\/mobilaner.de\/blog\/wp-content\/uploads\/2021\/01\/IMG_8453-1536x1152.jpg 1536w, https:\/\/mobilaner.de\/blog\/wp-content\/uploads\/2021\/01\/IMG_8453-2048x1536.jpg 2048w, https:\/\/mobilaner.de\/blog\/wp-content\/uploads\/2021\/01\/IMG_8453-80x60.jpg 80w\" sizes=\"auto, (max-width: 1024px) 100vw, 1024px\" \/><\/a><\/figure><\/li><li class=\"blocks-gallery-item\"><figure><a href=\"https:\/\/mobilaner.de\/blog\/wp-content\/uploads\/2021\/01\/IMG_8456-1-1024x768.jpg\"><img loading=\"lazy\" decoding=\"async\" width=\"1024\" height=\"768\" src=\"https:\/\/mobilaner.de\/blog\/wp-content\/uploads\/2021\/01\/IMG_8456-1-1024x768.jpg\" alt=\"\" data-id=\"536\" data-link=\"https:\/\/mobilaner.de\/blog\/?attachment_id=536\" class=\"wp-image-536\" srcset=\"https:\/\/mobilaner.de\/blog\/wp-content\/uploads\/2021\/01\/IMG_8456-1-scaled.jpg 1024w, https:\/\/mobilaner.de\/blog\/wp-content\/uploads\/2021\/01\/IMG_8456-1-300x225.jpg 300w, https:\/\/mobilaner.de\/blog\/wp-content\/uploads\/2021\/01\/IMG_8456-1-768x576.jpg 768w, https:\/\/mobilaner.de\/blog\/wp-content\/uploads\/2021\/01\/IMG_8456-1-1536x1152.jpg 1536w, https:\/\/mobilaner.de\/blog\/wp-content\/uploads\/2021\/01\/IMG_8456-1-2048x1536.jpg 2048w, https:\/\/mobilaner.de\/blog\/wp-content\/uploads\/2021\/01\/IMG_8456-1-80x60.jpg 80w\" sizes=\"auto, (max-width: 1024px) 100vw, 1024px\" \/><\/a><\/figure><\/li><li class=\"blocks-gallery-item\"><figure><a href=\"https:\/\/mobilaner.de\/blog\/wp-content\/uploads\/2021\/01\/IMG_8459-1024x768.jpg\"><img loading=\"lazy\" decoding=\"async\" width=\"1024\" height=\"768\" src=\"https:\/\/mobilaner.de\/blog\/wp-content\/uploads\/2021\/01\/IMG_8459-1024x768.jpg\" alt=\"\" data-id=\"537\" data-link=\"https:\/\/mobilaner.de\/blog\/?attachment_id=537\" class=\"wp-image-537\" srcset=\"https:\/\/mobilaner.de\/blog\/wp-content\/uploads\/2021\/01\/IMG_8459-scaled.jpg 1024w, https:\/\/mobilaner.de\/blog\/wp-content\/uploads\/2021\/01\/IMG_8459-300x225.jpg 300w, https:\/\/mobilaner.de\/blog\/wp-content\/uploads\/2021\/01\/IMG_8459-768x576.jpg 768w, https:\/\/mobilaner.de\/blog\/wp-content\/uploads\/2021\/01\/IMG_8459-1536x1152.jpg 1536w, https:\/\/mobilaner.de\/blog\/wp-content\/uploads\/2021\/01\/IMG_8459-2048x1536.jpg 2048w, https:\/\/mobilaner.de\/blog\/wp-content\/uploads\/2021\/01\/IMG_8459-80x60.jpg 80w\" sizes=\"auto, (max-width: 1024px) 100vw, 1024px\" \/><\/a><\/figure><\/li><li class=\"blocks-gallery-item\"><figure><a href=\"https:\/\/mobilaner.de\/blog\/wp-content\/uploads\/2021\/01\/IMG_8460-1024x768.jpg\"><img loading=\"lazy\" decoding=\"async\" width=\"1024\" height=\"768\" src=\"https:\/\/mobilaner.de\/blog\/wp-content\/uploads\/2021\/01\/IMG_8460-1024x768.jpg\" alt=\"\" data-id=\"538\" data-link=\"https:\/\/mobilaner.de\/blog\/?attachment_id=538\" class=\"wp-image-538\" srcset=\"https:\/\/mobilaner.de\/blog\/wp-content\/uploads\/2021\/01\/IMG_8460-scaled.jpg 1024w, https:\/\/mobilaner.de\/blog\/wp-content\/uploads\/2021\/01\/IMG_8460-300x225.jpg 300w, https:\/\/mobilaner.de\/blog\/wp-content\/uploads\/2021\/01\/IMG_8460-768x576.jpg 768w, https:\/\/mobilaner.de\/blog\/wp-content\/uploads\/2021\/01\/IMG_8460-1536x1152.jpg 1536w, https:\/\/mobilaner.de\/blog\/wp-content\/uploads\/2021\/01\/IMG_8460-2048x1536.jpg 2048w, https:\/\/mobilaner.de\/blog\/wp-content\/uploads\/2021\/01\/IMG_8460-80x60.jpg 80w\" sizes=\"auto, (max-width: 1024px) 100vw, 1024px\" \/><\/a><\/figure><\/li><li class=\"blocks-gallery-item\"><figure><a href=\"https:\/\/mobilaner.de\/blog\/wp-content\/uploads\/2021\/01\/IMG_8471-scaled.jpg\"><img loading=\"lazy\" decoding=\"async\" width=\"1024\" height=\"768\" src=\"https:\/\/mobilaner.de\/blog\/wp-content\/uploads\/2021\/01\/IMG_8471-1024x768.jpg\" alt=\"\" data-id=\"539\" data-full-url=\"https:\/\/mobilaner.de\/blog\/wp-content\/uploads\/2021\/01\/IMG_8471-scaled.jpg\" data-link=\"https:\/\/mobilaner.de\/blog\/?attachment_id=539\" class=\"wp-image-539\" srcset=\"https:\/\/mobilaner.de\/blog\/wp-content\/uploads\/2021\/01\/IMG_8471-scaled.jpg 1024w, https:\/\/mobilaner.de\/blog\/wp-content\/uploads\/2021\/01\/IMG_8471-300x225.jpg 300w, https:\/\/mobilaner.de\/blog\/wp-content\/uploads\/2021\/01\/IMG_8471-768x576.jpg 768w, https:\/\/mobilaner.de\/blog\/wp-content\/uploads\/2021\/01\/IMG_8471-1536x1152.jpg 1536w, https:\/\/mobilaner.de\/blog\/wp-content\/uploads\/2021\/01\/IMG_8471-2048x1536.jpg 2048w, https:\/\/mobilaner.de\/blog\/wp-content\/uploads\/2021\/01\/IMG_8471-80x60.jpg 80w\" sizes=\"auto, (max-width: 1024px) 100vw, 1024px\" \/><\/a><\/figure><\/li><\/ul><\/figure>\n\n\n\n<p>Weiter ging es dann s\u00fcdlich bis auf die R317, wo wir die Nacht knapp abseits der Stra\u00dfe verbracht haben. Nichts besonders H\u00fcbsches, aber f\u00fcr eine schnelle \u00dcbernachtung allemal gut. Der n\u00e4chste Tag f\u00fchrte uns \u00fcber Imilchil und Agoudal auf die R704, die sich als unasphaltierte Piste \u00fcber etliche Kilometer um die Berge zog. Mir berichtete vorher ein Hymerfahrer, dass f\u00fcr ihn die Strecke schon grenzwertig gewesen sei. F\u00fcr einen kurzen D\u00fcdo wie die Oma Duck war das aber noch recht einfach und wirklich wundersch\u00f6n zu fahren. Aber f\u00fcr Fahrzeuge, die deutlich l\u00e4nger oder tiefer gebaut sind, kann ich mir gut vorstellen, dass es schwierig wird. Ein normales Wohnmobil ist uns da auch entgegen gekommen. Es geht also auch.&nbsp;<\/p>\n\n\n\n<figure class=\"wp-block-image size-large\"><img loading=\"lazy\" decoding=\"async\" width=\"1024\" height=\"768\" src=\"https:\/\/mobilaner.de\/blog\/wp-content\/uploads\/2021\/01\/IMG_8483-1024x768.jpg\" alt=\"\" class=\"wp-image-540\" srcset=\"https:\/\/mobilaner.de\/blog\/wp-content\/uploads\/2021\/01\/IMG_8483-scaled.jpg 1024w, https:\/\/mobilaner.de\/blog\/wp-content\/uploads\/2021\/01\/IMG_8483-300x225.jpg 300w, https:\/\/mobilaner.de\/blog\/wp-content\/uploads\/2021\/01\/IMG_8483-768x576.jpg 768w, https:\/\/mobilaner.de\/blog\/wp-content\/uploads\/2021\/01\/IMG_8483-1536x1152.jpg 1536w, https:\/\/mobilaner.de\/blog\/wp-content\/uploads\/2021\/01\/IMG_8483-2048x1536.jpg 2048w, https:\/\/mobilaner.de\/blog\/wp-content\/uploads\/2021\/01\/IMG_8483-80x60.jpg 80w\" sizes=\"auto, (max-width: 1024px) 100vw, 1024px\" \/><figcaption>N\u00e4chster Kreisverkehr in 120km. Dann mal los!<\/figcaption><\/figure>\n\n\n\n<figure class=\"wp-block-gallery columns-3 is-cropped wp-block-gallery-2 is-layout-flex wp-block-gallery-is-layout-flex\"><ul class=\"blocks-gallery-grid\"><li class=\"blocks-gallery-item\"><figure><a href=\"https:\/\/mobilaner.de\/blog\/wp-content\/uploads\/2021\/01\/IMG_8464-1024x768.jpg\"><img loading=\"lazy\" decoding=\"async\" width=\"1024\" height=\"768\" src=\"https:\/\/mobilaner.de\/blog\/wp-content\/uploads\/2021\/01\/IMG_8464-1024x768.jpg\" alt=\"\" data-id=\"541\" data-link=\"https:\/\/mobilaner.de\/blog\/?attachment_id=541\" class=\"wp-image-541\" srcset=\"https:\/\/mobilaner.de\/blog\/wp-content\/uploads\/2021\/01\/IMG_8464-scaled.jpg 1024w, https:\/\/mobilaner.de\/blog\/wp-content\/uploads\/2021\/01\/IMG_8464-300x225.jpg 300w, https:\/\/mobilaner.de\/blog\/wp-content\/uploads\/2021\/01\/IMG_8464-768x576.jpg 768w, https:\/\/mobilaner.de\/blog\/wp-content\/uploads\/2021\/01\/IMG_8464-1536x1152.jpg 1536w, https:\/\/mobilaner.de\/blog\/wp-content\/uploads\/2021\/01\/IMG_8464-2048x1536.jpg 2048w, https:\/\/mobilaner.de\/blog\/wp-content\/uploads\/2021\/01\/IMG_8464-80x60.jpg 80w\" sizes=\"auto, (max-width: 1024px) 100vw, 1024px\" \/><\/a><\/figure><\/li><li class=\"blocks-gallery-item\"><figure><a href=\"https:\/\/mobilaner.de\/blog\/wp-content\/uploads\/2021\/01\/IMG_8469-1024x768.jpg\"><img loading=\"lazy\" decoding=\"async\" width=\"1024\" height=\"768\" src=\"https:\/\/mobilaner.de\/blog\/wp-content\/uploads\/2021\/01\/IMG_8469-1024x768.jpg\" alt=\"\" data-id=\"542\" data-link=\"https:\/\/mobilaner.de\/blog\/?attachment_id=542\" class=\"wp-image-542\" srcset=\"https:\/\/mobilaner.de\/blog\/wp-content\/uploads\/2021\/01\/IMG_8469-scaled.jpg 1024w, https:\/\/mobilaner.de\/blog\/wp-content\/uploads\/2021\/01\/IMG_8469-300x225.jpg 300w, https:\/\/mobilaner.de\/blog\/wp-content\/uploads\/2021\/01\/IMG_8469-768x576.jpg 768w, https:\/\/mobilaner.de\/blog\/wp-content\/uploads\/2021\/01\/IMG_8469-1536x1152.jpg 1536w, https:\/\/mobilaner.de\/blog\/wp-content\/uploads\/2021\/01\/IMG_8469-2048x1536.jpg 2048w, https:\/\/mobilaner.de\/blog\/wp-content\/uploads\/2021\/01\/IMG_8469-80x60.jpg 80w\" sizes=\"auto, (max-width: 1024px) 100vw, 1024px\" \/><\/a><\/figure><\/li><li class=\"blocks-gallery-item\"><figure><a href=\"https:\/\/mobilaner.de\/blog\/wp-content\/uploads\/2021\/01\/IMG_8467-1024x768.jpg\"><img loading=\"lazy\" decoding=\"async\" width=\"1024\" height=\"768\" src=\"https:\/\/mobilaner.de\/blog\/wp-content\/uploads\/2021\/01\/IMG_8467-1024x768.jpg\" alt=\"\" data-id=\"543\" data-link=\"https:\/\/mobilaner.de\/blog\/?attachment_id=543\" class=\"wp-image-543\" srcset=\"https:\/\/mobilaner.de\/blog\/wp-content\/uploads\/2021\/01\/IMG_8467-scaled.jpg 1024w, https:\/\/mobilaner.de\/blog\/wp-content\/uploads\/2021\/01\/IMG_8467-300x225.jpg 300w, https:\/\/mobilaner.de\/blog\/wp-content\/uploads\/2021\/01\/IMG_8467-768x576.jpg 768w, https:\/\/mobilaner.de\/blog\/wp-content\/uploads\/2021\/01\/IMG_8467-1536x1152.jpg 1536w, https:\/\/mobilaner.de\/blog\/wp-content\/uploads\/2021\/01\/IMG_8467-2048x1536.jpg 2048w, https:\/\/mobilaner.de\/blog\/wp-content\/uploads\/2021\/01\/IMG_8467-80x60.jpg 80w\" sizes=\"auto, (max-width: 1024px) 100vw, 1024px\" \/><\/a><\/figure><\/li><li class=\"blocks-gallery-item\"><figure><a href=\"https:\/\/mobilaner.de\/blog\/wp-content\/uploads\/2021\/01\/IMG_8473-1024x768.jpg\"><img loading=\"lazy\" decoding=\"async\" width=\"1024\" height=\"768\" src=\"https:\/\/mobilaner.de\/blog\/wp-content\/uploads\/2021\/01\/IMG_8473-1024x768.jpg\" alt=\"\" data-id=\"544\" data-link=\"https:\/\/mobilaner.de\/blog\/?attachment_id=544\" class=\"wp-image-544\" srcset=\"https:\/\/mobilaner.de\/blog\/wp-content\/uploads\/2021\/01\/IMG_8473-scaled.jpg 1024w, https:\/\/mobilaner.de\/blog\/wp-content\/uploads\/2021\/01\/IMG_8473-300x225.jpg 300w, https:\/\/mobilaner.de\/blog\/wp-content\/uploads\/2021\/01\/IMG_8473-768x576.jpg 768w, https:\/\/mobilaner.de\/blog\/wp-content\/uploads\/2021\/01\/IMG_8473-1536x1152.jpg 1536w, https:\/\/mobilaner.de\/blog\/wp-content\/uploads\/2021\/01\/IMG_8473-2048x1536.jpg 2048w, https:\/\/mobilaner.de\/blog\/wp-content\/uploads\/2021\/01\/IMG_8473-80x60.jpg 80w\" sizes=\"auto, (max-width: 1024px) 100vw, 1024px\" \/><\/a><\/figure><\/li><li class=\"blocks-gallery-item\"><figure><a href=\"https:\/\/mobilaner.de\/blog\/wp-content\/uploads\/2021\/01\/IMG_8476-1024x768.jpg\"><img loading=\"lazy\" decoding=\"async\" width=\"1024\" height=\"768\" src=\"https:\/\/mobilaner.de\/blog\/wp-content\/uploads\/2021\/01\/IMG_8476-1024x768.jpg\" alt=\"\" data-id=\"545\" data-link=\"https:\/\/mobilaner.de\/blog\/?attachment_id=545\" class=\"wp-image-545\" srcset=\"https:\/\/mobilaner.de\/blog\/wp-content\/uploads\/2021\/01\/IMG_8476-scaled.jpg 1024w, https:\/\/mobilaner.de\/blog\/wp-content\/uploads\/2021\/01\/IMG_8476-300x225.jpg 300w, https:\/\/mobilaner.de\/blog\/wp-content\/uploads\/2021\/01\/IMG_8476-768x576.jpg 768w, https:\/\/mobilaner.de\/blog\/wp-content\/uploads\/2021\/01\/IMG_8476-1536x1152.jpg 1536w, https:\/\/mobilaner.de\/blog\/wp-content\/uploads\/2021\/01\/IMG_8476-2048x1536.jpg 2048w, https:\/\/mobilaner.de\/blog\/wp-content\/uploads\/2021\/01\/IMG_8476-80x60.jpg 80w\" sizes=\"auto, (max-width: 1024px) 100vw, 1024px\" \/><\/a><\/figure><\/li><li class=\"blocks-gallery-item\"><figure><a href=\"https:\/\/mobilaner.de\/blog\/wp-content\/uploads\/2021\/01\/IMG_8478-1024x768.jpg\"><img loading=\"lazy\" decoding=\"async\" width=\"1024\" height=\"768\" src=\"https:\/\/mobilaner.de\/blog\/wp-content\/uploads\/2021\/01\/IMG_8478-1024x768.jpg\" alt=\"\" data-id=\"546\" data-link=\"https:\/\/mobilaner.de\/blog\/?attachment_id=546\" class=\"wp-image-546\" srcset=\"https:\/\/mobilaner.de\/blog\/wp-content\/uploads\/2021\/01\/IMG_8478-scaled.jpg 1024w, https:\/\/mobilaner.de\/blog\/wp-content\/uploads\/2021\/01\/IMG_8478-300x225.jpg 300w, https:\/\/mobilaner.de\/blog\/wp-content\/uploads\/2021\/01\/IMG_8478-768x576.jpg 768w, https:\/\/mobilaner.de\/blog\/wp-content\/uploads\/2021\/01\/IMG_8478-1536x1152.jpg 1536w, https:\/\/mobilaner.de\/blog\/wp-content\/uploads\/2021\/01\/IMG_8478-2048x1536.jpg 2048w, https:\/\/mobilaner.de\/blog\/wp-content\/uploads\/2021\/01\/IMG_8478-80x60.jpg 80w\" sizes=\"auto, (max-width: 1024px) 100vw, 1024px\" \/><\/a><\/figure><\/li><li class=\"blocks-gallery-item\"><figure><a href=\"https:\/\/mobilaner.de\/blog\/wp-content\/uploads\/2021\/01\/IMG_8481-1024x768.jpg\"><img loading=\"lazy\" decoding=\"async\" width=\"1024\" height=\"768\" src=\"https:\/\/mobilaner.de\/blog\/wp-content\/uploads\/2021\/01\/IMG_8481-1024x768.jpg\" alt=\"\" data-id=\"547\" data-link=\"https:\/\/mobilaner.de\/blog\/?attachment_id=547\" class=\"wp-image-547\" srcset=\"https:\/\/mobilaner.de\/blog\/wp-content\/uploads\/2021\/01\/IMG_8481-scaled.jpg 1024w, https:\/\/mobilaner.de\/blog\/wp-content\/uploads\/2021\/01\/IMG_8481-300x225.jpg 300w, https:\/\/mobilaner.de\/blog\/wp-content\/uploads\/2021\/01\/IMG_8481-768x576.jpg 768w, https:\/\/mobilaner.de\/blog\/wp-content\/uploads\/2021\/01\/IMG_8481-1536x1152.jpg 1536w, https:\/\/mobilaner.de\/blog\/wp-content\/uploads\/2021\/01\/IMG_8481-2048x1536.jpg 2048w, https:\/\/mobilaner.de\/blog\/wp-content\/uploads\/2021\/01\/IMG_8481-80x60.jpg 80w\" sizes=\"auto, (max-width: 1024px) 100vw, 1024px\" \/><\/a><\/figure><\/li><li class=\"blocks-gallery-item\"><figure><a href=\"https:\/\/mobilaner.de\/blog\/wp-content\/uploads\/2021\/01\/IMG_8491-768x1024.jpg\"><img loading=\"lazy\" decoding=\"async\" width=\"768\" height=\"1024\" src=\"https:\/\/mobilaner.de\/blog\/wp-content\/uploads\/2021\/01\/IMG_8491-768x1024.jpg\" alt=\"\" data-id=\"548\" data-link=\"https:\/\/mobilaner.de\/blog\/?attachment_id=548\" class=\"wp-image-548\" srcset=\"https:\/\/mobilaner.de\/blog\/wp-content\/uploads\/2021\/01\/IMG_8491-scaled.jpg 768w, https:\/\/mobilaner.de\/blog\/wp-content\/uploads\/2021\/01\/IMG_8491-225x300.jpg 225w, https:\/\/mobilaner.de\/blog\/wp-content\/uploads\/2021\/01\/IMG_8491-1152x1536.jpg 1152w, https:\/\/mobilaner.de\/blog\/wp-content\/uploads\/2021\/01\/IMG_8491-1536x2048.jpg 1536w, https:\/\/mobilaner.de\/blog\/wp-content\/uploads\/2021\/01\/IMG_8491-45x60.jpg 45w\" sizes=\"auto, (max-width: 768px) 100vw, 768px\" \/><\/a><\/figure><\/li><li class=\"blocks-gallery-item\"><figure><a href=\"https:\/\/mobilaner.de\/blog\/wp-content\/uploads\/2021\/01\/IMG_8494-1024x768.jpg\"><img loading=\"lazy\" decoding=\"async\" width=\"1024\" height=\"768\" src=\"https:\/\/mobilaner.de\/blog\/wp-content\/uploads\/2021\/01\/IMG_8494-1024x768.jpg\" alt=\"\" data-id=\"549\" data-link=\"https:\/\/mobilaner.de\/blog\/?attachment_id=549\" class=\"wp-image-549\" srcset=\"https:\/\/mobilaner.de\/blog\/wp-content\/uploads\/2021\/01\/IMG_8494-scaled.jpg 1024w, https:\/\/mobilaner.de\/blog\/wp-content\/uploads\/2021\/01\/IMG_8494-300x225.jpg 300w, https:\/\/mobilaner.de\/blog\/wp-content\/uploads\/2021\/01\/IMG_8494-768x576.jpg 768w, https:\/\/mobilaner.de\/blog\/wp-content\/uploads\/2021\/01\/IMG_8494-1536x1152.jpg 1536w, https:\/\/mobilaner.de\/blog\/wp-content\/uploads\/2021\/01\/IMG_8494-2048x1536.jpg 2048w, https:\/\/mobilaner.de\/blog\/wp-content\/uploads\/2021\/01\/IMG_8494-80x60.jpg 80w\" sizes=\"auto, (max-width: 1024px) 100vw, 1024px\" \/><\/a><\/figure><\/li><li class=\"blocks-gallery-item\"><figure><a href=\"https:\/\/mobilaner.de\/blog\/wp-content\/uploads\/2021\/01\/IMG_8495-1024x768.jpg\"><img loading=\"lazy\" decoding=\"async\" width=\"1024\" height=\"768\" src=\"https:\/\/mobilaner.de\/blog\/wp-content\/uploads\/2021\/01\/IMG_8495-1024x768.jpg\" alt=\"\" data-id=\"550\" data-link=\"https:\/\/mobilaner.de\/blog\/?attachment_id=550\" class=\"wp-image-550\" srcset=\"https:\/\/mobilaner.de\/blog\/wp-content\/uploads\/2021\/01\/IMG_8495-scaled.jpg 1024w, https:\/\/mobilaner.de\/blog\/wp-content\/uploads\/2021\/01\/IMG_8495-300x225.jpg 300w, https:\/\/mobilaner.de\/blog\/wp-content\/uploads\/2021\/01\/IMG_8495-768x576.jpg 768w, https:\/\/mobilaner.de\/blog\/wp-content\/uploads\/2021\/01\/IMG_8495-1536x1152.jpg 1536w, https:\/\/mobilaner.de\/blog\/wp-content\/uploads\/2021\/01\/IMG_8495-2048x1536.jpg 2048w, https:\/\/mobilaner.de\/blog\/wp-content\/uploads\/2021\/01\/IMG_8495-80x60.jpg 80w\" sizes=\"auto, (max-width: 1024px) 100vw, 1024px\" \/><\/a><\/figure><\/li><li class=\"blocks-gallery-item\"><figure><a href=\"https:\/\/mobilaner.de\/blog\/wp-content\/uploads\/2021\/01\/IMG_8501-1024x768.jpg\"><img loading=\"lazy\" decoding=\"async\" width=\"1024\" height=\"768\" src=\"https:\/\/mobilaner.de\/blog\/wp-content\/uploads\/2021\/01\/IMG_8501-1024x768.jpg\" alt=\"\" data-id=\"551\" data-link=\"https:\/\/mobilaner.de\/blog\/?attachment_id=551\" class=\"wp-image-551\" srcset=\"https:\/\/mobilaner.de\/blog\/wp-content\/uploads\/2021\/01\/IMG_8501-scaled.jpg 1024w, https:\/\/mobilaner.de\/blog\/wp-content\/uploads\/2021\/01\/IMG_8501-300x225.jpg 300w, https:\/\/mobilaner.de\/blog\/wp-content\/uploads\/2021\/01\/IMG_8501-768x576.jpg 768w, https:\/\/mobilaner.de\/blog\/wp-content\/uploads\/2021\/01\/IMG_8501-1536x1152.jpg 1536w, https:\/\/mobilaner.de\/blog\/wp-content\/uploads\/2021\/01\/IMG_8501-2048x1536.jpg 2048w, https:\/\/mobilaner.de\/blog\/wp-content\/uploads\/2021\/01\/IMG_8501-80x60.jpg 80w\" sizes=\"auto, (max-width: 1024px) 100vw, 1024px\" \/><\/a><\/figure><\/li><li class=\"blocks-gallery-item\"><figure><a href=\"https:\/\/mobilaner.de\/blog\/wp-content\/uploads\/2021\/01\/IMG_8521-1024x768.jpg\"><img loading=\"lazy\" decoding=\"async\" width=\"1024\" height=\"768\" src=\"https:\/\/mobilaner.de\/blog\/wp-content\/uploads\/2021\/01\/IMG_8521-1024x768.jpg\" alt=\"\" data-id=\"552\" data-link=\"https:\/\/mobilaner.de\/blog\/?attachment_id=552\" class=\"wp-image-552\" srcset=\"https:\/\/mobilaner.de\/blog\/wp-content\/uploads\/2021\/01\/IMG_8521-scaled.jpg 1024w, https:\/\/mobilaner.de\/blog\/wp-content\/uploads\/2021\/01\/IMG_8521-300x225.jpg 300w, https:\/\/mobilaner.de\/blog\/wp-content\/uploads\/2021\/01\/IMG_8521-768x576.jpg 768w, https:\/\/mobilaner.de\/blog\/wp-content\/uploads\/2021\/01\/IMG_8521-1536x1152.jpg 1536w, https:\/\/mobilaner.de\/blog\/wp-content\/uploads\/2021\/01\/IMG_8521-2048x1536.jpg 2048w, https:\/\/mobilaner.de\/blog\/wp-content\/uploads\/2021\/01\/IMG_8521-80x60.jpg 80w\" sizes=\"auto, (max-width: 1024px) 100vw, 1024px\" \/><\/a><\/figure><\/li><\/ul><\/figure>\n\n\n\n<p>Gegen Ende des Tages durften wir uns noch die kurvige Stra\u00dfe der Dadesschlucht runterwinden. Die Tagesetappe ging dann bis kurz vor Boumalne Dades, wo wir mit dem letzten Licht noch einen sch\u00f6nen und ruhigen Pennplatz in einem ausgetrockneten Flussbett fanden.<\/p>\n\n\n\n<figure class=\"wp-block-image size-large\"><img loading=\"lazy\" decoding=\"async\" width=\"1024\" height=\"768\" src=\"https:\/\/mobilaner.de\/blog\/wp-content\/uploads\/2021\/01\/IMG_8559-1024x768.jpg\" alt=\"\" class=\"wp-image-553\" srcset=\"https:\/\/mobilaner.de\/blog\/wp-content\/uploads\/2021\/01\/IMG_8559-scaled.jpg 1024w, https:\/\/mobilaner.de\/blog\/wp-content\/uploads\/2021\/01\/IMG_8559-300x225.jpg 300w, https:\/\/mobilaner.de\/blog\/wp-content\/uploads\/2021\/01\/IMG_8559-768x576.jpg 768w, https:\/\/mobilaner.de\/blog\/wp-content\/uploads\/2021\/01\/IMG_8559-1536x1152.jpg 1536w, https:\/\/mobilaner.de\/blog\/wp-content\/uploads\/2021\/01\/IMG_8559-2048x1536.jpg 2048w, https:\/\/mobilaner.de\/blog\/wp-content\/uploads\/2021\/01\/IMG_8559-80x60.jpg 80w\" sizes=\"auto, (max-width: 1024px) 100vw, 1024px\" \/><\/figure>\n\n\n\n<p>Von da freute ich mich eigentlich auf die recht spektakul\u00e4re Strecke \u00fcber den Tizi-n\u00b4Tazazert, die einer der absoluten Highlights meiner letzten Tour vor vier Jahren war. Aber ich h\u00f6rte vorher schon davon, die Strecke \u00fcber den Pass ist inzwischen sauber zweispurig ausgebaut und asphaltiert. Letztes Mal forderte die Strecke uns und den Fahrzeugen einiges ab, heute f\u00e4hrt sie jeder tiefergelegte Golf in Rekordzeit. F\u00fcr die Menschen vor Ort sicher eine enorme Verbesserung, ich fand es doch etwas schade. Aber bei dem momentanen Bauboom, an allen Ecken und Enden wird gebaut, dauert es sicher nicht mehr allzu lange, bis auch die letzte steinige oder staubige Piste unter einem Band aus Teer verschwunden ist.<\/p>\n\n\n\n<figure class=\"wp-block-image size-large\"><img loading=\"lazy\" decoding=\"async\" width=\"1024\" height=\"768\" src=\"https:\/\/mobilaner.de\/blog\/wp-content\/uploads\/2021\/01\/IMG_8576-1024x768.jpg\" alt=\"\" class=\"wp-image-554\" srcset=\"https:\/\/mobilaner.de\/blog\/wp-content\/uploads\/2021\/01\/IMG_8576-scaled.jpg 1024w, https:\/\/mobilaner.de\/blog\/wp-content\/uploads\/2021\/01\/IMG_8576-300x225.jpg 300w, https:\/\/mobilaner.de\/blog\/wp-content\/uploads\/2021\/01\/IMG_8576-768x576.jpg 768w, https:\/\/mobilaner.de\/blog\/wp-content\/uploads\/2021\/01\/IMG_8576-1536x1152.jpg 1536w, https:\/\/mobilaner.de\/blog\/wp-content\/uploads\/2021\/01\/IMG_8576-2048x1536.jpg 2048w, https:\/\/mobilaner.de\/blog\/wp-content\/uploads\/2021\/01\/IMG_8576-80x60.jpg 80w\" sizes=\"auto, (max-width: 1024px) 100vw, 1024px\" \/><figcaption>Fr\u00fchst\u00fcck auf dem Tizi-n\u00b4Tazazert<\/figcaption><\/figure>\n\n\n\n<p>So schafften wir den Tizi-n\u00b4Tazazert mal eben am Vormittag und wir beschlossen, nicht auf der gro\u00dfen Stra\u00dfe weiter nach Zagora zu fahren, sondern von N\u00b4kob nur ein St\u00fcck weit auf der Stra\u00dfe zu fahren und dann links abzubiegen nach Tafetchna. Bis zu diesem Ort war auch da eine gute neue Stra\u00dfe, allerdings endete der Asphalt direkt vor dem Ort. Und dann wurde es doch noch einmal spannend! Die n\u00e4chsten vielleicht waren es so 50km waren doch nochmal rauhe Piste, die es teilweise echt in sich hatte. Viel gerades Band durch \u00f6de Steinw\u00fcste, aber es gab auch mehrfach Situationen, wo wir aussteigen und zu Fu\u00df die Piste abgehen mussten um zu beurteilen, ob die gute Oma Duck da wohl durchkommen wird. Ab und an mussten wir auch die eigentliche Piste umfahren und uns einen anderen Weg suchen, wenn die Piste f\u00fcr uns nicht fahrbar schien. Wir haben uns mal den Spa\u00df gemacht und ab und zu etwas gefilmt und das Ganze zusammengeschnitten.<\/p>\n\n\n\n<p>Allerdings sieht es auf den Aufnahmen definitiv harmloser aus, als es sich vor Ort anf\u00fchlte. Die Piste war an einigen Stellen schon grenzwertig f\u00fcr den Bus. Es hat auf jeden Fall reichlich Spa\u00df gemacht!<\/p>\n\n\n\n<figure class=\"wp-block-embed is-type-video is-provider-youtube wp-block-embed-youtube wp-embed-aspect-16-9 wp-has-aspect-ratio\"><div class=\"wp-block-embed__wrapper\">\n<iframe loading=\"lazy\" title=\"D\u00fcdo 508 Piste nach Zagora, Marokko\" width=\"780\" height=\"439\" src=\"https:\/\/www.youtube.com\/embed\/8AvfISGqKH8?feature=oembed\" frameborder=\"0\" allow=\"accelerometer; autoplay; clipboard-write; encrypted-media; gyroscope; picture-in-picture\" allowfullscreen><\/iframe>\n<\/div><\/figure>\n\n\n\n<p>Einen Schlafplatz fanden wir dann einfach abseits der Piste. Am morgen kam ein Mopedfahrer die Strecke gefahren, ansonsten hatten wir die Piste die ganze Zeit f\u00fcr uns alleine.<\/p>\n\n\n\n<p>Relativ kurz nach dem morgendlichen Aufbruch erreichten wir aber dann das Draa-Tal und damit auch die ersten Felder. Gleich die ersten Feldarbeiter, die uns sahen, winkten uns ran und dann gab es erstmal gem\u00fctlich Tee am Feldrand. Aufgrund der sprachlichen Verst\u00e4ndigungsschwierigkeiten wurde ein spanisch sprechender Freund angerufen, der auch gleich vorbeikam. Auf Spanisch kann ich mich zumindest rudiment\u00e4r verst\u00e4ndigen, so dass mit seiner Hilfe eine kleine Unterhaltung m\u00f6glich war.<\/p>\n\n\n\n<figure class=\"wp-block-image size-large\"><img loading=\"lazy\" decoding=\"async\" width=\"1024\" height=\"768\" src=\"http:\/\/mobilaner.de\/blog\/wp-content\/uploads\/2021\/01\/IMG_8629-1024x768.jpg\" alt=\"\" class=\"wp-image-555\" srcset=\"https:\/\/mobilaner.de\/blog\/wp-content\/uploads\/2021\/01\/IMG_8629-scaled.jpg 1024w, https:\/\/mobilaner.de\/blog\/wp-content\/uploads\/2021\/01\/IMG_8629-300x225.jpg 300w, https:\/\/mobilaner.de\/blog\/wp-content\/uploads\/2021\/01\/IMG_8629-768x576.jpg 768w, https:\/\/mobilaner.de\/blog\/wp-content\/uploads\/2021\/01\/IMG_8629-1536x1152.jpg 1536w, https:\/\/mobilaner.de\/blog\/wp-content\/uploads\/2021\/01\/IMG_8629-2048x1536.jpg 2048w, https:\/\/mobilaner.de\/blog\/wp-content\/uploads\/2021\/01\/IMG_8629-80x60.jpg 80w\" sizes=\"auto, (max-width: 1024px) 100vw, 1024px\" \/><\/figure>\n\n\n\n<p>Nach dem Tee ging es aber f\u00fcr uns weiter und wir kamen dann relativ schnell nach Zagora, wo wir erstmal den ersten Campingplatz ansteuerten, lustigerweise stehen wir exakt am selben Platz, wie vor vier Jahren schonmal. Hier ist das Klima jetzt auf jeden Fall im angenehmen Bereich und auch abends ist es zwar schon k\u00fchl, aber nicht mehr so bitter kalt wie in den Bergen weiter n\u00f6rdlich. Ich denke, so k\u00f6nnen wir das hier jetzt eine Weile aushalten.<\/p>\n\n\n\n<figure class=\"wp-block-image size-large\"><img loading=\"lazy\" decoding=\"async\" width=\"1024\" height=\"768\" src=\"https:\/\/mobilaner.de\/blog\/wp-content\/uploads\/2021\/01\/IMG_8635-1024x768.jpg\" alt=\"\" class=\"wp-image-557\" srcset=\"https:\/\/mobilaner.de\/blog\/wp-content\/uploads\/2021\/01\/IMG_8635-scaled.jpg 1024w, https:\/\/mobilaner.de\/blog\/wp-content\/uploads\/2021\/01\/IMG_8635-300x225.jpg 300w, https:\/\/mobilaner.de\/blog\/wp-content\/uploads\/2021\/01\/IMG_8635-768x576.jpg 768w, https:\/\/mobilaner.de\/blog\/wp-content\/uploads\/2021\/01\/IMG_8635-1536x1152.jpg 1536w, https:\/\/mobilaner.de\/blog\/wp-content\/uploads\/2021\/01\/IMG_8635-2048x1536.jpg 2048w, https:\/\/mobilaner.de\/blog\/wp-content\/uploads\/2021\/01\/IMG_8635-80x60.jpg 80w\" sizes=\"auto, (max-width: 1024px) 100vw, 1024px\" \/><\/figure>\n\n\n\n<figure class=\"wp-block-gallery columns-3 is-cropped wp-block-gallery-3 is-layout-flex wp-block-gallery-is-layout-flex\"><ul class=\"blocks-gallery-grid\"><li class=\"blocks-gallery-item\"><figure><a href=\"https:\/\/mobilaner.de\/blog\/wp-content\/uploads\/2021\/01\/IMG_8583-1024x768.jpg\"><img loading=\"lazy\" decoding=\"async\" width=\"1024\" height=\"768\" src=\"https:\/\/mobilaner.de\/blog\/wp-content\/uploads\/2021\/01\/IMG_8583-1024x768.jpg\" alt=\"\" data-id=\"558\" data-link=\"https:\/\/mobilaner.de\/blog\/?attachment_id=558\" class=\"wp-image-558\" srcset=\"https:\/\/mobilaner.de\/blog\/wp-content\/uploads\/2021\/01\/IMG_8583-scaled.jpg 1024w, https:\/\/mobilaner.de\/blog\/wp-content\/uploads\/2021\/01\/IMG_8583-300x225.jpg 300w, https:\/\/mobilaner.de\/blog\/wp-content\/uploads\/2021\/01\/IMG_8583-768x576.jpg 768w, https:\/\/mobilaner.de\/blog\/wp-content\/uploads\/2021\/01\/IMG_8583-1536x1152.jpg 1536w, https:\/\/mobilaner.de\/blog\/wp-content\/uploads\/2021\/01\/IMG_8583-2048x1536.jpg 2048w, https:\/\/mobilaner.de\/blog\/wp-content\/uploads\/2021\/01\/IMG_8583-80x60.jpg 80w\" sizes=\"auto, (max-width: 1024px) 100vw, 1024px\" \/><\/a><\/figure><\/li><li class=\"blocks-gallery-item\"><figure><a href=\"https:\/\/mobilaner.de\/blog\/wp-content\/uploads\/2021\/01\/IMG_8587-1024x768.jpg\"><img loading=\"lazy\" decoding=\"async\" width=\"1024\" height=\"768\" src=\"https:\/\/mobilaner.de\/blog\/wp-content\/uploads\/2021\/01\/IMG_8587-1024x768.jpg\" alt=\"\" data-id=\"559\" data-link=\"https:\/\/mobilaner.de\/blog\/?attachment_id=559\" class=\"wp-image-559\" srcset=\"https:\/\/mobilaner.de\/blog\/wp-content\/uploads\/2021\/01\/IMG_8587-scaled.jpg 1024w, https:\/\/mobilaner.de\/blog\/wp-content\/uploads\/2021\/01\/IMG_8587-300x225.jpg 300w, https:\/\/mobilaner.de\/blog\/wp-content\/uploads\/2021\/01\/IMG_8587-768x576.jpg 768w, https:\/\/mobilaner.de\/blog\/wp-content\/uploads\/2021\/01\/IMG_8587-1536x1152.jpg 1536w, https:\/\/mobilaner.de\/blog\/wp-content\/uploads\/2021\/01\/IMG_8587-2048x1536.jpg 2048w, https:\/\/mobilaner.de\/blog\/wp-content\/uploads\/2021\/01\/IMG_8587-80x60.jpg 80w\" sizes=\"auto, (max-width: 1024px) 100vw, 1024px\" \/><\/a><\/figure><\/li><li class=\"blocks-gallery-item\"><figure><a href=\"https:\/\/mobilaner.de\/blog\/wp-content\/uploads\/2021\/01\/IMG_8592-1024x768.jpg\"><img loading=\"lazy\" decoding=\"async\" width=\"1024\" height=\"768\" src=\"https:\/\/mobilaner.de\/blog\/wp-content\/uploads\/2021\/01\/IMG_8592-1024x768.jpg\" alt=\"\" data-id=\"560\" data-link=\"https:\/\/mobilaner.de\/blog\/?attachment_id=560\" class=\"wp-image-560\" srcset=\"https:\/\/mobilaner.de\/blog\/wp-content\/uploads\/2021\/01\/IMG_8592-scaled.jpg 1024w, https:\/\/mobilaner.de\/blog\/wp-content\/uploads\/2021\/01\/IMG_8592-300x225.jpg 300w, https:\/\/mobilaner.de\/blog\/wp-content\/uploads\/2021\/01\/IMG_8592-768x576.jpg 768w, https:\/\/mobilaner.de\/blog\/wp-content\/uploads\/2021\/01\/IMG_8592-1536x1152.jpg 1536w, https:\/\/mobilaner.de\/blog\/wp-content\/uploads\/2021\/01\/IMG_8592-2048x1536.jpg 2048w, https:\/\/mobilaner.de\/blog\/wp-content\/uploads\/2021\/01\/IMG_8592-80x60.jpg 80w\" sizes=\"auto, (max-width: 1024px) 100vw, 1024px\" \/><\/a><\/figure><\/li><li class=\"blocks-gallery-item\"><figure><a href=\"https:\/\/mobilaner.de\/blog\/wp-content\/uploads\/2021\/01\/IMG_8606-1024x768.jpg\"><img loading=\"lazy\" decoding=\"async\" width=\"1024\" height=\"768\" src=\"https:\/\/mobilaner.de\/blog\/wp-content\/uploads\/2021\/01\/IMG_8606-1024x768.jpg\" alt=\"\" data-id=\"561\" data-link=\"https:\/\/mobilaner.de\/blog\/?attachment_id=561\" class=\"wp-image-561\" srcset=\"https:\/\/mobilaner.de\/blog\/wp-content\/uploads\/2021\/01\/IMG_8606-scaled.jpg 1024w, https:\/\/mobilaner.de\/blog\/wp-content\/uploads\/2021\/01\/IMG_8606-300x225.jpg 300w, https:\/\/mobilaner.de\/blog\/wp-content\/uploads\/2021\/01\/IMG_8606-768x576.jpg 768w, https:\/\/mobilaner.de\/blog\/wp-content\/uploads\/2021\/01\/IMG_8606-1536x1152.jpg 1536w, https:\/\/mobilaner.de\/blog\/wp-content\/uploads\/2021\/01\/IMG_8606-2048x1536.jpg 2048w, https:\/\/mobilaner.de\/blog\/wp-content\/uploads\/2021\/01\/IMG_8606-80x60.jpg 80w\" sizes=\"auto, (max-width: 1024px) 100vw, 1024px\" \/><\/a><\/figure><\/li><li class=\"blocks-gallery-item\"><figure><a href=\"https:\/\/mobilaner.de\/blog\/wp-content\/uploads\/2021\/01\/IMG_8611-1024x768.jpg\"><img loading=\"lazy\" decoding=\"async\" width=\"1024\" height=\"768\" src=\"https:\/\/mobilaner.de\/blog\/wp-content\/uploads\/2021\/01\/IMG_8611-1024x768.jpg\" alt=\"\" data-id=\"562\" data-link=\"https:\/\/mobilaner.de\/blog\/?attachment_id=562\" class=\"wp-image-562\" srcset=\"https:\/\/mobilaner.de\/blog\/wp-content\/uploads\/2021\/01\/IMG_8611-scaled.jpg 1024w, https:\/\/mobilaner.de\/blog\/wp-content\/uploads\/2021\/01\/IMG_8611-300x225.jpg 300w, https:\/\/mobilaner.de\/blog\/wp-content\/uploads\/2021\/01\/IMG_8611-768x576.jpg 768w, https:\/\/mobilaner.de\/blog\/wp-content\/uploads\/2021\/01\/IMG_8611-1536x1152.jpg 1536w, https:\/\/mobilaner.de\/blog\/wp-content\/uploads\/2021\/01\/IMG_8611-2048x1536.jpg 2048w, https:\/\/mobilaner.de\/blog\/wp-content\/uploads\/2021\/01\/IMG_8611-80x60.jpg 80w\" sizes=\"auto, (max-width: 1024px) 100vw, 1024px\" \/><\/a><\/figure><\/li><li class=\"blocks-gallery-item\"><figure><a href=\"http:\/\/mobilaner.de\/blog\/wp-content\/uploads\/2021\/01\/IMG_8620-scaled.jpg\"><img loading=\"lazy\" decoding=\"async\" width=\"1024\" height=\"768\" src=\"http:\/\/mobilaner.de\/blog\/wp-content\/uploads\/2021\/01\/IMG_8620-1024x768.jpg\" alt=\"\" data-id=\"563\" data-full-url=\"http:\/\/mobilaner.de\/blog\/wp-content\/uploads\/2021\/01\/IMG_8620-scaled.jpg\" data-link=\"http:\/\/mobilaner.de\/blog\/2020\/01\/13\/azrou-zagora\/img_8620\/\" class=\"wp-image-563\" srcset=\"https:\/\/mobilaner.de\/blog\/wp-content\/uploads\/2021\/01\/IMG_8620-scaled.jpg 1024w, https:\/\/mobilaner.de\/blog\/wp-content\/uploads\/2021\/01\/IMG_8620-300x225.jpg 300w, https:\/\/mobilaner.de\/blog\/wp-content\/uploads\/2021\/01\/IMG_8620-768x576.jpg 768w, https:\/\/mobilaner.de\/blog\/wp-content\/uploads\/2021\/01\/IMG_8620-1536x1152.jpg 1536w, https:\/\/mobilaner.de\/blog\/wp-content\/uploads\/2021\/01\/IMG_8620-2048x1536.jpg 2048w, https:\/\/mobilaner.de\/blog\/wp-content\/uploads\/2021\/01\/IMG_8620-80x60.jpg 80w\" sizes=\"auto, (max-width: 1024px) 100vw, 1024px\" \/><\/a><\/figure><\/li><li class=\"blocks-gallery-item\"><figure><a href=\"https:\/\/mobilaner.de\/blog\/wp-content\/uploads\/2021\/01\/IMG_8625-1024x768.jpg\"><img loading=\"lazy\" decoding=\"async\" width=\"1024\" height=\"768\" src=\"https:\/\/mobilaner.de\/blog\/wp-content\/uploads\/2021\/01\/IMG_8625-1024x768.jpg\" alt=\"\" data-id=\"565\" data-link=\"https:\/\/mobilaner.de\/blog\/?attachment_id=565\" class=\"wp-image-565\" srcset=\"https:\/\/mobilaner.de\/blog\/wp-content\/uploads\/2021\/01\/IMG_8625-scaled.jpg 1024w, https:\/\/mobilaner.de\/blog\/wp-content\/uploads\/2021\/01\/IMG_8625-300x225.jpg 300w, https:\/\/mobilaner.de\/blog\/wp-content\/uploads\/2021\/01\/IMG_8625-768x576.jpg 768w, https:\/\/mobilaner.de\/blog\/wp-content\/uploads\/2021\/01\/IMG_8625-1536x1152.jpg 1536w, https:\/\/mobilaner.de\/blog\/wp-content\/uploads\/2021\/01\/IMG_8625-2048x1536.jpg 2048w, https:\/\/mobilaner.de\/blog\/wp-content\/uploads\/2021\/01\/IMG_8625-80x60.jpg 80w\" sizes=\"auto, (max-width: 1024px) 100vw, 1024px\" \/><\/a><\/figure><\/li><li class=\"blocks-gallery-item\"><figure><a href=\"https:\/\/mobilaner.de\/blog\/wp-content\/uploads\/2021\/01\/IMG_8627-1024x768.jpg\"><img loading=\"lazy\" decoding=\"async\" width=\"1024\" height=\"768\" src=\"https:\/\/mobilaner.de\/blog\/wp-content\/uploads\/2021\/01\/IMG_8627-1024x768.jpg\" alt=\"\" data-id=\"566\" data-link=\"https:\/\/mobilaner.de\/blog\/?attachment_id=566\" class=\"wp-image-566\" srcset=\"https:\/\/mobilaner.de\/blog\/wp-content\/uploads\/2021\/01\/IMG_8627-scaled.jpg 1024w, https:\/\/mobilaner.de\/blog\/wp-content\/uploads\/2021\/01\/IMG_8627-300x225.jpg 300w, https:\/\/mobilaner.de\/blog\/wp-content\/uploads\/2021\/01\/IMG_8627-768x576.jpg 768w, https:\/\/mobilaner.de\/blog\/wp-content\/uploads\/2021\/01\/IMG_8627-1536x1152.jpg 1536w, https:\/\/mobilaner.de\/blog\/wp-content\/uploads\/2021\/01\/IMG_8627-2048x1536.jpg 2048w, https:\/\/mobilaner.de\/blog\/wp-content\/uploads\/2021\/01\/IMG_8627-80x60.jpg 80w\" sizes=\"auto, (max-width: 1024px) 100vw, 1024px\" \/><\/a><\/figure><\/li><li class=\"blocks-gallery-item\"><figure><a href=\"https:\/\/mobilaner.de\/blog\/wp-content\/uploads\/2021\/01\/IMG_8617-scaled.jpg\"><img loading=\"lazy\" decoding=\"async\" width=\"1024\" height=\"768\" src=\"https:\/\/mobilaner.de\/blog\/wp-content\/uploads\/2021\/01\/IMG_8617-1024x768.jpg\" alt=\"\" data-id=\"567\" data-full-url=\"https:\/\/mobilaner.de\/blog\/wp-content\/uploads\/2021\/01\/IMG_8617-scaled.jpg\" data-link=\"https:\/\/mobilaner.de\/blog\/?attachment_id=567\" class=\"wp-image-567\" srcset=\"https:\/\/mobilaner.de\/blog\/wp-content\/uploads\/2021\/01\/IMG_8617-scaled.jpg 1024w, https:\/\/mobilaner.de\/blog\/wp-content\/uploads\/2021\/01\/IMG_8617-300x225.jpg 300w, https:\/\/mobilaner.de\/blog\/wp-content\/uploads\/2021\/01\/IMG_8617-768x576.jpg 768w, https:\/\/mobilaner.de\/blog\/wp-content\/uploads\/2021\/01\/IMG_8617-1536x1152.jpg 1536w, https:\/\/mobilaner.de\/blog\/wp-content\/uploads\/2021\/01\/IMG_8617-2048x1536.jpg 2048w, https:\/\/mobilaner.de\/blog\/wp-content\/uploads\/2021\/01\/IMG_8617-80x60.jpg 80w\" sizes=\"auto, (max-width: 1024px) 100vw, 1024px\" \/><\/a><\/figure><\/li><\/ul><\/figure>\n","protected":false},"excerpt":{"rendered":"<p>Von Azrou ging es \u00fcber Kh\u00e9nifra und dann sollte es eigentlich an El Kebab vorbeigehen, wir haben aber den kleinen Umweg gemacht um in der Stadt noch zu tanken. An der Tanke sind wir zwar etwas betrogen worden (Anf\u00e4ngerfehler: Immer vorher gucken, ob die Zapfs\u00e4ule auch auf Null steht!), mangels gemeinsamer Sprache konnten wir unseren &hellip; <\/p>\n","protected":false},"author":3,"featured_media":523,"comment_status":"open","ping_status":"open","sticky":false,"template":"","format":"standard","meta":{"_stopmodifiedupdate":false,"_modified_date":"","footnotes":""},"categories":[18,20],"tags":[],"class_list":["post-522","post","type-post","status-publish","format-standard","has-post-thumbnail","hentry","category-touren","category-tour-2019-2020"],"_links":{"self":[{"href":"https:\/\/mobilaner.de\/blog\/wp-json\/wp\/v2\/posts\/522","targetHints":{"allow":["GET"]}}],"collection":[{"href":"https:\/\/mobilaner.de\/blog\/wp-json\/wp\/v2\/posts"}],"about":[{"href":"https:\/\/mobilaner.de\/blog\/wp-json\/wp\/v2\/types\/post"}],"author":[{"embeddable":true,"href":"https:\/\/mobilaner.de\/blog\/wp-json\/wp\/v2\/users\/3"}],"replies":[{"embeddable":true,"href":"https:\/\/mobilaner.de\/blog\/wp-json\/wp\/v2\/comments?post=522"}],"version-history":[{"count":4,"href":"https:\/\/mobilaner.de\/blog\/wp-json\/wp\/v2\/posts\/522\/revisions"}],"predecessor-version":[{"id":769,"href":"https:\/\/mobilaner.de\/blog\/wp-json\/wp\/v2\/posts\/522\/revisions\/769"}],"wp:featuredmedia":[{"embeddable":true,"href":"https:\/\/mobilaner.de\/blog\/wp-json\/wp\/v2\/media\/523"}],"wp:attachment":[{"href":"https:\/\/mobilaner.de\/blog\/wp-json\/wp\/v2\/media?parent=522"}],"wp:term":[{"taxonomy":"category","embeddable":true,"href":"https:\/\/mobilaner.de\/blog\/wp-json\/wp\/v2\/categories?post=522"},{"taxonomy":"post_tag","embeddable":true,"href":"https:\/\/mobilaner.de\/blog\/wp-json\/wp\/v2\/tags?post=522"}],"curies":[{"name":"wp","href":"https:\/\/api.w.org\/{rel}","templated":true}]}}