{"id":653,"date":"2019-12-26T14:16:00","date_gmt":"2019-12-26T13:16:00","guid":{"rendered":"http:\/\/mobilaner.de\/blog\/?p=653"},"modified":"2021-01-09T17:52:35","modified_gmt":"2021-01-09T16:52:35","slug":"weiter-nach-spanien","status":"publish","type":"post","link":"https:\/\/mobilaner.de\/blog\/2019\/12\/26\/weiter-nach-spanien\/","title":{"rendered":"weiter nach Spanien"},"content":{"rendered":"\n<figure class=\"wp-block-image size-large\"><img loading=\"lazy\" decoding=\"async\" width=\"1024\" height=\"768\" src=\"https:\/\/mobilaner.de\/blog\/wp-content\/uploads\/2021\/01\/IMG_20191225_091657-1024x768.jpg\" alt=\"\" class=\"wp-image-654\" srcset=\"https:\/\/mobilaner.de\/blog\/wp-content\/uploads\/2021\/01\/IMG_20191225_091657-scaled.jpg 1024w, https:\/\/mobilaner.de\/blog\/wp-content\/uploads\/2021\/01\/IMG_20191225_091657-300x225.jpg 300w, https:\/\/mobilaner.de\/blog\/wp-content\/uploads\/2021\/01\/IMG_20191225_091657-768x576.jpg 768w, https:\/\/mobilaner.de\/blog\/wp-content\/uploads\/2021\/01\/IMG_20191225_091657-1536x1152.jpg 1536w, https:\/\/mobilaner.de\/blog\/wp-content\/uploads\/2021\/01\/IMG_20191225_091657-2048x1536.jpg 2048w, https:\/\/mobilaner.de\/blog\/wp-content\/uploads\/2021\/01\/IMG_20191225_091657-80x60.jpg 80w\" sizes=\"auto, (max-width: 1024px) 100vw, 1024px\" \/><\/figure>\n\n\n\n<p>Am rauschenden Bach im dicken Nebel aufgewacht, sind wir morgens dann schnell gestartet, um unser Fr\u00fchst\u00fcck irgendwo im Sonnenschein zu uns zu nehmen. Wir mussten den ein oder anderen Berg rauf und wieder runter fahren, bis die Sonne sich irgendwann dann endlich gegen den Dunst durchsetzen konnte und wir unsere Pause dann schon mittags im strahlenden Sonnenschein genie\u00dfen konnten. Ab da war dann T-Shirtwetter angesagt! Auch das Mittelmeer lie\u00df sich dann bald blicken und wir haben es noch bis vor Barcelona geschafft.<\/p>\n\n\n\n<figure class=\"wp-block-image size-large\"><img loading=\"lazy\" decoding=\"async\" width=\"1024\" height=\"768\" src=\"https:\/\/mobilaner.de\/blog\/wp-content\/uploads\/2021\/01\/IMG_8213-1024x768.jpg\" alt=\"\" class=\"wp-image-655\" srcset=\"https:\/\/mobilaner.de\/blog\/wp-content\/uploads\/2021\/01\/IMG_8213-scaled.jpg 1024w, https:\/\/mobilaner.de\/blog\/wp-content\/uploads\/2021\/01\/IMG_8213-300x225.jpg 300w, https:\/\/mobilaner.de\/blog\/wp-content\/uploads\/2021\/01\/IMG_8213-768x576.jpg 768w, https:\/\/mobilaner.de\/blog\/wp-content\/uploads\/2021\/01\/IMG_8213-1536x1152.jpg 1536w, https:\/\/mobilaner.de\/blog\/wp-content\/uploads\/2021\/01\/IMG_8213-2048x1536.jpg 2048w, https:\/\/mobilaner.de\/blog\/wp-content\/uploads\/2021\/01\/IMG_8213-80x60.jpg 80w\" sizes=\"auto, (max-width: 1024px) 100vw, 1024px\" \/><\/figure>\n\n\n\n<figure class=\"wp-block-image size-large\"><img loading=\"lazy\" decoding=\"async\" width=\"1024\" height=\"768\" src=\"https:\/\/mobilaner.de\/blog\/wp-content\/uploads\/2021\/01\/IMG_20191225_102723_BURST20-1024x768.jpg\" alt=\"\" class=\"wp-image-656\" srcset=\"https:\/\/mobilaner.de\/blog\/wp-content\/uploads\/2021\/01\/IMG_20191225_102723_BURST20-scaled.jpg 1024w, https:\/\/mobilaner.de\/blog\/wp-content\/uploads\/2021\/01\/IMG_20191225_102723_BURST20-300x225.jpg 300w, https:\/\/mobilaner.de\/blog\/wp-content\/uploads\/2021\/01\/IMG_20191225_102723_BURST20-768x576.jpg 768w, https:\/\/mobilaner.de\/blog\/wp-content\/uploads\/2021\/01\/IMG_20191225_102723_BURST20-1536x1152.jpg 1536w, https:\/\/mobilaner.de\/blog\/wp-content\/uploads\/2021\/01\/IMG_20191225_102723_BURST20-2048x1536.jpg 2048w, https:\/\/mobilaner.de\/blog\/wp-content\/uploads\/2021\/01\/IMG_20191225_102723_BURST20-80x60.jpg 80w\" sizes=\"auto, (max-width: 1024px) 100vw, 1024px\" \/><\/figure>\n\n\n\n<p>N\u00e4chster Tag, wieder ein Fahrtag. Strecke machen, so der Plan. Ab Mittags wieder zu warm im Pulli hinterm Lenkrad, langsam wird es sch\u00f6n! Auch Palmen lassen sich immer \u00f6fter am Stra\u00dfenrand blicken.<\/p>\n\n\n\n<figure class=\"wp-block-image size-large\"><img loading=\"lazy\" decoding=\"async\" width=\"1024\" height=\"768\" src=\"https:\/\/mobilaner.de\/blog\/wp-content\/uploads\/2021\/01\/IMG_8222-1024x768.jpg\" alt=\"\" class=\"wp-image-657\" srcset=\"https:\/\/mobilaner.de\/blog\/wp-content\/uploads\/2021\/01\/IMG_8222-scaled.jpg 1024w, https:\/\/mobilaner.de\/blog\/wp-content\/uploads\/2021\/01\/IMG_8222-300x225.jpg 300w, https:\/\/mobilaner.de\/blog\/wp-content\/uploads\/2021\/01\/IMG_8222-768x576.jpg 768w, https:\/\/mobilaner.de\/blog\/wp-content\/uploads\/2021\/01\/IMG_8222-1536x1152.jpg 1536w, https:\/\/mobilaner.de\/blog\/wp-content\/uploads\/2021\/01\/IMG_8222-2048x1536.jpg 2048w, https:\/\/mobilaner.de\/blog\/wp-content\/uploads\/2021\/01\/IMG_8222-80x60.jpg 80w\" sizes=\"auto, (max-width: 1024px) 100vw, 1024px\" \/><\/figure>\n\n\n\n<p>Da die ganze Fahrerei aber auch langsam ganz sch\u00f6n anstrengend ist, beschlie\u00dfen wir, sofern wir einen sch\u00f6nen Platz finden, morgen mal ein Tag Fahrpause einzulegen. Am Nachmittag finden wir auch ein sch\u00f6nes Pl\u00e4tzchen am Strand, ein englischer Sprinter steht da auch schon, wir schnacken und beschlie\u00dfen, ein paar Meter weiter auch auf den Strand zu fahren.<\/p>\n\n\n\n<figure class=\"wp-block-image size-large\"><img loading=\"lazy\" decoding=\"async\" width=\"1024\" height=\"768\" src=\"https:\/\/mobilaner.de\/blog\/wp-content\/uploads\/2021\/01\/IMG_8223-1024x768.jpg\" alt=\"\" class=\"wp-image-658\" srcset=\"https:\/\/mobilaner.de\/blog\/wp-content\/uploads\/2021\/01\/IMG_8223-scaled.jpg 1024w, https:\/\/mobilaner.de\/blog\/wp-content\/uploads\/2021\/01\/IMG_8223-300x225.jpg 300w, https:\/\/mobilaner.de\/blog\/wp-content\/uploads\/2021\/01\/IMG_8223-768x576.jpg 768w, https:\/\/mobilaner.de\/blog\/wp-content\/uploads\/2021\/01\/IMG_8223-1536x1152.jpg 1536w, https:\/\/mobilaner.de\/blog\/wp-content\/uploads\/2021\/01\/IMG_8223-2048x1536.jpg 2048w, https:\/\/mobilaner.de\/blog\/wp-content\/uploads\/2021\/01\/IMG_8223-80x60.jpg 80w\" sizes=\"auto, (max-width: 1024px) 100vw, 1024px\" \/><\/figure>\n\n\n\n<p>Die Strecke, die wir zum Strand fahren, sieht anspruchsvoller aus, als sie wirklich ist. Der Engl\u00e4nder war durch das Dorf \u00fcber die Stra\u00dfe hierher gekommen, wir fahren direkt. Geht auch problemlos soweit. Bis halt zum Strand &#8230; da wollten wir mit Schwung einmal rum, um dann mit den Heckt\u00fcren Richtung Wasser zu stehen. Klappte nicht ganz, der Bus buddelte sich doch fix ein. Also zum Feierabend doch nochmal den Wagenheber raus und Spaten und Sandbleche vom Dach geholt. So sind wir dann nochmal 2 Meter weiter gekommen, bis wir soweit gerade standen, dass es uns f\u00fcr heute gereicht hat. Morgen oder \u00fcbermorgen, wann auch immer es f\u00fcr uns weitergeht, m\u00fcssen wir wohl nochmal buddeln, aber f\u00fcr&#8217;s erste stehen wir hier sch\u00f6n und ruhig am Strand. Nur dass wir kein Feierabendbier mehr an Bord haben, finde ich gerade schade. Naja, morgen werden wir eh mal zu einem Laden spazieren m\u00fcssen.<\/p>\n\n\n\n<figure class=\"wp-block-image size-large\"><img loading=\"lazy\" decoding=\"async\" width=\"1024\" height=\"768\" src=\"https:\/\/mobilaner.de\/blog\/wp-content\/uploads\/2021\/01\/IMG_8228-1024x768.jpg\" alt=\"\" class=\"wp-image-659\" srcset=\"https:\/\/mobilaner.de\/blog\/wp-content\/uploads\/2021\/01\/IMG_8228-scaled.jpg 1024w, https:\/\/mobilaner.de\/blog\/wp-content\/uploads\/2021\/01\/IMG_8228-300x225.jpg 300w, https:\/\/mobilaner.de\/blog\/wp-content\/uploads\/2021\/01\/IMG_8228-768x576.jpg 768w, https:\/\/mobilaner.de\/blog\/wp-content\/uploads\/2021\/01\/IMG_8228-1536x1152.jpg 1536w, https:\/\/mobilaner.de\/blog\/wp-content\/uploads\/2021\/01\/IMG_8228-2048x1536.jpg 2048w, https:\/\/mobilaner.de\/blog\/wp-content\/uploads\/2021\/01\/IMG_8228-80x60.jpg 80w\" sizes=\"auto, (max-width: 1024px) 100vw, 1024px\" \/><\/figure>\n","protected":false},"excerpt":{"rendered":"<p>Am rauschenden Bach im dicken Nebel aufgewacht, sind wir morgens dann schnell gestartet, um unser Fr\u00fchst\u00fcck irgendwo im Sonnenschein zu uns zu nehmen. Wir mussten den ein oder anderen Berg rauf und wieder runter fahren, bis die Sonne sich irgendwann dann endlich gegen den Dunst durchsetzen konnte und wir unsere Pause dann schon mittags im &hellip; <\/p>\n","protected":false},"author":3,"featured_media":654,"comment_status":"open","ping_status":"open","sticky":false,"template":"","format":"standard","meta":{"_stopmodifiedupdate":false,"_modified_date":"","footnotes":""},"categories":[18,20],"tags":[],"class_list":["post-653","post","type-post","status-publish","format-standard","has-post-thumbnail","hentry","category-touren","category-tour-2019-2020"],"_links":{"self":[{"href":"https:\/\/mobilaner.de\/blog\/wp-json\/wp\/v2\/posts\/653","targetHints":{"allow":["GET"]}}],"collection":[{"href":"https:\/\/mobilaner.de\/blog\/wp-json\/wp\/v2\/posts"}],"about":[{"href":"https:\/\/mobilaner.de\/blog\/wp-json\/wp\/v2\/types\/post"}],"author":[{"embeddable":true,"href":"https:\/\/mobilaner.de\/blog\/wp-json\/wp\/v2\/users\/3"}],"replies":[{"embeddable":true,"href":"https:\/\/mobilaner.de\/blog\/wp-json\/wp\/v2\/comments?post=653"}],"version-history":[{"count":1,"href":"https:\/\/mobilaner.de\/blog\/wp-json\/wp\/v2\/posts\/653\/revisions"}],"predecessor-version":[{"id":660,"href":"https:\/\/mobilaner.de\/blog\/wp-json\/wp\/v2\/posts\/653\/revisions\/660"}],"wp:featuredmedia":[{"embeddable":true,"href":"https:\/\/mobilaner.de\/blog\/wp-json\/wp\/v2\/media\/654"}],"wp:attachment":[{"href":"https:\/\/mobilaner.de\/blog\/wp-json\/wp\/v2\/media?parent=653"}],"wp:term":[{"taxonomy":"category","embeddable":true,"href":"https:\/\/mobilaner.de\/blog\/wp-json\/wp\/v2\/categories?post=653"},{"taxonomy":"post_tag","embeddable":true,"href":"https:\/\/mobilaner.de\/blog\/wp-json\/wp\/v2\/tags?post=653"}],"curies":[{"name":"wp","href":"https:\/\/api.w.org\/{rel}","templated":true}]}}