{"id":783,"date":"2016-04-17T13:46:00","date_gmt":"2016-04-17T11:46:00","guid":{"rendered":"http:\/\/mobilaner.de\/blog\/?p=783"},"modified":"2021-01-11T13:57:31","modified_gmt":"2021-01-11T12:57:31","slug":"das-baskenland-auf-jeden-fall-sehenswert","status":"publish","type":"post","link":"https:\/\/mobilaner.de\/blog\/2016\/04\/17\/das-baskenland-auf-jeden-fall-sehenswert\/","title":{"rendered":"Das Baskenland, auf jeden Fall sehenswert!"},"content":{"rendered":"\n<p>Ein Tag Santander soll auch erstmal reichen, weiter geht es an der wirklich sehr sch\u00f6nen K\u00fcste entlang bis nach Bilbao! Ich habe schon oft geh\u00f6rt, dass Bilbao spannend sein soll, also muss ich mir das ja nun mal selbst angucken. Tats\u00e4chlich ist es erstmal spannend, ob es hier f\u00fcr die gute Oma Duck und mich einen Parkplatz gibt! Nach gef\u00fchlt stundenlangem Hin- und Hergefahre finde ich einen Platz in einer Seitenstra\u00dfe, der ganz brauchbar aussieht. Wie ich erfahre, muss ich hier einen Parkschein kaufen, der allerdings maximal f\u00fcr 5 Stunden gilt und saum\u00e4\u00dfig teuer ist. Okay, ich brauch einfach grade eine Auszeit und kann nicht weiter suchen, ich ignoriere das jetzt erstmal!<\/p>\n\n\n\n<p>Der erste Spaziergang durch die Stadt scheint die Ger\u00fcchte zu best\u00e4tigen. Haufenweise h\u00fcbsche Menschen, freundliche Gesichter, relativ hoher Punkfaktor auf der Stra\u00dfe. Sch\u00f6n! Um die Ecke von meinem Parkplatz entdecke ich eine Vegan-Bar! Sehr geil! Ich g\u00f6nne mir ein Seitan-Sandwich und ein deutsches Bio-Bier und sitze drau\u00dfen und beobachte einfach die Menschen. Ein paar Meter vom Bus entfernt liegt eine Kneipe, die nicht nur so einfach sympathisch aussieht, sondern auch gut gef\u00fcllt ist. Ich \u00fcberwinde mich und gucke mir das mal von innen an. Beim Angebotspreis von einem Euro f\u00fcr das gezapfte kann man nicht meckern, also mal sehen, was der Abend so bringt! Leider kann ich mich nicht genug \u00fcberwinden um mit irgendwelchen Spaniern ins Gespr\u00e4ch zu kommen, lerne aber sehr nette Menschen aus Irland und Amiland kennen. Immerhin! So verl\u00e4uft der Abend mit reichlich Bier und nettem Gespr\u00e4ch auf englisch.<\/p>\n\n\n\n<figure class=\"wp-block-image size-large\"><img loading=\"lazy\" decoding=\"async\" width=\"1024\" height=\"768\" src=\"http:\/\/mobilaner.de\/blog\/wp-content\/uploads\/2021\/01\/IMG_8763-1024x768.jpg\" alt=\"\" class=\"wp-image-784\" srcset=\"https:\/\/mobilaner.de\/blog\/wp-content\/uploads\/2021\/01\/IMG_8763-scaled.jpg 1024w, https:\/\/mobilaner.de\/blog\/wp-content\/uploads\/2021\/01\/IMG_8763-300x225.jpg 300w, https:\/\/mobilaner.de\/blog\/wp-content\/uploads\/2021\/01\/IMG_8763-768x576.jpg 768w, https:\/\/mobilaner.de\/blog\/wp-content\/uploads\/2021\/01\/IMG_8763-1536x1152.jpg 1536w, https:\/\/mobilaner.de\/blog\/wp-content\/uploads\/2021\/01\/IMG_8763-2048x1536.jpg 2048w, https:\/\/mobilaner.de\/blog\/wp-content\/uploads\/2021\/01\/IMG_8763-80x60.jpg 80w\" sizes=\"auto, (max-width: 1024px) 100vw, 1024px\" \/><\/figure>\n\n\n\n<p>Der n\u00e4chste Morgen l\u00e4uft dementsprechend langsam an und als ich dann doch mal aus dem Bett komme, habe ich dann doch ein Ticket an der Scheibe. Mist! Ich verstehe nicht wirklich was da so draufsteht, nur dass es mich 30 Euro kosten soll. Ganz sch\u00f6n happig! Aber mal sehen, ob sie mir das bis nach Hause schicken&#8230; Wenn ich das Ticket nun schon am Auto habe, kann ich ja eigentlich ganz entspannt hier stehen bleiben. Ich hatte am Vortag schon eine Gegend ausgekundschaftet, wo ich vermutlich einen kostenfreien Parkplatz finden w\u00fcrde, aber die Gegend hier gef\u00e4llt mir eigentlich ganz gut! Also bleibe ich erstmal hier, mache noch den ein oder anderen Spaziergang und gucke mir die Stadt und die Menschen an.<\/p>\n\n\n\n<figure class=\"wp-block-image size-large\"><img loading=\"lazy\" decoding=\"async\" width=\"768\" height=\"1024\" src=\"http:\/\/mobilaner.de\/blog\/wp-content\/uploads\/2021\/01\/IMG_8766-768x1024.jpg\" alt=\"\" class=\"wp-image-785\" srcset=\"https:\/\/mobilaner.de\/blog\/wp-content\/uploads\/2021\/01\/IMG_8766-scaled.jpg 768w, https:\/\/mobilaner.de\/blog\/wp-content\/uploads\/2021\/01\/IMG_8766-225x300.jpg 225w, https:\/\/mobilaner.de\/blog\/wp-content\/uploads\/2021\/01\/IMG_8766-1152x1536.jpg 1152w, https:\/\/mobilaner.de\/blog\/wp-content\/uploads\/2021\/01\/IMG_8766-1536x2048.jpg 1536w, https:\/\/mobilaner.de\/blog\/wp-content\/uploads\/2021\/01\/IMG_8766-45x60.jpg 45w\" sizes=\"auto, (max-width: 768px) 100vw, 768px\" \/><\/figure>\n\n\n\n<p>Leider f\u00fchle ich mich weiter alleine, mir fehlt eindeutig meine Reisegruppe! Schon bl\u00f6d, nach so langer Zeit wieder komplett alleine unterwegs zu sein!<\/p>\n\n\n\n<p>Am Nachmittag entscheide ich mich dann doch, weiter zu fahren.<\/p>\n\n\n\n<p>Ich gebe San Sebastian ins Navi ein und entscheide mich nat\u00fcrlich f\u00fcr die Route an der K\u00fcste entlang. Habe ich erw\u00e4hnt, dass die K\u00fcste hier wirklich verdammt sch\u00f6n ist? Die Fahrt l\u00e4sst meine Laune schon von der Aussicht wieder steigen. Gesellschaft kriege ich auch von einem Tramper, der allerdings auch eher franz\u00f6sisch spricht als spanisch. Im St\u00e4dtchen Ondarroa will ich eine Pause einlegen, vielleicht sogar die Nacht hier verbringen. Scheitern tut das dann leider an der Verkehrssituation der Stadt. Keine Chance auf einen legalen Parkplatz! Ich mache etwa eine Stunde halt auf der Busspur und gucke mich zu Fu\u00df etwas um. Ganz h\u00fcbsch, aber totales Verkehrschaos, ich bin nicht der einzige, der keinen Parkplatz findet und die Leute halten halt einfach irgendwo. Da es auf der Busspur nun auch nicht so entspannt ist, fahre ich weiter. Schade eigentlich! Kurz stoppe ich noch auf einem Strandparkplatz an der Strecke, aber irgendwie gef\u00e4llt mir das auch nicht wirklich. Also weiter!<\/p>\n\n\n\n<figure class=\"wp-block-image size-large\"><img loading=\"lazy\" decoding=\"async\" width=\"1024\" height=\"768\" src=\"http:\/\/mobilaner.de\/blog\/wp-content\/uploads\/2021\/01\/IMG_8767-1024x768.jpg\" alt=\"\" class=\"wp-image-786\" srcset=\"https:\/\/mobilaner.de\/blog\/wp-content\/uploads\/2021\/01\/IMG_8767-scaled.jpg 1024w, https:\/\/mobilaner.de\/blog\/wp-content\/uploads\/2021\/01\/IMG_8767-300x225.jpg 300w, https:\/\/mobilaner.de\/blog\/wp-content\/uploads\/2021\/01\/IMG_8767-768x576.jpg 768w, https:\/\/mobilaner.de\/blog\/wp-content\/uploads\/2021\/01\/IMG_8767-1536x1152.jpg 1536w, https:\/\/mobilaner.de\/blog\/wp-content\/uploads\/2021\/01\/IMG_8767-2048x1536.jpg 2048w, https:\/\/mobilaner.de\/blog\/wp-content\/uploads\/2021\/01\/IMG_8767-80x60.jpg 80w\" sizes=\"auto, (max-width: 1024px) 100vw, 1024px\" \/><\/figure>\n\n\n\n<p>San Sebastian ist im Tageslicht kaum noch zu schaffen und mir ist nicht wirklich nach erneut stundenlanger Parkplatzsuche, also stoppe ich in einer kleinen Stadt etwa 12 Kilometer vorher. Ein Parkplatz findet sich gegen\u00fcber einer Schule, recht zentral. Nach etwa 3 Runden zu Fu\u00df durch die Stadt \u00fcberwinde ich mich und betrete die Kneipe mit der besten Musik und den interessantesten Gesichtern. Eine Weile sitze ich alleine am Tresen und komme mir ziemlich doof dabei vor, als mich dann doch eine Frau ins Gespr\u00e4ch verwickelt und so lerne ich dann doch noch so einige spannende Menschen kennen an diesem Abend und es wird sp\u00e4t und witzig!<\/p>\n\n\n\n<figure class=\"wp-block-image size-large\"><img loading=\"lazy\" decoding=\"async\" width=\"1024\" height=\"768\" src=\"http:\/\/mobilaner.de\/blog\/wp-content\/uploads\/2021\/01\/IMG_8770-1024x768.jpg\" alt=\"\" class=\"wp-image-787\" srcset=\"https:\/\/mobilaner.de\/blog\/wp-content\/uploads\/2021\/01\/IMG_8770-scaled.jpg 1024w, https:\/\/mobilaner.de\/blog\/wp-content\/uploads\/2021\/01\/IMG_8770-300x225.jpg 300w, https:\/\/mobilaner.de\/blog\/wp-content\/uploads\/2021\/01\/IMG_8770-768x576.jpg 768w, https:\/\/mobilaner.de\/blog\/wp-content\/uploads\/2021\/01\/IMG_8770-1536x1152.jpg 1536w, https:\/\/mobilaner.de\/blog\/wp-content\/uploads\/2021\/01\/IMG_8770-2048x1536.jpg 2048w, https:\/\/mobilaner.de\/blog\/wp-content\/uploads\/2021\/01\/IMG_8770-80x60.jpg 80w\" sizes=\"auto, (max-width: 1024px) 100vw, 1024px\" \/><\/figure>\n\n\n\n<p>Gegen fr\u00fchen Nachmittag starte ich dann noch das letzte St\u00fcck nach San Sebastian, wo ich am Strand abparke und erstmal den heftigen Regen abwarte, bevor ich noch einmal um den Block laufe um noch etwas einzukaufen. Da die Variante Menschen in Kneipen kennenzulernen nur maximal 2 Abende nacheinander funktioniert, es sei denn, ich bin irgendwann mal so sicher, dass ich da ganz entspannt ein Glas Orangensaft am Tresen bestelle, wird das heute auf jeden Fall ein ruhiger Abend alleine. Und ohne Bier! Also kann ich eigentlich auch gleich aufbrechen. Also Bus wieder an und in Spanien noch schnell f\u00fcr 90 Cent den Tank vollgemacht und r\u00fcber nach Frankreich. Bis so 70 km vor Bordeaux komme ich noch, dann soll das reichen. Ich suche mir wieder einen Supermarktparkplatz in der Hoffnung auf offenes w-lan, aber leider nix.<\/p>\n\n\n\n<figure class=\"wp-block-image size-large\"><img loading=\"lazy\" decoding=\"async\" width=\"768\" height=\"1024\" src=\"http:\/\/mobilaner.de\/blog\/wp-content\/uploads\/2021\/01\/IMG_8769-768x1024.jpg\" alt=\"\" class=\"wp-image-788\" srcset=\"https:\/\/mobilaner.de\/blog\/wp-content\/uploads\/2021\/01\/IMG_8769-scaled.jpg 768w, https:\/\/mobilaner.de\/blog\/wp-content\/uploads\/2021\/01\/IMG_8769-225x300.jpg 225w, https:\/\/mobilaner.de\/blog\/wp-content\/uploads\/2021\/01\/IMG_8769-1152x1536.jpg 1152w, https:\/\/mobilaner.de\/blog\/wp-content\/uploads\/2021\/01\/IMG_8769-1536x2048.jpg 1536w, https:\/\/mobilaner.de\/blog\/wp-content\/uploads\/2021\/01\/IMG_8769-45x60.jpg 45w\" sizes=\"auto, (max-width: 768px) 100vw, 768px\" \/><\/figure>\n","protected":false},"excerpt":{"rendered":"<p>Ein Tag Santander soll auch erstmal reichen, weiter geht es an der wirklich sehr sch\u00f6nen K\u00fcste entlang bis nach Bilbao! Ich habe schon oft geh\u00f6rt, dass Bilbao spannend sein soll, also muss ich mir das ja nun mal selbst angucken. Tats\u00e4chlich ist es erstmal spannend, ob es hier f\u00fcr die gute Oma Duck und mich &hellip; <\/p>\n","protected":false},"author":3,"featured_media":784,"comment_status":"open","ping_status":"open","sticky":false,"template":"","format":"standard","meta":{"_stopmodifiedupdate":false,"_modified_date":"","footnotes":""},"categories":[18,19],"tags":[],"class_list":["post-783","post","type-post","status-publish","format-standard","has-post-thumbnail","hentry","category-touren","category-tour-2015-2016"],"_links":{"self":[{"href":"https:\/\/mobilaner.de\/blog\/wp-json\/wp\/v2\/posts\/783","targetHints":{"allow":["GET"]}}],"collection":[{"href":"https:\/\/mobilaner.de\/blog\/wp-json\/wp\/v2\/posts"}],"about":[{"href":"https:\/\/mobilaner.de\/blog\/wp-json\/wp\/v2\/types\/post"}],"author":[{"embeddable":true,"href":"https:\/\/mobilaner.de\/blog\/wp-json\/wp\/v2\/users\/3"}],"replies":[{"embeddable":true,"href":"https:\/\/mobilaner.de\/blog\/wp-json\/wp\/v2\/comments?post=783"}],"version-history":[{"count":1,"href":"https:\/\/mobilaner.de\/blog\/wp-json\/wp\/v2\/posts\/783\/revisions"}],"predecessor-version":[{"id":791,"href":"https:\/\/mobilaner.de\/blog\/wp-json\/wp\/v2\/posts\/783\/revisions\/791"}],"wp:featuredmedia":[{"embeddable":true,"href":"https:\/\/mobilaner.de\/blog\/wp-json\/wp\/v2\/media\/784"}],"wp:attachment":[{"href":"https:\/\/mobilaner.de\/blog\/wp-json\/wp\/v2\/media?parent=783"}],"wp:term":[{"taxonomy":"category","embeddable":true,"href":"https:\/\/mobilaner.de\/blog\/wp-json\/wp\/v2\/categories?post=783"},{"taxonomy":"post_tag","embeddable":true,"href":"https:\/\/mobilaner.de\/blog\/wp-json\/wp\/v2\/tags?post=783"}],"curies":[{"name":"wp","href":"https:\/\/api.w.org\/{rel}","templated":true}]}}