{"id":820,"date":"2016-04-06T19:15:00","date_gmt":"2016-04-06T17:15:00","guid":{"rendered":"http:\/\/mobilaner.de\/blog\/?p=820"},"modified":"2021-01-13T19:30:36","modified_gmt":"2021-01-13T18:30:36","slug":"auf-auf-europa-ruft","status":"publish","type":"post","link":"https:\/\/mobilaner.de\/blog\/2016\/04\/06\/auf-auf-europa-ruft\/","title":{"rendered":"Auf auf, Europa ruft!"},"content":{"rendered":"\n<p>Die letzten Tage auf dem H\u00fcgel verliefen dann eher unspektakul\u00e4r, mich hat auch eine Erk\u00e4ltung gut erwischt, so dass ich den n\u00e4chsten Tag einfach mal praktisch komplett im Bett geblieben bin. Den Tag drauf ging es dann wieder etwas besser, also haben wir die Gelegenheit genutzt und sind ins 30 km entfernte Azilal auf den w\u00f6chentlichen Souk (Markt) gefahren. Wir haben uns eine ganze Weile durch das reichliche Gewusel geschoben, aber von dem, was ich auf dem Zettel hatte, fand ich kaum etwas. Einiges war mir auch einfach zu anstrengend, z.B. frische Gew\u00fcrze einkaufen macht mit dichter Nase und dichtem Kopf einfach keinen Spa\u00df. Trotzdem bin ich nicht ganz mit leeren H\u00e4nden zur\u00fcckgekommen, so dass der Ausflug sich schon gelohnt hat.<\/p>\n\n\n\n<p>Am Freitag dann war Aufbruch angesagt! Nach gem\u00fctlichem Fr\u00fchst\u00fcck, nochmal den Rest der marokkanischen Gasflasche umf\u00fcllen und einer entspannten Dusche ging es dann irgendwann gegen Mittag los, \u00fcber Ouzoud nordw\u00e4rts durch die Berge bis zur Nationalstra\u00dfe. Die Stra\u00dfe durch die Berge zog sich unerwartet lange hin, au\u00dferdem wird sie grade erneuert, so dass sie an den meisten Stellen nur aus Schotter besteht. Daf\u00fcr kam uns eigentlich kein Gegenverkehr entgegen, nur ab und an werkelten gro\u00dfe Baumaschinen und verschoben Steine. Dementsprechend langsam, aber recht angenehm kamen wir voran. Endlich auf der Nationalstra\u00dfe fuhr ich erstmal eine Tanke an, der Sprit ging schon bedenklich zur Neige. Hier verabschiedete sich Kalle, der in die andere Richtung nach Marrakesh weiter wollte und von hier einfach einen vorbeifahrenden Linienbus anhielt. Ich wollte der Oma Duck noch was gutes tun und habe nach dem Tanken noch gebeten, das Auto einmal zu waschen. Immerhin hing da noch einiges an Pistenstaub dran und das letzte Mal waschen ist wohl auch schon eher seeeehr lange her&#8230;<\/p>\n\n\n\n<figure class=\"wp-block-image size-large\"><img loading=\"lazy\" decoding=\"async\" width=\"1024\" height=\"768\" src=\"http:\/\/mobilaner.de\/blog\/wp-content\/uploads\/2021\/01\/IMG_8635-1-1024x768.jpg\" alt=\"\" class=\"wp-image-821\" srcset=\"https:\/\/mobilaner.de\/blog\/wp-content\/uploads\/2021\/01\/IMG_8635-1-scaled.jpg 1024w, https:\/\/mobilaner.de\/blog\/wp-content\/uploads\/2021\/01\/IMG_8635-1-300x225.jpg 300w, https:\/\/mobilaner.de\/blog\/wp-content\/uploads\/2021\/01\/IMG_8635-1-768x576.jpg 768w, https:\/\/mobilaner.de\/blog\/wp-content\/uploads\/2021\/01\/IMG_8635-1-1536x1152.jpg 1536w, https:\/\/mobilaner.de\/blog\/wp-content\/uploads\/2021\/01\/IMG_8635-1-2048x1536.jpg 2048w, https:\/\/mobilaner.de\/blog\/wp-content\/uploads\/2021\/01\/IMG_8635-1-80x60.jpg 80w\" sizes=\"auto, (max-width: 1024px) 100vw, 1024px\" \/><\/figure>\n\n\n\n<p>Der nette Junge wollte zuerst das Cockpit mit Druckluft auspusten. Auch sch\u00f6n, warum nicht? Ich hatte das Gef\u00fchl, dass er einen nicht unwesentlichen Teil der Sahara aus Teppich und Sitzpolstern gepustet hat! Danach ging es dann mit dem Hochdruckreiniger ans Blech, wobei er auch recht gr\u00fcndlich zu werke ging. Auch Unterboden, Radk\u00e4sten und unter der Motorhaube wurden mitgenommen. Als er damit durch war, dachte ich, das w\u00e4re es jetzt, da kam der Eimer mit Seifenlauge und der Besen zum Einsatz und als er halb rum war, fing ein zweiter an, wieder mit dem Hochdruckreiniger die Seife herunterzusp\u00fclen. Danach alles nochmal von vorne und dann wurden Fenster und Spiegel geputzt und poliert, die Fenster nat\u00fcrlich auch von innen. Wow, ich hatte an einmal den groben Dreck absp\u00fclen gedacht, gef\u00fchlt waren die vielleicht eine knappe Stunde an meinem Auto zugange. Als es dann ans trockenpolieren ging, habe ich die Aktion abgebrochen, ist ja schlie\u00dflich kein Neuwagen und gl\u00e4nzen tut er auch so schon wieder reichlich. Das hat sich gelohnt! Gekostet hat mich die ganze Aktion dann 40 Dirham, also knapp 4 Euro. Ich wollte ihnen 50 geben, aber keine Chance! Das R\u00fcckgeld hat er mir ins Auto gelegt.<\/p>\n\n\n\n<figure class=\"wp-block-image size-large\"><img loading=\"lazy\" decoding=\"async\" width=\"1024\" height=\"768\" src=\"http:\/\/mobilaner.de\/blog\/wp-content\/uploads\/2021\/01\/IMG_8637-1-1024x768.jpg\" alt=\"\" class=\"wp-image-822\" srcset=\"https:\/\/mobilaner.de\/blog\/wp-content\/uploads\/2021\/01\/IMG_8637-1-scaled.jpg 1024w, https:\/\/mobilaner.de\/blog\/wp-content\/uploads\/2021\/01\/IMG_8637-1-300x225.jpg 300w, https:\/\/mobilaner.de\/blog\/wp-content\/uploads\/2021\/01\/IMG_8637-1-768x576.jpg 768w, https:\/\/mobilaner.de\/blog\/wp-content\/uploads\/2021\/01\/IMG_8637-1-1536x1152.jpg 1536w, https:\/\/mobilaner.de\/blog\/wp-content\/uploads\/2021\/01\/IMG_8637-1-2048x1536.jpg 2048w, https:\/\/mobilaner.de\/blog\/wp-content\/uploads\/2021\/01\/IMG_8637-1-80x60.jpg 80w\" sizes=\"auto, (max-width: 1024px) 100vw, 1024px\" \/><\/figure>\n\n\n\n<p>Weiter ging es mit vollem Tank und gl\u00e4nzendem Blech nordw\u00e4rts. Komisch, das erste Mal wirklich allein in Marokko unterwegs. Kein anderer Bus vor oder hinter mir und kein Beifahrer. Gut, ein St\u00fcck weit hatte ich immerhin drei marokkanische Tramper im Auto, was aber, grade mit noch leicht dickem Kopf und ohne Sprachkenntnisse, f\u00fcr mich auch eher anstrengend war.<\/p>\n\n\n\n<p>Ich war noch immer relativ fr\u00fch dran, so stoppte ich in Oued Zem, was sich als gar nicht so kleine Stadt rausstellte. Brot, Cola, Zitronen standen auf der Einkaufsliste und da ich ja noch Zeit habe, wollte ich mir auch einen kleinen Stadtbummel g\u00f6nnen. Kaum die Oma Duck am Stra\u00dfenrand geparkt und ausgestiegen, schon im Gespr\u00e4ch. Ein \u00e4lterer Mann spricht gut Englisch und freut sich \u00fcber neue Gesichter. Au\u00dferdem verkauft seine Frau am Stra\u00dfenrand Brot: Praktisch, so habe ich schon mal den Punkt erledigt. Nach einer Weile kann ich mich aber doch losrei\u00dfen und noch einen kleinen Gang durch die Stadt machen. Es kommt mir recht angenehm wenig touristisch vor, aber grade dann f\u00e4llt man als einzelner Europ\u00e4er nat\u00fcrlich besonders auf und wird st\u00e4ndig angesprochen und rangerufen. M\u00f6glich, dass sie alle nur neugierig waren und sich nett unterhalten wollten, mir war es in meinem Zustand grade etwas viel, so dass ich immer freundlich ablehnte und weiterging. Wieder am Bus kam ich nat\u00fcrlich nicht um ein weiteres Gespr\u00e4ch mit dem schon bekannten Mann herum, verzog mich aber doch recht schnell in den Bus um mich auszuruhen. Sp\u00e4ter wurden noch kleine Geschenke ausgetauscht und um eine Einladung zum Tee und zum Couscous essen habe ich mich dann unh\u00f6flicher Weise gedr\u00fcckt. Die Sonne steht schon tief, ich muss ja noch weiter! N\u00e4chstes Mal komme ich ganz sicher zur\u00fcck und dann trinken wir Tee und essen Couscous! Inshallah&#8230;<\/p>\n\n\n\n<p>N\u00e4chster Programmpunkt: Einen geeigneten Pennplatz finden. Erstmal die Stadt ausreichend weit hinter mir lassen, dann mal sehen, was sich links oder rechts so finden l\u00e4sst. Es wurde dann tats\u00e4chlich etwas schwierig, da die ganze Gegend einfach reichlich flach ist, mein Bus w\u00e4re ewig weit zu sehen, was ich vermeiden m\u00f6chte. Irgendwann wird es h\u00fcgeliger, aber auch nur sanft. Ich fahre und fahre und die Sonne sinkt und sinkt. Ich teste Abzweigungen, finde aber nichts, was einen vielversprechenden Eindruck macht. Dann, als es schon in Richtung Sonnenuntergang geht, kommt eine Piste nach rechts, der ich folge. Was bleibt mir \u00fcbrig. Zum Gl\u00fcck schl\u00e4ngelt sie sich \u00fcber Kilometer durch die H\u00fcgel und es wird auch etwas einsamer. Ich finde einen Platz neben der Piste, der es dann wird! Abends kommt hier sicher nicht mehr viel vorbei und am n\u00e4chsten Morgen&#8230; naja, sehen wir dann. Auch ein komisches Gef\u00fchl, das erste Mal ein Nachtlager komplett alleine. Internetempfang gibt es hier auch nicht, also schnell die Linsensuppe vom Vortag aufgew\u00e4rmt und mit hei\u00dfer Zitrone und W\u00e4rmflasche ins Bett.<\/p>\n\n\n\n<figure class=\"wp-block-image size-large\"><img loading=\"lazy\" decoding=\"async\" width=\"1024\" height=\"768\" src=\"http:\/\/mobilaner.de\/blog\/wp-content\/uploads\/2021\/01\/IMG_8639-1024x768.jpg\" alt=\"\" class=\"wp-image-823\" srcset=\"https:\/\/mobilaner.de\/blog\/wp-content\/uploads\/2021\/01\/IMG_8639-scaled.jpg 1024w, https:\/\/mobilaner.de\/blog\/wp-content\/uploads\/2021\/01\/IMG_8639-300x225.jpg 300w, https:\/\/mobilaner.de\/blog\/wp-content\/uploads\/2021\/01\/IMG_8639-768x576.jpg 768w, https:\/\/mobilaner.de\/blog\/wp-content\/uploads\/2021\/01\/IMG_8639-1536x1152.jpg 1536w, https:\/\/mobilaner.de\/blog\/wp-content\/uploads\/2021\/01\/IMG_8639-2048x1536.jpg 2048w, https:\/\/mobilaner.de\/blog\/wp-content\/uploads\/2021\/01\/IMG_8639-80x60.jpg 80w\" sizes=\"auto, (max-width: 1024px) 100vw, 1024px\" \/><\/figure>\n\n\n\n<p>Auch am n\u00e4chsten Morgen bleibt es verh\u00e4ltnism\u00e4\u00dfig ruhig, ich mache mir nen ganz langsamen, gem\u00fctlichen Morgen. Es sind ja nur noch so 140 km bis Rabat und weiter will ich ja gar nicht. Zeit f\u00fcr so unsch\u00f6ne Kleinigkeiten wie K\u00fcche putzen&#8230; Als ich dann wieder auf der Piste bin, nehme ich noch einen jungen Mann mit, der um einen Lift bittet. Er scheint stumm zu sein, gestikuliert daf\u00fcr aber um so wilder mit den H\u00e4nden. Fast egal, wie man hier mit mir redet, ich verstehe mal wieder nichts&#8230; schade! Aber freundlich scheint er zu sein. Der Witz kommt allerdings dann, als er mir am Ende seine Telefonnummer gibt. Kommunikationsversuche k\u00f6nnen schon merkw\u00fcrdig sein!<\/p>\n\n\n\n<p>Einige Kilometer weiter in Rommani will ich eine l\u00e4ngere Mittagspause machen und parke auf einem gr\u00f6\u00dferen Platz. Als ich grade essen will, klopfen einige gut gekleidete Kids auf Fahrr\u00e4dern an den Bus und fragen mich nach Geld. Ganz bestimmt gebe ich irgendwelchen bettelnden Mittelklassekids hier kein Geld. Es kommen aber immer mehr, wollen sich mit mir unterhalten und im Grunde doch nur, dass ich ihnen was gebe. Etwas von meinem Essen biete ich ihnen an, aber das ist nicht gut genug. Geld soll es sein! Als ich das Gespr\u00e4ch abbreche und versuche, mich auf mein Essen zu konzentrieren, fahren sie erst noch gr\u00f6lend mit ihren R\u00e4dern um den Bus, danach entfernen sie sich erst, um dann den Bus aus der Entfernung mit Steinen zu beschmei\u00dfen. Gut, jetzt reichts, da kann ich nur noch schnell fl\u00fcchten, anders werde ich die wohl nicht los. Die Laune ist im Keller, mehrere Tramper haben dann leider Pech, heute nehme ich bestimmt keinen mehr mit. Um mit so Kids umgehen zu k\u00f6nnen, muss man ein Talent haben, was mir auf jeden Fall fehlt. Wenn ich einen von denen zu fassen gekriegt h\u00e4tte, w\u00e4re das vermutlich unsch\u00f6n geworden. Wohl besser so, dass ich abgehauen bin.<\/p>\n\n\n\n<p>Weiter geht\u2019s nach Rabat und in den chaotischen Gro\u00dfstadtverkehr, was mich auch nochmal immens stresst. Ich komme nun mal aus der Provinz, ich kenne solche Sachen wie mehrspurige Kreisverkehre einfach nicht und habe keinen Schimmer, wie man die offiziell benutzt. Und hier ist das alles nochmal verwirrender. Mal halten die Autos vor dem Kreisverkehr (sieht f\u00fcr mich erstmal richtig aus), manchmal halten sie aber auch im Kreis an, um einen Schwung Autos reinzulassen. Was wei\u00df denn ich? Ich fahre hier nach Gef\u00fchl und wenn irgendwo wer kommt der schneller oder gr\u00f6\u00dfer ist, dann halte ich lieber an, egal wo. Hat mir auch schon sehr b\u00f6se Blicke auch von Verkehrspolizisten eingebracht, aber besser so, als wenn mir nachher ein Auto in der Seite sitzt. Trotzdem bleiben Kreisverkehre hier f\u00fcr mich Horror.<\/p>\n\n\n\n<p>Ich finde einen Parkplatz direkt an einem solchen Horrorkreisverkehr aber mit Blick aufs Meer, wo ich auf Jonas warten kann, der auch bald auftauchen m\u00fcsste. Tut er auch, keine halbe Stunde sp\u00e4ter. Sch\u00f6ne Sache! Wir wollen noch schnell einen anderen Parkplatz ansteuern, der ihm empfohlen wurde, also nochmal rein in die Busse und ein kleines St\u00fcckchen fahren. Besagter Parkplatz sollte dann aber reichlich Geld kosten, also doch besser nicht und alles wieder zur\u00fcck&#8230;<\/p>\n\n\n\n<p>Kaum stehen wir wieder da und haben uns grade f\u00fcrs Willkommensbierchen zur\u00fcckgezogen, taucht ein Polizist auf um uns zu erz\u00e4hlen, dass wir mit Wohnmobilen hier nicht stehen d\u00fcrfen. Och nee&#8230;. Wo denn dann, fragt ihn Jonas und er erz\u00e4hlt ihm wohl, dass wir ein St\u00fcckchen weiter stehen d\u00fcrften, da sei es auch sehr sch\u00f6n. Naja, hilft ja nix, weg m\u00fcssen wir hier wohl auf jeden Fall und gucken k\u00f6nnen wir ja mal. Dabei haben wir eigentlich beide von Rabat jetzt schon genug.<\/p>\n\n\n\n<figure class=\"wp-block-image size-large\"><img loading=\"lazy\" decoding=\"async\" width=\"1024\" height=\"768\" src=\"http:\/\/mobilaner.de\/blog\/wp-content\/uploads\/2021\/01\/IMG_8644-1024x768.jpg\" alt=\"\" class=\"wp-image-824\" srcset=\"https:\/\/mobilaner.de\/blog\/wp-content\/uploads\/2021\/01\/IMG_8644-scaled.jpg 1024w, https:\/\/mobilaner.de\/blog\/wp-content\/uploads\/2021\/01\/IMG_8644-300x225.jpg 300w, https:\/\/mobilaner.de\/blog\/wp-content\/uploads\/2021\/01\/IMG_8644-768x576.jpg 768w, https:\/\/mobilaner.de\/blog\/wp-content\/uploads\/2021\/01\/IMG_8644-1536x1152.jpg 1536w, https:\/\/mobilaner.de\/blog\/wp-content\/uploads\/2021\/01\/IMG_8644-2048x1536.jpg 2048w, https:\/\/mobilaner.de\/blog\/wp-content\/uploads\/2021\/01\/IMG_8644-80x60.jpg 80w\" sizes=\"auto, (max-width: 1024px) 100vw, 1024px\" \/><\/figure>\n\n\n\n<p>Erstaunlicherweise ist besagter Platz sowohl wirklich sch\u00f6n, als auch nicht weit weg, einen kleinen Sandweg hinter einen alten Bunker reingefahren und da stellen wir uns einfach direkt an die Klippen. Kein offizieller Parkplatz, also auch keine Kosten. Die Stra\u00dfe ist ausreichend weit weg um nicht zu nerven, daf\u00fcr das Meer direkt da. Und zum endlich wohlverdienten Willkommens- und Feierabendbier geht die Sonne in leuchtendstem Rot hinter den Bussen im Wasser unter. Da haben wir doch wirklich nochmal einen schicken Stellplatz mitten in der Hauptstadt aufgetan! Nach dem Essen spielen wir noch ein, zwei R\u00fcndchen Backgammon und dann ist auch Feierabend!<\/p>\n\n\n\n<p>Zum Fr\u00fchst\u00fcck sitzen wir bei offener Heckt\u00fcr auf der Trittstufe von Oma Duck und gucken aufs Meer, dass uns, um den Kitsch perfekt zu machen, noch mit einer springenden Meute Delphine unterh\u00e4lt. H\u00e4tten wir es nicht irgendwie eilig, wir w\u00fcrden beide einfach noch einen Tag hierbleiben.<\/p>\n\n\n\n<figure class=\"wp-block-image size-large\"><img loading=\"lazy\" decoding=\"async\" width=\"768\" height=\"1024\" src=\"http:\/\/mobilaner.de\/blog\/wp-content\/uploads\/2021\/01\/IMG_8647-768x1024.jpg\" alt=\"\" class=\"wp-image-825\" srcset=\"https:\/\/mobilaner.de\/blog\/wp-content\/uploads\/2021\/01\/IMG_8647-scaled.jpg 768w, https:\/\/mobilaner.de\/blog\/wp-content\/uploads\/2021\/01\/IMG_8647-225x300.jpg 225w, https:\/\/mobilaner.de\/blog\/wp-content\/uploads\/2021\/01\/IMG_8647-1152x1536.jpg 1152w, https:\/\/mobilaner.de\/blog\/wp-content\/uploads\/2021\/01\/IMG_8647-1536x2048.jpg 1536w, https:\/\/mobilaner.de\/blog\/wp-content\/uploads\/2021\/01\/IMG_8647-45x60.jpg 45w\" sizes=\"auto, (max-width: 768px) 100vw, 768px\" \/><\/figure>\n\n\n\n<p>Doch wir wollen den Tag lieber in Assilah nutzen und g\u00f6nnen uns f\u00fcr die 200 km bis dahin mal dekadent die Maut-Autobahn. \u00dcber die Landtrasse w\u00fcrden wir vermutlich doppelt so lange brauchen und die knapp 100 Dirham h\u00e4tte uns unterwegs irgendein Verkehrspolizist wahrscheinlich eh dreimal abgekn\u00f6pft. Die K\u00fcste ist zum Touris ausnehmen da, das machen die Verkehrspolizisten hier nicht anders.<\/p>\n\n\n\n<p>In Assilah steuern wir direkt einen Campingplatz an. Einmal duschen und Wasser auff\u00fcllen und in Ruhe stehen wollen wir uns auch g\u00f6nnen. Es gibt zwei Pl\u00e4tze direkt nebeneinander. Einer voll, einer leer. Wir nehmen nat\u00fcrlich den leeren, stehen auf sch\u00f6n gr\u00fcnem Rasen f\u00fcr 50 Dirham incl. Dusche. Der F\u00fcnfer ist mir das auch wert. Warum der Platz hier leer und der andere voll ist, wird uns nicht klar. Assilah hat eine wirklich sch\u00f6ne Altstadt, die nat\u00fcrlich auch recht touristisch ist, aber trotzdem mach der Spaziergang hier Spa\u00df! Kleine Gassen, kleine L\u00e4den, alte Geb\u00e4ude und eine dicke Stadtmauer. Die Stadt hat nicht erst seit gestern Geld, hier ist mal viel gemacht worden.<\/p>\n\n\n\n<p>Wir haben beide noch so einiges auf dem Zettel, von Aufstocken der Gew\u00fcrzvorr\u00e4te bis Mitbringsel shoppen. Als uns der Hunger \u00fcberkommt, setzen wir uns in ein Stra\u00dfencaf\u00e9, essen Couscous, trinken Tee und gucken Menschen. So verfliegt der Tag und wir kommen irgendwann mit schweren Rucks\u00e4cken und ersch\u00f6pft wieder am Campingplatz an. Der Abend wird kurz, da es am Morgen m\u00f6glichst fr\u00fch losgehen soll. Keine Hektik, aber wenn es klappt, wollen wir gerne die 13 Uhr F\u00e4hre in Tanger Med erreichen und dazu sollten wir wohl gut 2 Stunden vorher da sein. Tats\u00e4chlich kommen wir, ohne uns zu stressen, fr\u00fch genug los, dass es realistisch scheint. Kurz vor Tanger Med tanken wir die Busse nochmal voll, Dirham habe ich noch und in Europa ist der Diesel sicherlich teurer. Die Verbrauchswerte von Oma Duck bleiben mysteri\u00f6s, ich werde am Ende einfach mal einen Durchschnittswert ermitteln.<\/p>\n\n\n\n<p>An der F\u00e4hre ist erstaunlich wenig los, so dass wir wohl tats\u00e4chlich die 13 Uhr F\u00e4hre kriegen. Auf den Tickets steht dann auch 13.30 Uhr, also wird das passen. Wir begeben uns in die Schlange und kommen ganz gut voran. Hier mal eine Passkontrolle, dann dort die Tickets vorzeigen. Dann der Zoll, der die Einreisepapiere f\u00fcr die Busse sehen will. Dann m\u00fcssen wir uns in einer Reihe hinstellen, die Busse verlassen und sie fahren mit einem riesigen LKW mit Scannerb\u00fcgel an den Autos vorbei und durchleuchten diese, ob sich keine weiteren Menschen darin verstecken. Festung Europa l\u00e4sst gr\u00fc\u00dfen! In Marokko k\u00f6nnen Fl\u00fcchtlinge ja einfach zur\u00fcckgeschickt werden, in Spanien h\u00e4tten sie dann ein Recht auf ein Asylverfahren. Also blo\u00df alle vorher abfangen. Aber als Europ\u00e4er hat man nat\u00fcrlich Reisefreiheit. Es ist alles so perfide menschenverachtend, ohne dass sich hier irgendwer dar\u00fcber aufregt. Aber ich bin ja auch still und freue mich auf die F\u00e4hre zu kommen. Ein reichlich schales Gef\u00fchl hinterl\u00e4sst es aber doch.<\/p>\n\n\n\n<figure class=\"wp-block-image size-large\"><img loading=\"lazy\" decoding=\"async\" width=\"1024\" height=\"768\" src=\"http:\/\/mobilaner.de\/blog\/wp-content\/uploads\/2021\/01\/IMG_8656-1024x768.jpg\" alt=\"\" class=\"wp-image-826\" srcset=\"https:\/\/mobilaner.de\/blog\/wp-content\/uploads\/2021\/01\/IMG_8656-scaled.jpg 1024w, https:\/\/mobilaner.de\/blog\/wp-content\/uploads\/2021\/01\/IMG_8656-300x225.jpg 300w, https:\/\/mobilaner.de\/blog\/wp-content\/uploads\/2021\/01\/IMG_8656-768x576.jpg 768w, https:\/\/mobilaner.de\/blog\/wp-content\/uploads\/2021\/01\/IMG_8656-1536x1152.jpg 1536w, https:\/\/mobilaner.de\/blog\/wp-content\/uploads\/2021\/01\/IMG_8656-2048x1536.jpg 2048w, https:\/\/mobilaner.de\/blog\/wp-content\/uploads\/2021\/01\/IMG_8656-80x60.jpg 80w\" sizes=\"auto, (max-width: 1024px) 100vw, 1024px\" \/><\/figure>\n\n\n\n<p>as Wetter ist st\u00fcrmisch und sehr bew\u00f6lkt. Ob es daran liegt, dass sich die ganze Abfahrt so hinzieht, wei\u00df ich nicht, aber als die 13 Uhr F\u00e4hre dann endlich ablegt, ist es bestimmt schon 15 Uhr durch. Ich liebe es ja, auf dem Wasser zu sein, so verbringe ich die meiste Zeit erstmal drau\u00dfen an Deck, da kann ich erstmal beobachten, wie die LKWs r\u00fcckw\u00e4rts in die F\u00e4hre geparkt werden und dann, wie die F\u00e4hre ein Tau vom Schlepper kriegt, der dann in dem Sturm beim Ausparken hilft. Sobald wir den Hafen verlassen haben, beginnt es anst\u00e4ndig zu regnen, aber auch das bringt mich erstmal noch nicht nach drinnen. Zu sch\u00f6n, wenn der Wind ins Gesicht peitscht und das ganze Schiff schwankt. Das Lotsenboot geht l\u00e4ngsseits und nimmt den Lotsen in deftigem Seegang wieder an Bord. Sowas k\u00f6nnte mir auch Spa\u00df machen!<\/p>\n\n\n\n<figure class=\"wp-block-image size-large\"><img loading=\"lazy\" decoding=\"async\" width=\"1024\" height=\"768\" src=\"http:\/\/mobilaner.de\/blog\/wp-content\/uploads\/2021\/01\/IMG_8664-1024x768.jpg\" alt=\"\" class=\"wp-image-827\" srcset=\"https:\/\/mobilaner.de\/blog\/wp-content\/uploads\/2021\/01\/IMG_8664-scaled.jpg 1024w, https:\/\/mobilaner.de\/blog\/wp-content\/uploads\/2021\/01\/IMG_8664-300x225.jpg 300w, https:\/\/mobilaner.de\/blog\/wp-content\/uploads\/2021\/01\/IMG_8664-768x576.jpg 768w, https:\/\/mobilaner.de\/blog\/wp-content\/uploads\/2021\/01\/IMG_8664-1536x1152.jpg 1536w, https:\/\/mobilaner.de\/blog\/wp-content\/uploads\/2021\/01\/IMG_8664-2048x1536.jpg 2048w, https:\/\/mobilaner.de\/blog\/wp-content\/uploads\/2021\/01\/IMG_8664-80x60.jpg 80w\" sizes=\"auto, (max-width: 1024px) 100vw, 1024px\" \/><\/figure>\n\n\n\n<p>Irgendwann wird es aber dann doch zu dolle und ohne vern\u00fcnftige Regenkleidung drau\u00dfen nicht mehr aushaltbar. Kurz vorm Anlegen gucke ich mit Jonas nochmal raus, aber da ist der Regen einfach zu stark.<\/p>\n\n\n\n<p>Sehr gespannt bin ich jetzt auf die spanische Kontrolle, hier wird sicherlich nochmal genauer geguckt, was jeder einzelne so im Auto hat.<\/p>\n\n\n\n<p>Tats\u00e4chlich schleicht die Polizei mit Hund um die Autos, in dem Kastenwagen vor mir wollen sie auch einmal grob \u00fcberall reingucken. Dann komme ich dran und sie winken mich einfach durch! Nichtmal einen Blick in den Bus, nichts! Ich bin \u00fcberrascht und erleichtert. Nicht, dass ich mir wegen irgendwas h\u00e4tte Sorgen machen m\u00fcssen, aber wenn sie wollen, kann sowas ja richtig nerven und aufhalten! Jonas kommt dann wenige Minuten sp\u00e4ter genauso durch. Wir, zumindest ich, passen wahrscheinlich so genau ins Klischee, dass es damit schon wieder unwahrscheinlich ist, dass wir tats\u00e4chlich irgendwas dabeihaben. Stimmt ja auch.<\/p>\n\n\n\n<figure class=\"wp-block-image size-large\"><img loading=\"lazy\" decoding=\"async\" width=\"1024\" height=\"768\" src=\"http:\/\/mobilaner.de\/blog\/wp-content\/uploads\/2021\/01\/IMG_8668-1024x768.jpg\" alt=\"\" class=\"wp-image-828\" srcset=\"https:\/\/mobilaner.de\/blog\/wp-content\/uploads\/2021\/01\/IMG_8668-scaled.jpg 1024w, https:\/\/mobilaner.de\/blog\/wp-content\/uploads\/2021\/01\/IMG_8668-300x225.jpg 300w, https:\/\/mobilaner.de\/blog\/wp-content\/uploads\/2021\/01\/IMG_8668-768x576.jpg 768w, https:\/\/mobilaner.de\/blog\/wp-content\/uploads\/2021\/01\/IMG_8668-1536x1152.jpg 1536w, https:\/\/mobilaner.de\/blog\/wp-content\/uploads\/2021\/01\/IMG_8668-2048x1536.jpg 2048w, https:\/\/mobilaner.de\/blog\/wp-content\/uploads\/2021\/01\/IMG_8668-80x60.jpg 80w\" sizes=\"auto, (max-width: 1024px) 100vw, 1024px\" \/><figcaption>Letzter Blick auf Marokko<\/figcaption><\/figure>\n\n\n\n<p>Europa empf\u00e4ngt uns hier erstmal mit einem anst\u00e4ndigen Weltuntergang. Scheibenwischer auf Stufe zwei, Heizung an um etwas zu trocknen und sehen kann man trotzdem nichts. Na super! Irgendwie finden wir den Ausgang und steuern erstmal Tarifa an. W\u00e4hrend der Fahrt wird der Regen ganz allm\u00e4hlich schw\u00e4cher, kurz hinter Tarifa fahren wir einen Strandparkplatz an und parken die Busse ab. Trotz Schilder, dass man hier nur bis 21 Uhr stehen darf, parken hier noch andere Mobile. F\u00fcr eine Nacht wird es gehen, Hauptsache erstmal nicht mehr in den Regen gucken m\u00fcssen. Wir machen zusammen leckere Bratkartoffeln mit Tofu und Gem\u00fcse und gucken ein paar Fotos dieser Reise. Meiner ersten Reise nach Marokko. Viel habe ich erlebt, viele tolle Menschen getroffen und viel faszinierende Natur gesehen. Marokko ist ein Land, an dem es sicherlich viel zu kritisieren gibt und das mich doch so herzlich empfangen hat.<\/p>\n\n\n\n<p>Aber noch ist die ganze Reise nicht beendet, von Tarifa nach Flensburg ist es noch ein ganzes St\u00fcck und auch da wird noch das ein oder andere zu erleben sein. Und solange ich mit Oma Duck auf Tour bin, werde ich hier auch weiterhin etwas dazu schreiben.<\/p>\n\n\n\n<figure class=\"wp-block-image size-large\"><img loading=\"lazy\" decoding=\"async\" width=\"1024\" height=\"768\" src=\"http:\/\/mobilaner.de\/blog\/wp-content\/uploads\/2021\/01\/IMG_8676-1-1024x768.jpg\" alt=\"\" class=\"wp-image-829\" srcset=\"https:\/\/mobilaner.de\/blog\/wp-content\/uploads\/2021\/01\/IMG_8676-1-scaled.jpg 1024w, https:\/\/mobilaner.de\/blog\/wp-content\/uploads\/2021\/01\/IMG_8676-1-300x225.jpg 300w, https:\/\/mobilaner.de\/blog\/wp-content\/uploads\/2021\/01\/IMG_8676-1-768x576.jpg 768w, https:\/\/mobilaner.de\/blog\/wp-content\/uploads\/2021\/01\/IMG_8676-1-1536x1152.jpg 1536w, https:\/\/mobilaner.de\/blog\/wp-content\/uploads\/2021\/01\/IMG_8676-1-2048x1536.jpg 2048w, https:\/\/mobilaner.de\/blog\/wp-content\/uploads\/2021\/01\/IMG_8676-1-80x60.jpg 80w\" sizes=\"auto, (max-width: 1024px) 100vw, 1024px\" \/><\/figure>\n\n\n\n<p>Tats\u00e4chlich bleiben wir den n\u00e4chsten Tag einfach noch da, schrauben nochmal an Jonas\u00b4 Lenkgetriebe rum und machen noch so Kleinigkeiten. Der Parkplatz wird \u00fcber den Tag bis aufs letzte voll und der Strand f\u00fcllt sich mit Kitern und Windsurfern. Jonas geht nat\u00fcrlich auch raus und ich bleibe am Bus und gucke mir das wilde treiben an, genie\u00dfe das besser werdende Wetter und unterhalte mich nett mit den anderen Leuten hier. Irgendwann steht pl\u00f6tzlich die Eva aus Wien neben mir, die wir in Tafraoute kennengelernt hatten. Es war klar, dass sie heute irgendwann \u00fcbersetzen wollte, aber dass sie uns nun ausgerechnet hier an dem Strand auftut, ist schon sch\u00f6n!<\/p>\n\n\n\n<p>Sp\u00e4ter fahren wir kurz noch nach Tarifa rein zum Einkaufen und verbringen dann den Abend mit Spaghetti, Bier und Skat spielen bis es irgendwann ganz sch\u00f6n sp\u00e4t ist. Jonas und Eva wollen am n\u00e4chsten Tag weiter nach Portugal und ich? Tja&#8230;. ich wei\u00df noch nicht so recht. Lust h\u00e4tte ich ja irgendwie auch. Deutschland und die dort auf mich wartenden Aufgaben sind ja noch etwas weit weg, da kommt es auf einen kleinen Schlenker doch nun auch nicht mehr an, oder? Wir werden sehen&#8230;.<\/p>\n\n\n\n<figure class=\"wp-block-image size-large\"><img loading=\"lazy\" decoding=\"async\" width=\"1024\" height=\"768\" src=\"http:\/\/mobilaner.de\/blog\/wp-content\/uploads\/2021\/01\/IMG_8682-1024x768.jpg\" alt=\"\" class=\"wp-image-830\" srcset=\"https:\/\/mobilaner.de\/blog\/wp-content\/uploads\/2021\/01\/IMG_8682-scaled.jpg 1024w, https:\/\/mobilaner.de\/blog\/wp-content\/uploads\/2021\/01\/IMG_8682-300x225.jpg 300w, https:\/\/mobilaner.de\/blog\/wp-content\/uploads\/2021\/01\/IMG_8682-768x576.jpg 768w, https:\/\/mobilaner.de\/blog\/wp-content\/uploads\/2021\/01\/IMG_8682-1536x1152.jpg 1536w, https:\/\/mobilaner.de\/blog\/wp-content\/uploads\/2021\/01\/IMG_8682-2048x1536.jpg 2048w, https:\/\/mobilaner.de\/blog\/wp-content\/uploads\/2021\/01\/IMG_8682-80x60.jpg 80w\" sizes=\"auto, (max-width: 1024px) 100vw, 1024px\" \/><\/figure>\n","protected":false},"excerpt":{"rendered":"<p>Die letzten Tage auf dem H\u00fcgel verliefen dann eher unspektakul\u00e4r, mich hat auch eine Erk\u00e4ltung gut erwischt, so dass ich den n\u00e4chsten Tag einfach mal praktisch komplett im Bett geblieben bin. Den Tag drauf ging es dann wieder etwas besser, also haben wir die Gelegenheit genutzt und sind ins 30 km entfernte Azilal auf den &hellip; <\/p>\n","protected":false},"author":3,"featured_media":821,"comment_status":"open","ping_status":"open","sticky":false,"template":"","format":"standard","meta":{"_stopmodifiedupdate":false,"_modified_date":"","footnotes":""},"categories":[18,19],"tags":[],"class_list":["post-820","post","type-post","status-publish","format-standard","has-post-thumbnail","hentry","category-touren","category-tour-2015-2016"],"_links":{"self":[{"href":"https:\/\/mobilaner.de\/blog\/wp-json\/wp\/v2\/posts\/820","targetHints":{"allow":["GET"]}}],"collection":[{"href":"https:\/\/mobilaner.de\/blog\/wp-json\/wp\/v2\/posts"}],"about":[{"href":"https:\/\/mobilaner.de\/blog\/wp-json\/wp\/v2\/types\/post"}],"author":[{"embeddable":true,"href":"https:\/\/mobilaner.de\/blog\/wp-json\/wp\/v2\/users\/3"}],"replies":[{"embeddable":true,"href":"https:\/\/mobilaner.de\/blog\/wp-json\/wp\/v2\/comments?post=820"}],"version-history":[{"count":1,"href":"https:\/\/mobilaner.de\/blog\/wp-json\/wp\/v2\/posts\/820\/revisions"}],"predecessor-version":[{"id":831,"href":"https:\/\/mobilaner.de\/blog\/wp-json\/wp\/v2\/posts\/820\/revisions\/831"}],"wp:featuredmedia":[{"embeddable":true,"href":"https:\/\/mobilaner.de\/blog\/wp-json\/wp\/v2\/media\/821"}],"wp:attachment":[{"href":"https:\/\/mobilaner.de\/blog\/wp-json\/wp\/v2\/media?parent=820"}],"wp:term":[{"taxonomy":"category","embeddable":true,"href":"https:\/\/mobilaner.de\/blog\/wp-json\/wp\/v2\/categories?post=820"},{"taxonomy":"post_tag","embeddable":true,"href":"https:\/\/mobilaner.de\/blog\/wp-json\/wp\/v2\/tags?post=820"}],"curies":[{"name":"wp","href":"https:\/\/api.w.org\/{rel}","templated":true}]}}