{"id":948,"date":"2016-02-25T22:36:00","date_gmt":"2016-02-25T21:36:00","guid":{"rendered":"http:\/\/mobilaner.de\/blog\/?p=948"},"modified":"2021-01-15T00:07:15","modified_gmt":"2021-01-14T23:07:15","slug":"die-grosse-sandkistentour","status":"publish","type":"post","link":"https:\/\/mobilaner.de\/blog\/2016\/02\/25\/die-grosse-sandkistentour\/","title":{"rendered":"Die gro\u00dfe Sandkistentour"},"content":{"rendered":"\n<p>Zwei N\u00e4chte auf einem Campingplatz sollen dann auch erstmal wieder reichen. Einmal frisch geduscht und W\u00e4sche gewaschen und weiter geht\u2019s! Der Sand ruft!<\/p>\n\n\n\n<p>Kalle hat sich in Zagora f\u00fcrs erste von uns verabschiedet, f\u00fcr ihn geht es erstmal wieder nordw\u00e4rts. Wahrscheinlich treffen wir uns demn\u00e4chst irgendwo nochmal wieder. Niels und Johanna haben auch grad kein Bed\u00fcrfnis mehr nach Piste fahren und fahren die Tage lieber Stra\u00dfe, auch die werden wir auf jeden Fall wiedertreffen. Also machen Jonas und ich uns alleine auf. Von Zagora soll es erstmal ein St\u00fcck die N9 runter gehen und irgendwo soll es dann eine Piste nach M\u00b4Hamid runter geben. Mal sehen, wie die D\u00fcdos sich so durch den Sand buddeln&#8230;.<\/p>\n\n\n\n<figure class=\"wp-block-image size-large\"><img loading=\"lazy\" decoding=\"async\" width=\"1024\" height=\"633\" src=\"http:\/\/mobilaner.de\/blog\/wp-content\/uploads\/2021\/01\/DSC_1383-1024x633.jpg\" alt=\"\" class=\"wp-image-949\" srcset=\"https:\/\/mobilaner.de\/blog\/wp-content\/uploads\/2021\/01\/DSC_1383-scaled.jpg 1024w, https:\/\/mobilaner.de\/blog\/wp-content\/uploads\/2021\/01\/DSC_1383-300x185.jpg 300w, https:\/\/mobilaner.de\/blog\/wp-content\/uploads\/2021\/01\/DSC_1383-768x475.jpg 768w, https:\/\/mobilaner.de\/blog\/wp-content\/uploads\/2021\/01\/DSC_1383-1536x949.jpg 1536w, https:\/\/mobilaner.de\/blog\/wp-content\/uploads\/2021\/01\/DSC_1383-2048x1265.jpg 2048w, https:\/\/mobilaner.de\/blog\/wp-content\/uploads\/2021\/01\/DSC_1383-97x60.jpg 97w\" sizes=\"auto, (max-width: 1024px) 100vw, 1024px\" \/><figcaption>Welcome to Sahara! Yeah!<\/figcaption><\/figure>\n\n\n\n<p>Beim Suchen der Piste treffen wir auf Julia und Flo, ein Paar aus dem fernen S\u00fcddeutschland, denen wir schon auf dem Camping in Zagora begegnet sind. Die beiden sind mit einem selbst zusammengekl\u00f6ppelten VW unterwegs. Ordentlich hoch, Allradachsen drunter und fette Reifen drauf. Optimales Auto f\u00fcr den Sand! Mit 80 PS zwar auch nicht \u00fcbermotorisiert, aber reicht. Wir beschlie\u00dfen, uns erstmal zusammenzutun. So sind wir dann wieder 4 Leute und 3 Autos.<\/p>\n\n\n\n<figure class=\"wp-block-image size-large\"><img loading=\"lazy\" decoding=\"async\" width=\"1024\" height=\"768\" src=\"http:\/\/mobilaner.de\/blog\/wp-content\/uploads\/2021\/01\/IMG_8065-1024x768.jpg\" alt=\"\" class=\"wp-image-950\" srcset=\"https:\/\/mobilaner.de\/blog\/wp-content\/uploads\/2021\/01\/IMG_8065-scaled.jpg 1024w, https:\/\/mobilaner.de\/blog\/wp-content\/uploads\/2021\/01\/IMG_8065-300x225.jpg 300w, https:\/\/mobilaner.de\/blog\/wp-content\/uploads\/2021\/01\/IMG_8065-768x576.jpg 768w, https:\/\/mobilaner.de\/blog\/wp-content\/uploads\/2021\/01\/IMG_8065-1536x1152.jpg 1536w, https:\/\/mobilaner.de\/blog\/wp-content\/uploads\/2021\/01\/IMG_8065-2048x1536.jpg 2048w, https:\/\/mobilaner.de\/blog\/wp-content\/uploads\/2021\/01\/IMG_8065-80x60.jpg 80w\" sizes=\"auto, (max-width: 1024px) 100vw, 1024px\" \/><figcaption>Das Trio des Wahnsinns!<\/figcaption><\/figure>\n\n\n\n<p>Wir finden die Piste und lassen es mal drauf ankommen. Es dauert nicht wirklich lange, da steckt Jonas im Sand fest, ich hab zu wenig Abstand gehalten und geselle mich dann mal dazu. Da holt Flo die Wunderwaffe aus seinem Auto: Ein stabiles, aber etwas flexibles Abschleppseil. Ein Werkzeug, dass uns die n\u00e4chsten Tage noch so manches Mal retten sollte!<\/p>\n\n\n\n<p>W\u00e4hrend sie vorne am vorbereiten sind, hol ich mal den Spaten und die Sandbleche raus und versuche die Oma Duck auf die Bleche zu kriegen. Vorne f\u00e4hrt Flo mit dem VW mit Schwung ins Seil und Jonas bekommt den n\u00f6tigen Ruck um den 407 wieder aus dem Sand zu kriegen. Meine ersten Versuche mit dem Blech sind noch nicht von Erfolg gekr\u00f6nt, also auch schnell das Seil ran und los. Geht ja einfach schneller. Der Marokkaner, der vorbeikam und sich das ganze anguckt, empfiehlt uns statt der Piste lieber die N9 zu fahren, aber Asphalt fahren kann ja jeder, wir wollen im Sand spielen und \u00fcben!<\/p>\n\n\n\n<figure class=\"wp-block-image size-large\"><img loading=\"lazy\" decoding=\"async\" width=\"1024\" height=\"633\" src=\"http:\/\/mobilaner.de\/blog\/wp-content\/uploads\/2021\/01\/DSC_1400-1024x633.jpg\" alt=\"\" class=\"wp-image-951\" srcset=\"https:\/\/mobilaner.de\/blog\/wp-content\/uploads\/2021\/01\/DSC_1400-scaled.jpg 1024w, https:\/\/mobilaner.de\/blog\/wp-content\/uploads\/2021\/01\/DSC_1400-300x185.jpg 300w, https:\/\/mobilaner.de\/blog\/wp-content\/uploads\/2021\/01\/DSC_1400-768x475.jpg 768w, https:\/\/mobilaner.de\/blog\/wp-content\/uploads\/2021\/01\/DSC_1400-1536x949.jpg 1536w, https:\/\/mobilaner.de\/blog\/wp-content\/uploads\/2021\/01\/DSC_1400-2048x1266.jpg 2048w, https:\/\/mobilaner.de\/blog\/wp-content\/uploads\/2021\/01\/DSC_1400-97x60.jpg 97w\" sizes=\"auto, (max-width: 1024px) 100vw, 1024px\" \/><figcaption>Am Seil<\/figcaption><\/figure>\n\n\n\n<p>Die Piste insgesamt macht eigentlich nicht so den b\u00f6sen Eindruck, da wir allerdings wegen der Sandfelder auch gerne schnell fahren um nicht stecken zu bleiben, sortiert sich meine Einrichtung relativ stark neu. Sich \u00f6ffnende Gew\u00fcrzgl\u00e4ser in der K\u00fcche kenne ich schon, eine auslaufende Flasche Sojasauce ist da mehr \u00e4rgerlich. Insgesamt kostet mich der Tag neben den Gew\u00fcrzen und der Sojasauce noch einen Blumenpott, mehrere Flaschen, eine Tasse und mehrere Dosen Bier. Die Boxen hinten h\u00e4nge ich wohl auch erstmal nicht wieder auf&#8230;. Nix schlimmes also, trotzdem mehr als sonst. Daf\u00fcr stecken wir \u00fcber den Tag noch einige Male im Sand und werden jedesmal von Flo und Julia gerettet. Den Reifendruck haben wir in mehreren Stufen abgelassen, damit haben die Reifen schon deutlich mehr Auflagefl\u00e4che und kommen durch einige Sandfelder aus eigener Kraft, die wir sonst h\u00e4tten schleppen oder blechen m\u00fcssen. Eine weitere Erkenntnis ist, dass Oma Duck mit ihrem gr\u00f6\u00dferen Motor dem 407 von Jonas zwar eindeutig \u00fcberlegen ist, im Sand hat Jonas aber die Nase vorn, da er mit dem leichten Motor nicht so stark einsinkt und sich trotz Sommerreifen besser durchbuddelt. Oma Duck dr\u00fcckt mit dem schweren OM 314 vorne so stark in den Sand, dass sie sich viel eher eingr\u00e4bt. Aber auch das kriegen wir durch Angleichen des Luftdrucks noch in den Griff.<\/p>\n\n\n\n<figure class=\"wp-block-image size-large\"><img loading=\"lazy\" decoding=\"async\" width=\"1024\" height=\"372\" src=\"http:\/\/mobilaner.de\/blog\/wp-content\/uploads\/2021\/01\/DSC_1453-1024x372.jpg\" alt=\"\" class=\"wp-image-952\" srcset=\"https:\/\/mobilaner.de\/blog\/wp-content\/uploads\/2021\/01\/DSC_1453-scaled.jpg 1024w, https:\/\/mobilaner.de\/blog\/wp-content\/uploads\/2021\/01\/DSC_1453-300x109.jpg 300w, https:\/\/mobilaner.de\/blog\/wp-content\/uploads\/2021\/01\/DSC_1453-768x279.jpg 768w, https:\/\/mobilaner.de\/blog\/wp-content\/uploads\/2021\/01\/DSC_1453-1536x558.jpg 1536w, https:\/\/mobilaner.de\/blog\/wp-content\/uploads\/2021\/01\/DSC_1453-2048x744.jpg 2048w, https:\/\/mobilaner.de\/blog\/wp-content\/uploads\/2021\/01\/DSC_1453-165x60.jpg 165w\" sizes=\"auto, (max-width: 1024px) 100vw, 1024px\" \/><figcaption>Mal wieder Luft ablassen<\/figcaption><\/figure>\n\n\n\n<p>Den Abend verbringen wir wenige Kilometer vor M\u00b4Hamid mitten in den D\u00fcnen. Am Lagerfeuer mit leckerem veganem Essen sitzen wir noch eine ganze Weile in der Runde. Ich freue mich, dass Flo und Julia mit uns gekommen sind. Einerseits w\u00e4ren wir ohne die beiden noch lange nicht da wo wir jetzt sind, andererseits sind die beiden einfach eine sehr angenehme Gesellschaft. Und ohne sie h\u00e4tten wir uns ziemlich sicher nicht gewagt, die Strecke \u00fcberhaupt zu fahren. Schade, dass sie nur so wenig Zeit haben und in wenigen Tagen schon wieder nordw\u00e4rts m\u00fcssen!<\/p>\n\n\n\n<figure class=\"wp-block-image size-large\"><img loading=\"lazy\" decoding=\"async\" width=\"1024\" height=\"768\" src=\"http:\/\/mobilaner.de\/blog\/wp-content\/uploads\/2021\/01\/IMG_8082-1024x768.jpg\" alt=\"\" class=\"wp-image-953\" srcset=\"https:\/\/mobilaner.de\/blog\/wp-content\/uploads\/2021\/01\/IMG_8082-scaled.jpg 1024w, https:\/\/mobilaner.de\/blog\/wp-content\/uploads\/2021\/01\/IMG_8082-300x225.jpg 300w, https:\/\/mobilaner.de\/blog\/wp-content\/uploads\/2021\/01\/IMG_8082-768x576.jpg 768w, https:\/\/mobilaner.de\/blog\/wp-content\/uploads\/2021\/01\/IMG_8082-1536x1152.jpg 1536w, https:\/\/mobilaner.de\/blog\/wp-content\/uploads\/2021\/01\/IMG_8082-2048x1536.jpg 2048w, https:\/\/mobilaner.de\/blog\/wp-content\/uploads\/2021\/01\/IMG_8082-80x60.jpg 80w\" sizes=\"auto, (max-width: 1024px) 100vw, 1024px\" \/><figcaption>Unser Lagerplatz f\u00fcr die Nacht<\/figcaption><\/figure>\n\n\n\n<p>Am n\u00e4chsten Morgen st\u00fcrmt es recht massiv, die Luft ist reichlich sandig. So macht es drau\u00dfen weniger Spa\u00df. Um von unserem Platz in den D\u00fcnen aus eigener Kraft wegzukommen, schraube ich den Luftdruck in den Reifen nochmal runter auf vorne 2 bar und hinten 1 bar. Damit l\u00e4sst sich der Bus zwar nur noch sehr bescheiden lenken, ich kann aber problemlos mit gen\u00fcgend Schwung quer durch die D\u00fcnen fahren ohne zu versinken.<\/p>\n\n\n\n<p>Wir steuern erstmal M\u00b4Hamid an, was nur wenige Kilometer entfernt ist. Da wird erstmal der Dieseltank aufgef\u00fcllt. Eine offizielle Tankstelle gibt es hier nicht, aber einige Leute, die Diesel aus Kanistern und Flaschen verkaufen. Kostet etwas mehr als aus der Zapfs\u00e4ule, aber noch im Rahmen, also g\u00f6nne ich mir einmal volle Tanks. Wer wei\u00df, wann wir wieder an einer Tankstelle vorbeikommen&#8230;<\/p>\n\n\n\n<p>Als n\u00e4chstes gehen wir erstmal lecker Tee trinken und ein wenig drinnen im windstillen sitzen. Als wir wieder auf die Stra\u00dfe gehen, hat der Wind schon deutlich nachgelassen. Wir machen uns auf den Weg in Richtung Erg Chigaga, eigentlich wollten wir auf der Stra\u00dfe ein St\u00fcck zur\u00fcckfahren und dann eine harmlose Piste nehmen, da wir mehrfach h\u00f6rten, die Piste ab M\u00b4Hamid k\u00f6nnen wir ohne Allrad auf keinen Fall fahren. Aber wir haben ja ein Fahrzeug mit Allrad dabei, dann werden die D\u00fcdos das doch wohl auch packen, oder? Also los, vollen Schwung rein in den Sand!<\/p>\n\n\n\n<figure class=\"wp-block-image size-large\"><img loading=\"lazy\" decoding=\"async\" width=\"1024\" height=\"575\" src=\"http:\/\/mobilaner.de\/blog\/wp-content\/uploads\/2021\/01\/IMG_6422-1024x575.jpg\" alt=\"\" class=\"wp-image-954\" srcset=\"https:\/\/mobilaner.de\/blog\/wp-content\/uploads\/2021\/01\/IMG_6422-scaled.jpg 1024w, https:\/\/mobilaner.de\/blog\/wp-content\/uploads\/2021\/01\/IMG_6422-300x168.jpg 300w, https:\/\/mobilaner.de\/blog\/wp-content\/uploads\/2021\/01\/IMG_6422-768x431.jpg 768w, https:\/\/mobilaner.de\/blog\/wp-content\/uploads\/2021\/01\/IMG_6422-1536x862.jpg 1536w, https:\/\/mobilaner.de\/blog\/wp-content\/uploads\/2021\/01\/IMG_6422-2048x1150.jpg 2048w, https:\/\/mobilaner.de\/blog\/wp-content\/uploads\/2021\/01\/IMG_6422-107x60.jpg 107w\" sizes=\"auto, (max-width: 1024px) 100vw, 1024px\" \/><figcaption>Sand, Sand und nochmal Sand!<\/figcaption><\/figure>\n\n\n\n<p>Ich muss sagen, ich h\u00e4tte nicht erwartet, dass Oma Duck sich so gut schl\u00e4gt! Das Luftablassen hat nochmal Wunder bewirkt, die ersten Kilometer schaffen wir v\u00f6llig problemlos aus eigener Kraft. Mit Oma Duck querfeldein durch die Sandw\u00fcste, das war zwar immer ein Traum, aber dass ich das tats\u00e4chlich mal machen w\u00fcrde und das auch noch funktioniert&#8230;. Ich freue mich wie ein kleines Kind und ich bin damit nicht alleine! W\u00fcrde ich das Wort \u201eMaterialschonend\u201c in irgendeiner Weise verwenden, ich h\u00e4tte Angst, dass aus heiterem Himmel ein Blitz auf mich runterf\u00e4hrt, aber das ist mir grad auch einfach egal. Die Inneneinrichtung sortiert sich grade mehrfach am Tag v\u00f6llig neu und was nix taugt, sortiert sich von alleine aus. Was am Bus nachher zu reparieren ist, wird sich dann sp\u00e4ter zeigen, noch macht er sich bestens!<\/p>\n\n\n\n<p>Nach der ersten massiven Sandstrecke kommen wir irgendwann in die Steinw\u00fcste. Platt und steinig, soweit das Auge reicht! Daf\u00fcr muss der Reifendruck wieder erh\u00f6ht werden, damit ich mir die Reifen nicht an den Steinen kaputt fahre.<\/p>\n\n\n\n<figure class=\"wp-block-image size-large\"><img loading=\"lazy\" decoding=\"async\" width=\"1024\" height=\"768\" src=\"http:\/\/mobilaner.de\/blog\/wp-content\/uploads\/2021\/01\/IMG_8061-1024x768.jpg\" alt=\"\" class=\"wp-image-955\" srcset=\"https:\/\/mobilaner.de\/blog\/wp-content\/uploads\/2021\/01\/IMG_8061-scaled.jpg 1024w, https:\/\/mobilaner.de\/blog\/wp-content\/uploads\/2021\/01\/IMG_8061-300x225.jpg 300w, https:\/\/mobilaner.de\/blog\/wp-content\/uploads\/2021\/01\/IMG_8061-768x576.jpg 768w, https:\/\/mobilaner.de\/blog\/wp-content\/uploads\/2021\/01\/IMG_8061-1536x1152.jpg 1536w, https:\/\/mobilaner.de\/blog\/wp-content\/uploads\/2021\/01\/IMG_8061-2048x1536.jpg 2048w, https:\/\/mobilaner.de\/blog\/wp-content\/uploads\/2021\/01\/IMG_8061-80x60.jpg 80w\" sizes=\"auto, (max-width: 1024px) 100vw, 1024px\" \/><figcaption>Und mal wieder Steine<\/figcaption><\/figure>\n\n\n\n<p>Klar, dass dann irgendwann aber wieder Sand kommt. Dieses Mal wieder als breiter und sehr weicher Streifen, der durchquert werden muss. Jonas und ich sitzen ganz schnell komplett fest und m\u00fcssen uns von Flo und Julia bergen lassen, was sich als sehr schwierig erweist im v\u00f6llig weichen Sand. Also langsam den Luftdruck wieder runter und dann rausschleppen lassen und versuchen einen anderen Weg zu finden. Es gibt keinen anderen Weg, also nochmal runter mit dem Luftdruck bis an die Schmerzgrenze und am Seil h\u00e4ngend durch den Weichsand ziehen lassen. Ein Bus nach dem anderen. Als wir auf der anderen Seite alle wieder beisammen sind und die \u00dcberquerung des Weichsandgrabens feiern, kommen 2 Marokkaner im Jeep vorbei, die uns offensichtlich f\u00fcr v\u00f6llig wahnsinnig halten, aber ich glaube, auch ein wenig Bewunderung in ihren Augen gesehen zu haben, dass es Leute gibt, die mit alten Bussen ohne Allrad hier unterwegs sind. Das erste Mal m\u00f6chte ein Marokkaner ein Foto von uns machen.<\/p>\n\n\n\n<figure class=\"wp-block-image size-large\"><img loading=\"lazy\" decoding=\"async\" width=\"1024\" height=\"768\" src=\"http:\/\/mobilaner.de\/blog\/wp-content\/uploads\/2021\/01\/IMG_8104-1024x768.jpg\" alt=\"\" class=\"wp-image-956\" srcset=\"https:\/\/mobilaner.de\/blog\/wp-content\/uploads\/2021\/01\/IMG_8104-scaled.jpg 1024w, https:\/\/mobilaner.de\/blog\/wp-content\/uploads\/2021\/01\/IMG_8104-300x225.jpg 300w, https:\/\/mobilaner.de\/blog\/wp-content\/uploads\/2021\/01\/IMG_8104-768x576.jpg 768w, https:\/\/mobilaner.de\/blog\/wp-content\/uploads\/2021\/01\/IMG_8104-1536x1152.jpg 1536w, https:\/\/mobilaner.de\/blog\/wp-content\/uploads\/2021\/01\/IMG_8104-2048x1536.jpg 2048w, https:\/\/mobilaner.de\/blog\/wp-content\/uploads\/2021\/01\/IMG_8104-80x60.jpg 80w\" sizes=\"auto, (max-width: 1024px) 100vw, 1024px\" \/><figcaption>Ein Brunnen im Weichsand, mit spontanem Eselbesuch<\/figcaption><\/figure>\n\n\n\n<p>Die ganze Geschichte hat Kraft und Zeit gekostet, der Tag ist nicht mehr lang, zum Erg Chigaga schaffen wir es heute nicht mehr. Also noch ein St\u00fcckchen fahren bis an eine sch\u00f6ne Stelle, an der wir dann die Busse abstellen. Jonas buddelt sich dabei nochmal ein und muss sich dann doch noch mit Sandblechen befreien. Da ab jetzt erstmal wieder viel Stein zu erwarten ist, schmei\u00dfen wir nochmal die Kompressoren an und pumpen unsere Reifen f\u00fcr morgen schon mal wieder auf.<\/p>\n\n\n\n<p>Der Abend klingt wie \u00fcblich am Lagerfeuer mit gutem Essen aus. Wir sind alle geschafft, daher wird es nicht lang. Aber wir freuen uns, einmal wirklich weit ab jeglicher Zivilisation irgendwo in der W\u00fcste zu rasten. Wir hatten uns eigentlich auf den Sternenhimmel hier drau\u00dfen gefreut, aber ausgerechnet jetzt ist Vollmond, also nix mit Sterne gucken. Vollmond ist aber ja auch h\u00fcbsch.<\/p>\n\n\n\n<figure class=\"wp-block-image size-large\"><img loading=\"lazy\" decoding=\"async\" width=\"1024\" height=\"683\" src=\"http:\/\/mobilaner.de\/blog\/wp-content\/uploads\/2021\/01\/IMG_6540-1024x683.jpg\" alt=\"\" class=\"wp-image-957\" srcset=\"https:\/\/mobilaner.de\/blog\/wp-content\/uploads\/2021\/01\/IMG_6540-scaled.jpg 1024w, https:\/\/mobilaner.de\/blog\/wp-content\/uploads\/2021\/01\/IMG_6540-300x200.jpg 300w, https:\/\/mobilaner.de\/blog\/wp-content\/uploads\/2021\/01\/IMG_6540-768x512.jpg 768w, https:\/\/mobilaner.de\/blog\/wp-content\/uploads\/2021\/01\/IMG_6540-1536x1024.jpg 1536w, https:\/\/mobilaner.de\/blog\/wp-content\/uploads\/2021\/01\/IMG_6540-2048x1365.jpg 2048w, https:\/\/mobilaner.de\/blog\/wp-content\/uploads\/2021\/01\/IMG_6540-90x60.jpg 90w\" sizes=\"auto, (max-width: 1024px) 100vw, 1024px\" \/><figcaption>Ganz klar: Wer anh\u00e4lt verliert!<\/figcaption><\/figure>\n\n\n\n<p>Der n\u00e4chste Morgen empf\u00e4ngt uns windstill und wundersch\u00f6n. Als erstes gibt es eine kleine Bastelstunde um sich mal der Kleinigkeiten anzunehmen, die sonst immer liegenbleiben. Nach dem Fr\u00fchst\u00fcck steuern wir dann den Erg Chigaga an, wir wollen nochmal richtig im Sand spielen!<\/p>\n\n\n\n<p>Die Strecke ist, wie erwartet, zuerst haupts\u00e4chlich steinig. Als wir die D\u00fcnen erreichen, lassen wir den Luftdruck wieder ab, 1,4 vorne und 0,8 hinten. Schmerzgrenze! Aber es ist erstaunlich, was damit machbar ist. Wir treffen auch mehrfach auf Einheimische, die uns immer erkl\u00e4ren, dass die Strecke ohne 4&#215;4 nicht fahrbar ist und mit den Bussen&#8230;. wir sehen einige gesch\u00fcttelte K\u00f6pfe. Wollen wir doch mal sehen, was hier fahrbar ist f\u00fcr die D\u00fcdos! Zwischen den D\u00fcnen sind meistens harte, wenn auch oft unwegsame Fl\u00e4chen, darauf schl\u00e4ngeln wir uns rein ins Sandgebiet.<\/p>\n\n\n\n<figure class=\"wp-block-image size-large\"><img loading=\"lazy\" decoding=\"async\" width=\"1024\" height=\"601\" src=\"http:\/\/mobilaner.de\/blog\/wp-content\/uploads\/2021\/01\/DSC_1543-1024x601.jpg\" alt=\"\" class=\"wp-image-958\" srcset=\"https:\/\/mobilaner.de\/blog\/wp-content\/uploads\/2021\/01\/DSC_1543-scaled.jpg 1024w, https:\/\/mobilaner.de\/blog\/wp-content\/uploads\/2021\/01\/DSC_1543-300x176.jpg 300w, https:\/\/mobilaner.de\/blog\/wp-content\/uploads\/2021\/01\/DSC_1543-768x450.jpg 768w, https:\/\/mobilaner.de\/blog\/wp-content\/uploads\/2021\/01\/DSC_1543-1536x901.jpg 1536w, https:\/\/mobilaner.de\/blog\/wp-content\/uploads\/2021\/01\/DSC_1543-2048x1201.jpg 2048w, https:\/\/mobilaner.de\/blog\/wp-content\/uploads\/2021\/01\/DSC_1543-102x60.jpg 102w\" sizes=\"auto, (max-width: 1024px) 100vw, 1024px\" \/><figcaption>Stabiler Untergrund zwischen den D\u00fcnen. Fast schon Autobahn.<\/figcaption><\/figure>\n\n\n\n<p>Leider taucht ausgerechnet da, wo wir dann reinwollen, eine Herberge auf. Also nix mit alleine und ungest\u00f6rt. Also zur\u00fcck und um die D\u00fcnen rum ein St\u00fcck weiter hoch. Nach ein paar wenigen Kilometern finden wir eine andere vielversprechende Stelle, die wir testen wollen. Also los, eine D\u00fcne ausgeguckt, Der Sand darf nicht zu lose sein, der Winkel muss etwa stimmen, die Anlaufstrecke muss auch da sein. Ob Oma Duck das schafft? Die D\u00fcne ist immerhin etwa so hoch wie sie selbst. Klar, es ist noch immer eine sehr kleine D\u00fcne, aber der Bus hat eben auch kein Allrad und trotz geringem Luftdruck viel zu schmale Reifen. Egal, ich will es probieren! Im 2. Gang und Vollgas rein in den Sand und die olle Oma Duck klettert die D\u00fcne rauf, als ob es fester Untergrund w\u00e4re. Geil!!! da steht sie nun und thront auf der D\u00fcne. Jonas kommt nach und nach dem 2. Anlauf steht er mit seinem Bus auch oben neben mir.<\/p>\n\n\n\n<figure class=\"wp-block-image size-large\"><img loading=\"lazy\" decoding=\"async\" width=\"1024\" height=\"768\" src=\"http:\/\/mobilaner.de\/blog\/wp-content\/uploads\/2021\/01\/IMG_8139-1024x768.jpg\" alt=\"\" class=\"wp-image-959\" srcset=\"https:\/\/mobilaner.de\/blog\/wp-content\/uploads\/2021\/01\/IMG_8139-scaled.jpg 1024w, https:\/\/mobilaner.de\/blog\/wp-content\/uploads\/2021\/01\/IMG_8139-300x225.jpg 300w, https:\/\/mobilaner.de\/blog\/wp-content\/uploads\/2021\/01\/IMG_8139-768x576.jpg 768w, https:\/\/mobilaner.de\/blog\/wp-content\/uploads\/2021\/01\/IMG_8139-1536x1152.jpg 1536w, https:\/\/mobilaner.de\/blog\/wp-content\/uploads\/2021\/01\/IMG_8139-2048x1536.jpg 2048w, https:\/\/mobilaner.de\/blog\/wp-content\/uploads\/2021\/01\/IMG_8139-80x60.jpg 80w\" sizes=\"auto, (max-width: 1024px) 100vw, 1024px\" \/><figcaption>Da thront sie!<\/figcaption><\/figure>\n\n\n\n<p>Heute hat Oma Duck irgendwie die Nase vorn, Jonas hat noch einen Hauch mehr Luft in den Reifen, das l\u00e4sst ihn sich gleich viel \u00f6fter eingraben. Aber jetzt stehen sie da oben auf der D\u00fcne, vor den Vorderreifen allerdings eine recht steile Abbruchkante. Das wird dann der n\u00e4chste Spa\u00df&#8230;..<\/p>\n\n\n\n<p>Wir graben die Kante ein klein wenig flacher. Wahrscheinlich hat das wenig praktischen Nutzen, sieht aber nicht mehr ganz so fies steil aus. Also los, weiter! Oma Duck senkt ihre Nase und rollt ganz souver\u00e4n die steile D\u00fcne runter auf das n\u00e4chste feste Feld. Ich fahre direkt weiter geradeaus auf die n\u00e4chste D\u00fcne, das Spiel will ich nochmal wiederholen!<\/p>\n\n\n\n<figure class=\"wp-block-image size-large\"><img loading=\"lazy\" decoding=\"async\" width=\"1024\" height=\"609\" src=\"http:\/\/mobilaner.de\/blog\/wp-content\/uploads\/2021\/01\/DSC_1601-1024x609.jpg\" alt=\"\" class=\"wp-image-960\" srcset=\"https:\/\/mobilaner.de\/blog\/wp-content\/uploads\/2021\/01\/DSC_1601-scaled.jpg 1024w, https:\/\/mobilaner.de\/blog\/wp-content\/uploads\/2021\/01\/DSC_1601-300x178.jpg 300w, https:\/\/mobilaner.de\/blog\/wp-content\/uploads\/2021\/01\/DSC_1601-768x457.jpg 768w, https:\/\/mobilaner.de\/blog\/wp-content\/uploads\/2021\/01\/DSC_1601-1536x914.jpg 1536w, https:\/\/mobilaner.de\/blog\/wp-content\/uploads\/2021\/01\/DSC_1601-2048x1218.jpg 2048w, https:\/\/mobilaner.de\/blog\/wp-content\/uploads\/2021\/01\/DSC_1601-101x60.jpg 101w\" sizes=\"auto, (max-width: 1024px) 100vw, 1024px\" \/><figcaption>und wieder runter.<\/figcaption><\/figure>\n\n\n\n<p>Hinter der dritten D\u00fcne ist eine glatte, ebene Fl\u00e4che, da soll es dann f\u00fcr heute auch gut sein. Wir fahren die Busse auch da noch dr\u00fcber und stellen uns auf. Hier wollen wir wohl mal einen Tag bleiben.<\/p>\n\n\n\n<p>Einen Tag in den D\u00fcnen, keine Pl\u00e4ne oder Verpflichtungen, einfach im Sand sitzen und den Tag genie\u00dfen! Herrlich! Den Morgen verbringe ich wieder mit kleinen Reparaturen, meine Einbauschr\u00e4nke l\u00f6sen sich langsam von Wand und Decke und m\u00fcssen besser jetzt neu angeschraubt werden, bevor sie mir beim n\u00e4chsten H\u00fcgel komplett runterkommen. Die Piste fordert ihren Tribut&#8230;<\/p>\n\n\n\n<figure class=\"wp-block-image size-large\"><img loading=\"lazy\" decoding=\"async\" width=\"1024\" height=\"322\" src=\"http:\/\/mobilaner.de\/blog\/wp-content\/uploads\/2021\/01\/DSC_1640-1024x322.jpg\" alt=\"\" class=\"wp-image-961\" srcset=\"https:\/\/mobilaner.de\/blog\/wp-content\/uploads\/2021\/01\/DSC_1640-scaled.jpg 1024w, https:\/\/mobilaner.de\/blog\/wp-content\/uploads\/2021\/01\/DSC_1640-300x94.jpg 300w, https:\/\/mobilaner.de\/blog\/wp-content\/uploads\/2021\/01\/DSC_1640-768x242.jpg 768w, https:\/\/mobilaner.de\/blog\/wp-content\/uploads\/2021\/01\/DSC_1640-1536x483.jpg 1536w, https:\/\/mobilaner.de\/blog\/wp-content\/uploads\/2021\/01\/DSC_1640-2048x645.jpg 2048w, https:\/\/mobilaner.de\/blog\/wp-content\/uploads\/2021\/01\/DSC_1640-191x60.jpg 191w\" sizes=\"auto, (max-width: 1024px) 100vw, 1024px\" \/><figcaption>Hier haben wir uns mal einen Tag Pause geg\u00f6nnt<\/figcaption><\/figure>\n\n\n\n<p>Ansonsten gibt es ein Luxusfr\u00fchst\u00fcck auf meiner Sonnenterrasse, einen sch\u00f6nen Spaziergang, ne Spielerunde und irgendwann nat\u00fcrlich wieder leckeres Essen und Lagerfeuer. Sch\u00f6ner fauler Tag in traumhafter Umgebung mit tollen Menschen.<\/p>\n\n\n\n<figure class=\"wp-block-image size-large\"><img loading=\"lazy\" decoding=\"async\" width=\"1024\" height=\"768\" src=\"http:\/\/mobilaner.de\/blog\/wp-content\/uploads\/2021\/01\/IMG_8183-1-1024x768.jpg\" alt=\"\" class=\"wp-image-963\" srcset=\"https:\/\/mobilaner.de\/blog\/wp-content\/uploads\/2021\/01\/IMG_8183-1-scaled.jpg 1024w, https:\/\/mobilaner.de\/blog\/wp-content\/uploads\/2021\/01\/IMG_8183-1-300x225.jpg 300w, https:\/\/mobilaner.de\/blog\/wp-content\/uploads\/2021\/01\/IMG_8183-1-768x576.jpg 768w, https:\/\/mobilaner.de\/blog\/wp-content\/uploads\/2021\/01\/IMG_8183-1-1536x1152.jpg 1536w, https:\/\/mobilaner.de\/blog\/wp-content\/uploads\/2021\/01\/IMG_8183-1-2048x1536.jpg 2048w, https:\/\/mobilaner.de\/blog\/wp-content\/uploads\/2021\/01\/IMG_8183-1-80x60.jpg 80w\" sizes=\"auto, (max-width: 1024px) 100vw, 1024px\" \/><figcaption>mit Fr\u00fchst\u00fcck auf dem Sonnendeck!<\/figcaption><\/figure>\n\n\n\n<p>Am n\u00e4chsten Morgen versuchen wir, nicht zu sp\u00e4t aufzubrechen. Klappt auch so mittelm\u00e4\u00dfig gut. Wir fahren relativ direkt aus dem D\u00fcnengebiet raus und auf die Piste am Rand des Sandgebietes westw\u00e4rts. Die Busse zeigen sich wieder von ihrer besten Seite und schwimmen problemlos durch mehrere Kilometer Weichsandpiste. Mit der Lenkung kann man grobe Impulse geben, was Oma Duck daraus macht ist ihre Sache und von mir nicht wirklich zu beeinflussen. Zeitweise halte ich das Lenkrad einfach mal fest und freue mich, als Oma Duck die Kurven in der Piste von allein erkennt und f\u00e4hrt. Immer den alten Spuren hinterher.<\/p>\n\n\n\n<figure class=\"wp-block-image size-large\"><img loading=\"lazy\" decoding=\"async\" width=\"1024\" height=\"633\" src=\"http:\/\/mobilaner.de\/blog\/wp-content\/uploads\/2021\/01\/DSC_1393-1024x633.jpg\" alt=\"\" class=\"wp-image-964\" srcset=\"https:\/\/mobilaner.de\/blog\/wp-content\/uploads\/2021\/01\/DSC_1393-scaled.jpg 1024w, https:\/\/mobilaner.de\/blog\/wp-content\/uploads\/2021\/01\/DSC_1393-300x185.jpg 300w, https:\/\/mobilaner.de\/blog\/wp-content\/uploads\/2021\/01\/DSC_1393-768x475.jpg 768w, https:\/\/mobilaner.de\/blog\/wp-content\/uploads\/2021\/01\/DSC_1393-1536x949.jpg 1536w, https:\/\/mobilaner.de\/blog\/wp-content\/uploads\/2021\/01\/DSC_1393-2048x1266.jpg 2048w, https:\/\/mobilaner.de\/blog\/wp-content\/uploads\/2021\/01\/DSC_1393-97x60.jpg 97w\" sizes=\"auto, (max-width: 1024px) 100vw, 1024px\" \/><figcaption>Und weiter durch den weichen Sand.<\/figcaption><\/figure>\n\n\n\n<p>Am Anfang des Lak Iriki pumpen wir die Reifen wieder auf und trinken noch einen leckeren Tee in einer kleinen H\u00fctte im Nirgendwo. Es taucht gleich noch eine Gruppe Schweizer auf, mit denen wir noch eben Streckeninfos austauschen.<\/p>\n\n\n\n<p>Der Lak Iriki ist eine riesige platte Fl\u00e4che, auf der wir uns erstmal austoben und Unsinn machen k\u00f6nnen. Mein Fahrrad ist eh grad noch vom Dach runter und liegt im Bus, daher ist oben Platz&#8230;.<\/p>\n\n\n\n<p>Also eine Flasche leckeren Mexikaner und etwas k\u00fchles Bier mitgenommen, Gang rein, Standgas etwas hoch gedreht und alle aufs Dach. W\u00e4hrend der Fahrt dann doch noch eine Seilzuglenkung installiert, damit wir \u00fcber Z\u00fcgel wenigstens grob die Richtung bestimmen k\u00f6nnen. Und dann einfach sinnlos mit dem Bus \u00fcber die Ebene gefahren. Mit leckeren Getr\u00e4nken, bestem Wetter und den passend verr\u00fcckten Leuten. Was ein Spa\u00df, wir kriegen alle das Grinsen nicht mehr aus dem Gesicht&#8230;<\/p>\n\n\n\n<figure class=\"wp-block-image size-large\"><img loading=\"lazy\" decoding=\"async\" width=\"1024\" height=\"575\" src=\"http:\/\/mobilaner.de\/blog\/wp-content\/uploads\/2021\/01\/IMG_6618-1024x575.jpg\" alt=\"\" class=\"wp-image-965\" srcset=\"https:\/\/mobilaner.de\/blog\/wp-content\/uploads\/2021\/01\/IMG_6618-scaled.jpg 1024w, https:\/\/mobilaner.de\/blog\/wp-content\/uploads\/2021\/01\/IMG_6618-300x168.jpg 300w, https:\/\/mobilaner.de\/blog\/wp-content\/uploads\/2021\/01\/IMG_6618-768x431.jpg 768w, https:\/\/mobilaner.de\/blog\/wp-content\/uploads\/2021\/01\/IMG_6618-1536x862.jpg 1536w, https:\/\/mobilaner.de\/blog\/wp-content\/uploads\/2021\/01\/IMG_6618-2048x1150.jpg 2048w, https:\/\/mobilaner.de\/blog\/wp-content\/uploads\/2021\/01\/IMG_6618-107x60.jpg 107w\" sizes=\"auto, (max-width: 1024px) 100vw, 1024px\" \/><figcaption>Dachparty!!! Oma Duck findet den Weg ja auch alleine.<\/figcaption><\/figure>\n\n\n\n<p>Irgendwann dann doch noch weiter in Richtung Foum Zguid, wo wir heute rasten wollen. Bis dahin sind es aber doch noch einige Kilometer steinige, anstrengend zu fahrende Piste. Kurz vor der Stadt ist noch eine Milit\u00e4rstation, wo wir erstmal halten und P\u00e4sse vorzeigen m\u00fcssen. Alles wird vermerkt, dann wird uns die Schranke ge\u00f6ffnet und wir d\u00fcrfen wieder in die Zivilisation einreisen. Gleich der erste Campingplatz ist unser, kurz noch einkaufen und dann den letzten Abend mit Flo und Julia genie\u00dfen, die am n\u00e4chsten Morgen dann doch aufbrechen m\u00fcssen, da sich ihr Kurzurlaub dem Ende neigt. Sie w\u00e4ren sicherlich lieber noch geblieben und auch wir tun uns schwer, sie gehen zu lassen. Schon komisch, wie einem Menschen in nur 5 Tagen so ans Herz wachsen k\u00f6nnen. Aber wir haben uns sicher nicht das letzte Mal gesehen, es gibt f\u00fcr uns noch einigen Unsinn zu tun!<\/p>\n\n\n\n<figure class=\"wp-block-image size-large\"><img loading=\"lazy\" decoding=\"async\" width=\"1024\" height=\"735\" src=\"http:\/\/mobilaner.de\/blog\/wp-content\/uploads\/2021\/01\/IMG_8119-1024x735.jpg\" alt=\"\" class=\"wp-image-966\" srcset=\"https:\/\/mobilaner.de\/blog\/wp-content\/uploads\/2021\/01\/IMG_8119.jpg 1024w, https:\/\/mobilaner.de\/blog\/wp-content\/uploads\/2021\/01\/IMG_8119-300x215.jpg 300w, https:\/\/mobilaner.de\/blog\/wp-content\/uploads\/2021\/01\/IMG_8119-768x552.jpg 768w, https:\/\/mobilaner.de\/blog\/wp-content\/uploads\/2021\/01\/IMG_8119-1536x1103.jpg 1536w, https:\/\/mobilaner.de\/blog\/wp-content\/uploads\/2021\/01\/IMG_8119-2048x1471.jpg 2048w, https:\/\/mobilaner.de\/blog\/wp-content\/uploads\/2021\/01\/IMG_8119-84x60.jpg 84w\" sizes=\"auto, (max-width: 1024px) 100vw, 1024px\" \/><figcaption>Hin und wieder steht mal ein Dromedar auf der Stra\u00dfe.<\/figcaption><\/figure>\n\n\n\n<p>Nachdem Jonas seinen auf der Strecke total zusammengebrochenen Kofferraum wieder grob zusammengeflickt hat, brechen auch wir auf und fahren \u00fcber sehr gute Teerstra\u00dfe in Richtung Tissint, wo Niels und Johanna auf uns warten. Wir freuen uns, die beiden hier wiederzutreffen! Sie haben inzwischen ihren Magirus in der Werkstatt in Zagora aufm\u00f6beln lassen, so dass der Bus gl\u00e4nzt und strahlt. Schon komisch, neben unseren beiden Sandhaufen auf R\u00e4dern&#8230;<\/p>\n\n\n\n<figure class=\"wp-block-image size-large\"><img loading=\"lazy\" decoding=\"async\" width=\"1024\" height=\"768\" src=\"http:\/\/mobilaner.de\/blog\/wp-content\/uploads\/2021\/01\/IMG_8222-1-1024x768.jpg\" alt=\"\" class=\"wp-image-967\" srcset=\"https:\/\/mobilaner.de\/blog\/wp-content\/uploads\/2021\/01\/IMG_8222-1-scaled.jpg 1024w, https:\/\/mobilaner.de\/blog\/wp-content\/uploads\/2021\/01\/IMG_8222-1-300x225.jpg 300w, https:\/\/mobilaner.de\/blog\/wp-content\/uploads\/2021\/01\/IMG_8222-1-768x576.jpg 768w, https:\/\/mobilaner.de\/blog\/wp-content\/uploads\/2021\/01\/IMG_8222-1-1536x1152.jpg 1536w, https:\/\/mobilaner.de\/blog\/wp-content\/uploads\/2021\/01\/IMG_8222-1-2048x1536.jpg 2048w, https:\/\/mobilaner.de\/blog\/wp-content\/uploads\/2021\/01\/IMG_8222-1-80x60.jpg 80w\" sizes=\"auto, (max-width: 1024px) 100vw, 1024px\" \/><figcaption>Und wieder ein Lager in der alten Formation.<\/figcaption><\/figure>\n\n\n\n<p>Wir sitzen in einem Caf\u00e9 zusammen, trinken Tee und erz\u00e4hlen uns erstmal, was wir so die Tage erlebt haben. Dort kommt es noch zu einem kleinen spontanen Busfreakstreffen, als der Thorsten mit Frau in einer alten Berliner Bullenwanne vorbeikommt und auf einen kurzen Plausch anh\u00e4lt.<\/p>\n\n\n\n<p>Niels und Johanna haben schon einen Platz f\u00fcr uns ausgekundschaftet und so fahren wir noch wenige Kilometer raus aus der Stadt um in einer felsigen Mondlandschaft unser Lager aufzubauen. Nach dem Essen gibt es erstmal ein Fl\u00e4schchen Wein und dazu Fotos und Videos unseres W\u00fcstenabenteuers.<\/p>\n\n\n\n<figure class=\"wp-block-gallery columns-3 is-cropped wp-block-gallery-1 is-layout-flex wp-block-gallery-is-layout-flex\"><ul class=\"blocks-gallery-grid\"><li class=\"blocks-gallery-item\"><figure><a href=\"http:\/\/mobilaner.de\/blog\/wp-content\/uploads\/2021\/01\/DSC_1398-1024x633.jpg\"><img loading=\"lazy\" decoding=\"async\" width=\"1024\" height=\"633\" src=\"http:\/\/mobilaner.de\/blog\/wp-content\/uploads\/2021\/01\/DSC_1398-1024x633.jpg\" alt=\"\" data-id=\"968\" data-link=\"http:\/\/mobilaner.de\/blog\/?attachment_id=968\" class=\"wp-image-968\" srcset=\"https:\/\/mobilaner.de\/blog\/wp-content\/uploads\/2021\/01\/DSC_1398-scaled.jpg 1024w, https:\/\/mobilaner.de\/blog\/wp-content\/uploads\/2021\/01\/DSC_1398-300x185.jpg 300w, https:\/\/mobilaner.de\/blog\/wp-content\/uploads\/2021\/01\/DSC_1398-768x475.jpg 768w, https:\/\/mobilaner.de\/blog\/wp-content\/uploads\/2021\/01\/DSC_1398-1536x949.jpg 1536w, https:\/\/mobilaner.de\/blog\/wp-content\/uploads\/2021\/01\/DSC_1398-2048x1266.jpg 2048w, https:\/\/mobilaner.de\/blog\/wp-content\/uploads\/2021\/01\/DSC_1398-97x60.jpg 97w\" sizes=\"auto, (max-width: 1024px) 100vw, 1024px\" \/><\/a><\/figure><\/li><li class=\"blocks-gallery-item\"><figure><a href=\"http:\/\/mobilaner.de\/blog\/wp-content\/uploads\/2021\/01\/DSC_1407-1024x633.jpg\"><img loading=\"lazy\" decoding=\"async\" width=\"1024\" height=\"633\" src=\"http:\/\/mobilaner.de\/blog\/wp-content\/uploads\/2021\/01\/DSC_1407-1024x633.jpg\" alt=\"\" data-id=\"969\" data-link=\"http:\/\/mobilaner.de\/blog\/?attachment_id=969\" class=\"wp-image-969\" srcset=\"https:\/\/mobilaner.de\/blog\/wp-content\/uploads\/2021\/01\/DSC_1407-scaled.jpg 1024w, https:\/\/mobilaner.de\/blog\/wp-content\/uploads\/2021\/01\/DSC_1407-300x185.jpg 300w, https:\/\/mobilaner.de\/blog\/wp-content\/uploads\/2021\/01\/DSC_1407-768x475.jpg 768w, https:\/\/mobilaner.de\/blog\/wp-content\/uploads\/2021\/01\/DSC_1407-1536x949.jpg 1536w, https:\/\/mobilaner.de\/blog\/wp-content\/uploads\/2021\/01\/DSC_1407-2048x1266.jpg 2048w, https:\/\/mobilaner.de\/blog\/wp-content\/uploads\/2021\/01\/DSC_1407-97x60.jpg 97w\" sizes=\"auto, (max-width: 1024px) 100vw, 1024px\" \/><\/a><\/figure><\/li><li class=\"blocks-gallery-item\"><figure><a href=\"http:\/\/mobilaner.de\/blog\/wp-content\/uploads\/2021\/01\/DSC_1440-1024x482.jpg\"><img loading=\"lazy\" decoding=\"async\" width=\"1024\" height=\"482\" src=\"http:\/\/mobilaner.de\/blog\/wp-content\/uploads\/2021\/01\/DSC_1440-1024x482.jpg\" alt=\"\" data-id=\"970\" data-link=\"http:\/\/mobilaner.de\/blog\/?attachment_id=970\" class=\"wp-image-970\" srcset=\"https:\/\/mobilaner.de\/blog\/wp-content\/uploads\/2021\/01\/DSC_1440-scaled.jpg 1024w, https:\/\/mobilaner.de\/blog\/wp-content\/uploads\/2021\/01\/DSC_1440-300x141.jpg 300w, https:\/\/mobilaner.de\/blog\/wp-content\/uploads\/2021\/01\/DSC_1440-768x362.jpg 768w, https:\/\/mobilaner.de\/blog\/wp-content\/uploads\/2021\/01\/DSC_1440-1536x723.jpg 1536w, https:\/\/mobilaner.de\/blog\/wp-content\/uploads\/2021\/01\/DSC_1440-2048x964.jpg 2048w, https:\/\/mobilaner.de\/blog\/wp-content\/uploads\/2021\/01\/DSC_1440-127x60.jpg 127w\" sizes=\"auto, (max-width: 1024px) 100vw, 1024px\" \/><\/a><\/figure><\/li><li class=\"blocks-gallery-item\"><figure><a href=\"http:\/\/mobilaner.de\/blog\/wp-content\/uploads\/2021\/01\/DSC_1450-1024x633.jpg\"><img loading=\"lazy\" decoding=\"async\" width=\"1024\" height=\"633\" src=\"http:\/\/mobilaner.de\/blog\/wp-content\/uploads\/2021\/01\/DSC_1450-1024x633.jpg\" alt=\"\" data-id=\"971\" data-link=\"http:\/\/mobilaner.de\/blog\/?attachment_id=971\" class=\"wp-image-971\" srcset=\"https:\/\/mobilaner.de\/blog\/wp-content\/uploads\/2021\/01\/DSC_1450-scaled.jpg 1024w, https:\/\/mobilaner.de\/blog\/wp-content\/uploads\/2021\/01\/DSC_1450-300x185.jpg 300w, https:\/\/mobilaner.de\/blog\/wp-content\/uploads\/2021\/01\/DSC_1450-768x475.jpg 768w, https:\/\/mobilaner.de\/blog\/wp-content\/uploads\/2021\/01\/DSC_1450-1536x949.jpg 1536w, https:\/\/mobilaner.de\/blog\/wp-content\/uploads\/2021\/01\/DSC_1450-2048x1266.jpg 2048w, https:\/\/mobilaner.de\/blog\/wp-content\/uploads\/2021\/01\/DSC_1450-97x60.jpg 97w\" sizes=\"auto, (max-width: 1024px) 100vw, 1024px\" \/><\/a><\/figure><\/li><li class=\"blocks-gallery-item\"><figure><a href=\"http:\/\/mobilaner.de\/blog\/wp-content\/uploads\/2021\/01\/DSC_1455-1024x633.jpg\"><img loading=\"lazy\" decoding=\"async\" width=\"1024\" height=\"633\" src=\"http:\/\/mobilaner.de\/blog\/wp-content\/uploads\/2021\/01\/DSC_1455-1024x633.jpg\" alt=\"\" data-id=\"972\" data-link=\"http:\/\/mobilaner.de\/blog\/?attachment_id=972\" class=\"wp-image-972\" srcset=\"https:\/\/mobilaner.de\/blog\/wp-content\/uploads\/2021\/01\/DSC_1455-scaled.jpg 1024w, https:\/\/mobilaner.de\/blog\/wp-content\/uploads\/2021\/01\/DSC_1455-300x185.jpg 300w, https:\/\/mobilaner.de\/blog\/wp-content\/uploads\/2021\/01\/DSC_1455-768x475.jpg 768w, https:\/\/mobilaner.de\/blog\/wp-content\/uploads\/2021\/01\/DSC_1455-1536x949.jpg 1536w, https:\/\/mobilaner.de\/blog\/wp-content\/uploads\/2021\/01\/DSC_1455-2048x1266.jpg 2048w, https:\/\/mobilaner.de\/blog\/wp-content\/uploads\/2021\/01\/DSC_1455-97x60.jpg 97w\" sizes=\"auto, (max-width: 1024px) 100vw, 1024px\" \/><\/a><\/figure><\/li><li class=\"blocks-gallery-item\"><figure><a href=\"http:\/\/mobilaner.de\/blog\/wp-content\/uploads\/2021\/01\/DSC_1509-1024x524.jpg\"><img loading=\"lazy\" decoding=\"async\" width=\"1024\" height=\"524\" src=\"http:\/\/mobilaner.de\/blog\/wp-content\/uploads\/2021\/01\/DSC_1509-1024x524.jpg\" alt=\"\" data-id=\"973\" data-link=\"http:\/\/mobilaner.de\/blog\/?attachment_id=973\" class=\"wp-image-973\" srcset=\"https:\/\/mobilaner.de\/blog\/wp-content\/uploads\/2021\/01\/DSC_1509-scaled.jpg 1024w, https:\/\/mobilaner.de\/blog\/wp-content\/uploads\/2021\/01\/DSC_1509-300x154.jpg 300w, https:\/\/mobilaner.de\/blog\/wp-content\/uploads\/2021\/01\/DSC_1509-768x393.jpg 768w, https:\/\/mobilaner.de\/blog\/wp-content\/uploads\/2021\/01\/DSC_1509-1536x787.jpg 1536w, https:\/\/mobilaner.de\/blog\/wp-content\/uploads\/2021\/01\/DSC_1509-2048x1049.jpg 2048w, https:\/\/mobilaner.de\/blog\/wp-content\/uploads\/2021\/01\/DSC_1509-117x60.jpg 117w, https:\/\/mobilaner.de\/blog\/wp-content\/uploads\/2021\/01\/DSC_1509-1170x600.jpg 1170w\" sizes=\"auto, (max-width: 1024px) 100vw, 1024px\" \/><\/a><\/figure><\/li><li class=\"blocks-gallery-item\"><figure><a href=\"http:\/\/mobilaner.de\/blog\/wp-content\/uploads\/2021\/01\/DSC_1533-1024x589.jpg\"><img loading=\"lazy\" decoding=\"async\" width=\"1024\" height=\"589\" src=\"http:\/\/mobilaner.de\/blog\/wp-content\/uploads\/2021\/01\/DSC_1533-1024x589.jpg\" alt=\"\" data-id=\"974\" data-link=\"http:\/\/mobilaner.de\/blog\/?attachment_id=974\" class=\"wp-image-974\" srcset=\"https:\/\/mobilaner.de\/blog\/wp-content\/uploads\/2021\/01\/DSC_1533-scaled.jpg 1024w, https:\/\/mobilaner.de\/blog\/wp-content\/uploads\/2021\/01\/DSC_1533-300x173.jpg 300w, https:\/\/mobilaner.de\/blog\/wp-content\/uploads\/2021\/01\/DSC_1533-768x442.jpg 768w, https:\/\/mobilaner.de\/blog\/wp-content\/uploads\/2021\/01\/DSC_1533-1536x884.jpg 1536w, https:\/\/mobilaner.de\/blog\/wp-content\/uploads\/2021\/01\/DSC_1533-2048x1178.jpg 2048w, https:\/\/mobilaner.de\/blog\/wp-content\/uploads\/2021\/01\/DSC_1533-104x60.jpg 104w, https:\/\/mobilaner.de\/blog\/wp-content\/uploads\/2021\/01\/DSC_1533-780x450.jpg 780w\" sizes=\"auto, (max-width: 1024px) 100vw, 1024px\" \/><\/a><\/figure><\/li><li class=\"blocks-gallery-item\"><figure><a href=\"http:\/\/mobilaner.de\/blog\/wp-content\/uploads\/2021\/01\/DSC_1563-1024x354.jpg\"><img loading=\"lazy\" decoding=\"async\" width=\"1024\" height=\"354\" src=\"http:\/\/mobilaner.de\/blog\/wp-content\/uploads\/2021\/01\/DSC_1563-1024x354.jpg\" alt=\"\" data-id=\"975\" data-link=\"http:\/\/mobilaner.de\/blog\/?attachment_id=975\" class=\"wp-image-975\" srcset=\"https:\/\/mobilaner.de\/blog\/wp-content\/uploads\/2021\/01\/DSC_1563-scaled.jpg 1024w, https:\/\/mobilaner.de\/blog\/wp-content\/uploads\/2021\/01\/DSC_1563-300x104.jpg 300w, https:\/\/mobilaner.de\/blog\/wp-content\/uploads\/2021\/01\/DSC_1563-768x266.jpg 768w, https:\/\/mobilaner.de\/blog\/wp-content\/uploads\/2021\/01\/DSC_1563-1536x531.jpg 1536w, https:\/\/mobilaner.de\/blog\/wp-content\/uploads\/2021\/01\/DSC_1563-2048x708.jpg 2048w, https:\/\/mobilaner.de\/blog\/wp-content\/uploads\/2021\/01\/DSC_1563-173x60.jpg 173w\" sizes=\"auto, (max-width: 1024px) 100vw, 1024px\" \/><\/a><\/figure><\/li><li class=\"blocks-gallery-item\"><figure><a href=\"http:\/\/mobilaner.de\/blog\/wp-content\/uploads\/2021\/01\/DSC_1569-1024x487.jpg\"><img loading=\"lazy\" decoding=\"async\" width=\"1024\" height=\"487\" src=\"http:\/\/mobilaner.de\/blog\/wp-content\/uploads\/2021\/01\/DSC_1569-1024x487.jpg\" alt=\"\" data-id=\"976\" data-link=\"http:\/\/mobilaner.de\/blog\/?attachment_id=976\" class=\"wp-image-976\" srcset=\"https:\/\/mobilaner.de\/blog\/wp-content\/uploads\/2021\/01\/DSC_1569-scaled.jpg 1024w, https:\/\/mobilaner.de\/blog\/wp-content\/uploads\/2021\/01\/DSC_1569-300x143.jpg 300w, https:\/\/mobilaner.de\/blog\/wp-content\/uploads\/2021\/01\/DSC_1569-768x365.jpg 768w, https:\/\/mobilaner.de\/blog\/wp-content\/uploads\/2021\/01\/DSC_1569-1536x730.jpg 1536w, https:\/\/mobilaner.de\/blog\/wp-content\/uploads\/2021\/01\/DSC_1569-2048x973.jpg 2048w, https:\/\/mobilaner.de\/blog\/wp-content\/uploads\/2021\/01\/DSC_1569-126x60.jpg 126w\" sizes=\"auto, (max-width: 1024px) 100vw, 1024px\" \/><\/a><\/figure><\/li><li class=\"blocks-gallery-item\"><figure><a href=\"http:\/\/mobilaner.de\/blog\/wp-content\/uploads\/2021\/01\/IMG_6409-1024x575.jpg\"><img loading=\"lazy\" decoding=\"async\" width=\"1024\" height=\"575\" src=\"http:\/\/mobilaner.de\/blog\/wp-content\/uploads\/2021\/01\/IMG_6409-1024x575.jpg\" alt=\"\" data-id=\"977\" data-link=\"http:\/\/mobilaner.de\/blog\/?attachment_id=977\" class=\"wp-image-977\" srcset=\"https:\/\/mobilaner.de\/blog\/wp-content\/uploads\/2021\/01\/IMG_6409-scaled.jpg 1024w, https:\/\/mobilaner.de\/blog\/wp-content\/uploads\/2021\/01\/IMG_6409-300x168.jpg 300w, https:\/\/mobilaner.de\/blog\/wp-content\/uploads\/2021\/01\/IMG_6409-768x431.jpg 768w, https:\/\/mobilaner.de\/blog\/wp-content\/uploads\/2021\/01\/IMG_6409-1536x862.jpg 1536w, https:\/\/mobilaner.de\/blog\/wp-content\/uploads\/2021\/01\/IMG_6409-2048x1150.jpg 2048w, https:\/\/mobilaner.de\/blog\/wp-content\/uploads\/2021\/01\/IMG_6409-107x60.jpg 107w\" sizes=\"auto, (max-width: 1024px) 100vw, 1024px\" \/><\/a><\/figure><\/li><li class=\"blocks-gallery-item\"><figure><a href=\"http:\/\/mobilaner.de\/blog\/wp-content\/uploads\/2021\/01\/IMG_6420-1024x575.jpg\"><img loading=\"lazy\" decoding=\"async\" width=\"1024\" height=\"575\" src=\"http:\/\/mobilaner.de\/blog\/wp-content\/uploads\/2021\/01\/IMG_6420-1024x575.jpg\" alt=\"\" data-id=\"978\" data-link=\"http:\/\/mobilaner.de\/blog\/?attachment_id=978\" class=\"wp-image-978\" srcset=\"https:\/\/mobilaner.de\/blog\/wp-content\/uploads\/2021\/01\/IMG_6420-scaled.jpg 1024w, https:\/\/mobilaner.de\/blog\/wp-content\/uploads\/2021\/01\/IMG_6420-300x168.jpg 300w, https:\/\/mobilaner.de\/blog\/wp-content\/uploads\/2021\/01\/IMG_6420-768x431.jpg 768w, https:\/\/mobilaner.de\/blog\/wp-content\/uploads\/2021\/01\/IMG_6420-1536x862.jpg 1536w, https:\/\/mobilaner.de\/blog\/wp-content\/uploads\/2021\/01\/IMG_6420-2048x1150.jpg 2048w, https:\/\/mobilaner.de\/blog\/wp-content\/uploads\/2021\/01\/IMG_6420-107x60.jpg 107w\" sizes=\"auto, (max-width: 1024px) 100vw, 1024px\" \/><\/a><\/figure><\/li><li class=\"blocks-gallery-item\"><figure><a href=\"http:\/\/mobilaner.de\/blog\/wp-content\/uploads\/2021\/01\/IMG_6427-1024x575.jpg\"><img loading=\"lazy\" decoding=\"async\" width=\"1024\" height=\"575\" src=\"http:\/\/mobilaner.de\/blog\/wp-content\/uploads\/2021\/01\/IMG_6427-1024x575.jpg\" alt=\"\" data-id=\"979\" data-link=\"http:\/\/mobilaner.de\/blog\/?attachment_id=979\" class=\"wp-image-979\" srcset=\"https:\/\/mobilaner.de\/blog\/wp-content\/uploads\/2021\/01\/IMG_6427-scaled.jpg 1024w, https:\/\/mobilaner.de\/blog\/wp-content\/uploads\/2021\/01\/IMG_6427-300x168.jpg 300w, https:\/\/mobilaner.de\/blog\/wp-content\/uploads\/2021\/01\/IMG_6427-768x431.jpg 768w, https:\/\/mobilaner.de\/blog\/wp-content\/uploads\/2021\/01\/IMG_6427-1536x862.jpg 1536w, https:\/\/mobilaner.de\/blog\/wp-content\/uploads\/2021\/01\/IMG_6427-2048x1150.jpg 2048w, https:\/\/mobilaner.de\/blog\/wp-content\/uploads\/2021\/01\/IMG_6427-107x60.jpg 107w\" sizes=\"auto, (max-width: 1024px) 100vw, 1024px\" \/><\/a><\/figure><\/li><li class=\"blocks-gallery-item\"><figure><a href=\"http:\/\/mobilaner.de\/blog\/wp-content\/uploads\/2021\/01\/IMG_6440-1024x575.jpg\"><img loading=\"lazy\" decoding=\"async\" width=\"1024\" height=\"575\" src=\"http:\/\/mobilaner.de\/blog\/wp-content\/uploads\/2021\/01\/IMG_6440-1024x575.jpg\" alt=\"\" data-id=\"980\" data-link=\"http:\/\/mobilaner.de\/blog\/?attachment_id=980\" class=\"wp-image-980\" srcset=\"https:\/\/mobilaner.de\/blog\/wp-content\/uploads\/2021\/01\/IMG_6440-scaled.jpg 1024w, https:\/\/mobilaner.de\/blog\/wp-content\/uploads\/2021\/01\/IMG_6440-300x168.jpg 300w, https:\/\/mobilaner.de\/blog\/wp-content\/uploads\/2021\/01\/IMG_6440-768x431.jpg 768w, https:\/\/mobilaner.de\/blog\/wp-content\/uploads\/2021\/01\/IMG_6440-1536x862.jpg 1536w, https:\/\/mobilaner.de\/blog\/wp-content\/uploads\/2021\/01\/IMG_6440-2048x1150.jpg 2048w, https:\/\/mobilaner.de\/blog\/wp-content\/uploads\/2021\/01\/IMG_6440-107x60.jpg 107w\" sizes=\"auto, (max-width: 1024px) 100vw, 1024px\" \/><\/a><\/figure><\/li><li class=\"blocks-gallery-item\"><figure><a href=\"http:\/\/mobilaner.de\/blog\/wp-content\/uploads\/2021\/01\/DSC_1578-1024x543.jpg\"><img loading=\"lazy\" decoding=\"async\" width=\"1024\" height=\"543\" src=\"http:\/\/mobilaner.de\/blog\/wp-content\/uploads\/2021\/01\/DSC_1578-1024x543.jpg\" alt=\"\" data-id=\"981\" data-link=\"http:\/\/mobilaner.de\/blog\/?attachment_id=981\" class=\"wp-image-981\" srcset=\"https:\/\/mobilaner.de\/blog\/wp-content\/uploads\/2021\/01\/DSC_1578-scaled.jpg 1024w, https:\/\/mobilaner.de\/blog\/wp-content\/uploads\/2021\/01\/DSC_1578-300x159.jpg 300w, https:\/\/mobilaner.de\/blog\/wp-content\/uploads\/2021\/01\/DSC_1578-768x407.jpg 768w, https:\/\/mobilaner.de\/blog\/wp-content\/uploads\/2021\/01\/DSC_1578-1536x815.jpg 1536w, https:\/\/mobilaner.de\/blog\/wp-content\/uploads\/2021\/01\/DSC_1578-2048x1086.jpg 2048w, https:\/\/mobilaner.de\/blog\/wp-content\/uploads\/2021\/01\/DSC_1578-113x60.jpg 113w\" sizes=\"auto, (max-width: 1024px) 100vw, 1024px\" \/><\/a><\/figure><\/li><li class=\"blocks-gallery-item\"><figure><a href=\"http:\/\/mobilaner.de\/blog\/wp-content\/uploads\/2021\/01\/IMG_8152-1024x768.jpg\"><img loading=\"lazy\" decoding=\"async\" width=\"1024\" height=\"768\" src=\"http:\/\/mobilaner.de\/blog\/wp-content\/uploads\/2021\/01\/IMG_8152-1024x768.jpg\" alt=\"\" data-id=\"982\" data-link=\"http:\/\/mobilaner.de\/blog\/?attachment_id=982\" class=\"wp-image-982\" srcset=\"https:\/\/mobilaner.de\/blog\/wp-content\/uploads\/2021\/01\/IMG_8152-scaled.jpg 1024w, https:\/\/mobilaner.de\/blog\/wp-content\/uploads\/2021\/01\/IMG_8152-300x225.jpg 300w, https:\/\/mobilaner.de\/blog\/wp-content\/uploads\/2021\/01\/IMG_8152-768x576.jpg 768w, https:\/\/mobilaner.de\/blog\/wp-content\/uploads\/2021\/01\/IMG_8152-1536x1152.jpg 1536w, https:\/\/mobilaner.de\/blog\/wp-content\/uploads\/2021\/01\/IMG_8152-2048x1536.jpg 2048w, https:\/\/mobilaner.de\/blog\/wp-content\/uploads\/2021\/01\/IMG_8152-80x60.jpg 80w\" sizes=\"auto, (max-width: 1024px) 100vw, 1024px\" \/><\/a><\/figure><\/li><li class=\"blocks-gallery-item\"><figure><a href=\"http:\/\/mobilaner.de\/blog\/wp-content\/uploads\/2021\/01\/IMG_6469-1024x575.jpg\"><img loading=\"lazy\" decoding=\"async\" width=\"1024\" height=\"575\" src=\"http:\/\/mobilaner.de\/blog\/wp-content\/uploads\/2021\/01\/IMG_6469-1024x575.jpg\" alt=\"\" data-id=\"983\" data-link=\"http:\/\/mobilaner.de\/blog\/?attachment_id=983\" class=\"wp-image-983\" srcset=\"https:\/\/mobilaner.de\/blog\/wp-content\/uploads\/2021\/01\/IMG_6469-scaled.jpg 1024w, https:\/\/mobilaner.de\/blog\/wp-content\/uploads\/2021\/01\/IMG_6469-300x168.jpg 300w, https:\/\/mobilaner.de\/blog\/wp-content\/uploads\/2021\/01\/IMG_6469-768x431.jpg 768w, https:\/\/mobilaner.de\/blog\/wp-content\/uploads\/2021\/01\/IMG_6469-1536x862.jpg 1536w, https:\/\/mobilaner.de\/blog\/wp-content\/uploads\/2021\/01\/IMG_6469-2048x1150.jpg 2048w, https:\/\/mobilaner.de\/blog\/wp-content\/uploads\/2021\/01\/IMG_6469-107x60.jpg 107w\" sizes=\"auto, (max-width: 1024px) 100vw, 1024px\" \/><\/a><\/figure><\/li><li class=\"blocks-gallery-item\"><figure><a href=\"http:\/\/mobilaner.de\/blog\/wp-content\/uploads\/2021\/01\/IMG_6470-1024x575.jpg\"><img loading=\"lazy\" decoding=\"async\" width=\"1024\" height=\"575\" src=\"http:\/\/mobilaner.de\/blog\/wp-content\/uploads\/2021\/01\/IMG_6470-1024x575.jpg\" alt=\"\" data-id=\"984\" data-link=\"http:\/\/mobilaner.de\/blog\/?attachment_id=984\" class=\"wp-image-984\" srcset=\"https:\/\/mobilaner.de\/blog\/wp-content\/uploads\/2021\/01\/IMG_6470-scaled.jpg 1024w, https:\/\/mobilaner.de\/blog\/wp-content\/uploads\/2021\/01\/IMG_6470-300x168.jpg 300w, https:\/\/mobilaner.de\/blog\/wp-content\/uploads\/2021\/01\/IMG_6470-768x431.jpg 768w, https:\/\/mobilaner.de\/blog\/wp-content\/uploads\/2021\/01\/IMG_6470-1536x862.jpg 1536w, https:\/\/mobilaner.de\/blog\/wp-content\/uploads\/2021\/01\/IMG_6470-2048x1150.jpg 2048w, https:\/\/mobilaner.de\/blog\/wp-content\/uploads\/2021\/01\/IMG_6470-107x60.jpg 107w\" sizes=\"auto, (max-width: 1024px) 100vw, 1024px\" \/><\/a><\/figure><\/li><li class=\"blocks-gallery-item\"><figure><a href=\"http:\/\/mobilaner.de\/blog\/wp-content\/uploads\/2021\/01\/IMG_6475-1024x575.jpg\"><img loading=\"lazy\" decoding=\"async\" width=\"1024\" height=\"575\" src=\"http:\/\/mobilaner.de\/blog\/wp-content\/uploads\/2021\/01\/IMG_6475-1024x575.jpg\" alt=\"\" data-id=\"985\" data-link=\"http:\/\/mobilaner.de\/blog\/?attachment_id=985\" class=\"wp-image-985\" srcset=\"https:\/\/mobilaner.de\/blog\/wp-content\/uploads\/2021\/01\/IMG_6475-scaled.jpg 1024w, https:\/\/mobilaner.de\/blog\/wp-content\/uploads\/2021\/01\/IMG_6475-300x168.jpg 300w, https:\/\/mobilaner.de\/blog\/wp-content\/uploads\/2021\/01\/IMG_6475-768x431.jpg 768w, https:\/\/mobilaner.de\/blog\/wp-content\/uploads\/2021\/01\/IMG_6475-1536x862.jpg 1536w, https:\/\/mobilaner.de\/blog\/wp-content\/uploads\/2021\/01\/IMG_6475-2048x1150.jpg 2048w, https:\/\/mobilaner.de\/blog\/wp-content\/uploads\/2021\/01\/IMG_6475-107x60.jpg 107w\" sizes=\"auto, (max-width: 1024px) 100vw, 1024px\" \/><\/a><\/figure><\/li><li class=\"blocks-gallery-item\"><figure><a href=\"http:\/\/mobilaner.de\/blog\/wp-content\/uploads\/2021\/01\/IMG_6557-1024x683.jpg\"><img loading=\"lazy\" decoding=\"async\" width=\"1024\" height=\"683\" src=\"http:\/\/mobilaner.de\/blog\/wp-content\/uploads\/2021\/01\/IMG_6557-1024x683.jpg\" alt=\"\" data-id=\"986\" data-link=\"http:\/\/mobilaner.de\/blog\/?attachment_id=986\" class=\"wp-image-986\" srcset=\"https:\/\/mobilaner.de\/blog\/wp-content\/uploads\/2021\/01\/IMG_6557-scaled.jpg 1024w, https:\/\/mobilaner.de\/blog\/wp-content\/uploads\/2021\/01\/IMG_6557-300x200.jpg 300w, https:\/\/mobilaner.de\/blog\/wp-content\/uploads\/2021\/01\/IMG_6557-768x512.jpg 768w, https:\/\/mobilaner.de\/blog\/wp-content\/uploads\/2021\/01\/IMG_6557-1536x1024.jpg 1536w, https:\/\/mobilaner.de\/blog\/wp-content\/uploads\/2021\/01\/IMG_6557-2048x1365.jpg 2048w, https:\/\/mobilaner.de\/blog\/wp-content\/uploads\/2021\/01\/IMG_6557-90x60.jpg 90w\" sizes=\"auto, (max-width: 1024px) 100vw, 1024px\" \/><\/a><\/figure><\/li><li class=\"blocks-gallery-item\"><figure><a href=\"http:\/\/mobilaner.de\/blog\/wp-content\/uploads\/2021\/01\/IMG_6560-1024x683.jpg\"><img loading=\"lazy\" decoding=\"async\" width=\"1024\" height=\"683\" src=\"http:\/\/mobilaner.de\/blog\/wp-content\/uploads\/2021\/01\/IMG_6560-1024x683.jpg\" alt=\"\" data-id=\"987\" data-link=\"http:\/\/mobilaner.de\/blog\/?attachment_id=987\" class=\"wp-image-987\" srcset=\"https:\/\/mobilaner.de\/blog\/wp-content\/uploads\/2021\/01\/IMG_6560-scaled.jpg 1024w, https:\/\/mobilaner.de\/blog\/wp-content\/uploads\/2021\/01\/IMG_6560-300x200.jpg 300w, https:\/\/mobilaner.de\/blog\/wp-content\/uploads\/2021\/01\/IMG_6560-768x512.jpg 768w, https:\/\/mobilaner.de\/blog\/wp-content\/uploads\/2021\/01\/IMG_6560-1536x1024.jpg 1536w, https:\/\/mobilaner.de\/blog\/wp-content\/uploads\/2021\/01\/IMG_6560-2048x1365.jpg 2048w, https:\/\/mobilaner.de\/blog\/wp-content\/uploads\/2021\/01\/IMG_6560-90x60.jpg 90w\" sizes=\"auto, (max-width: 1024px) 100vw, 1024px\" \/><\/a><\/figure><\/li><li class=\"blocks-gallery-item\"><figure><a href=\"http:\/\/mobilaner.de\/blog\/wp-content\/uploads\/2021\/01\/IMG_8074-1024x768.jpg\"><img loading=\"lazy\" decoding=\"async\" width=\"1024\" height=\"768\" src=\"http:\/\/mobilaner.de\/blog\/wp-content\/uploads\/2021\/01\/IMG_8074-1024x768.jpg\" alt=\"\" data-id=\"988\" data-link=\"http:\/\/mobilaner.de\/blog\/?attachment_id=988\" class=\"wp-image-988\" srcset=\"https:\/\/mobilaner.de\/blog\/wp-content\/uploads\/2021\/01\/IMG_8074-scaled.jpg 1024w, https:\/\/mobilaner.de\/blog\/wp-content\/uploads\/2021\/01\/IMG_8074-300x225.jpg 300w, https:\/\/mobilaner.de\/blog\/wp-content\/uploads\/2021\/01\/IMG_8074-768x576.jpg 768w, https:\/\/mobilaner.de\/blog\/wp-content\/uploads\/2021\/01\/IMG_8074-1536x1152.jpg 1536w, https:\/\/mobilaner.de\/blog\/wp-content\/uploads\/2021\/01\/IMG_8074-2048x1536.jpg 2048w, https:\/\/mobilaner.de\/blog\/wp-content\/uploads\/2021\/01\/IMG_8074-80x60.jpg 80w\" sizes=\"auto, (max-width: 1024px) 100vw, 1024px\" \/><\/a><\/figure><\/li><li class=\"blocks-gallery-item\"><figure><a href=\"http:\/\/mobilaner.de\/blog\/wp-content\/uploads\/2021\/01\/IMG_8128-1024x768.jpg\"><img loading=\"lazy\" decoding=\"async\" width=\"1024\" height=\"768\" src=\"http:\/\/mobilaner.de\/blog\/wp-content\/uploads\/2021\/01\/IMG_8128-1024x768.jpg\" alt=\"\" data-id=\"989\" data-link=\"http:\/\/mobilaner.de\/blog\/?attachment_id=989\" class=\"wp-image-989\" srcset=\"https:\/\/mobilaner.de\/blog\/wp-content\/uploads\/2021\/01\/IMG_8128-scaled.jpg 1024w, https:\/\/mobilaner.de\/blog\/wp-content\/uploads\/2021\/01\/IMG_8128-300x225.jpg 300w, https:\/\/mobilaner.de\/blog\/wp-content\/uploads\/2021\/01\/IMG_8128-768x576.jpg 768w, https:\/\/mobilaner.de\/blog\/wp-content\/uploads\/2021\/01\/IMG_8128-1536x1152.jpg 1536w, https:\/\/mobilaner.de\/blog\/wp-content\/uploads\/2021\/01\/IMG_8128-2048x1536.jpg 2048w, https:\/\/mobilaner.de\/blog\/wp-content\/uploads\/2021\/01\/IMG_8128-80x60.jpg 80w\" sizes=\"auto, (max-width: 1024px) 100vw, 1024px\" \/><\/a><\/figure><\/li><li class=\"blocks-gallery-item\"><figure><a href=\"http:\/\/mobilaner.de\/blog\/wp-content\/uploads\/2021\/01\/IMG_8173-1024x768.jpg\"><img loading=\"lazy\" decoding=\"async\" width=\"1024\" height=\"768\" src=\"http:\/\/mobilaner.de\/blog\/wp-content\/uploads\/2021\/01\/IMG_8173-1024x768.jpg\" alt=\"\" data-id=\"990\" data-link=\"http:\/\/mobilaner.de\/blog\/?attachment_id=990\" class=\"wp-image-990\" srcset=\"https:\/\/mobilaner.de\/blog\/wp-content\/uploads\/2021\/01\/IMG_8173-scaled.jpg 1024w, https:\/\/mobilaner.de\/blog\/wp-content\/uploads\/2021\/01\/IMG_8173-300x225.jpg 300w, https:\/\/mobilaner.de\/blog\/wp-content\/uploads\/2021\/01\/IMG_8173-768x576.jpg 768w, https:\/\/mobilaner.de\/blog\/wp-content\/uploads\/2021\/01\/IMG_8173-1536x1152.jpg 1536w, https:\/\/mobilaner.de\/blog\/wp-content\/uploads\/2021\/01\/IMG_8173-2048x1536.jpg 2048w, https:\/\/mobilaner.de\/blog\/wp-content\/uploads\/2021\/01\/IMG_8173-80x60.jpg 80w\" sizes=\"auto, (max-width: 1024px) 100vw, 1024px\" \/><\/a><\/figure><\/li><li class=\"blocks-gallery-item\"><figure><a href=\"http:\/\/mobilaner.de\/blog\/wp-content\/uploads\/2021\/01\/IMG_8188.jpg\"><img loading=\"lazy\" decoding=\"async\" width=\"1024\" height=\"768\" src=\"http:\/\/mobilaner.de\/blog\/wp-content\/uploads\/2021\/01\/IMG_8188-1024x768.jpg\" alt=\"\" data-id=\"991\" data-full-url=\"http:\/\/mobilaner.de\/blog\/wp-content\/uploads\/2021\/01\/IMG_8188.jpg\" data-link=\"http:\/\/mobilaner.de\/blog\/?attachment_id=991\" class=\"wp-image-991\" srcset=\"https:\/\/mobilaner.de\/blog\/wp-content\/uploads\/2021\/01\/IMG_8188.jpg 1024w, https:\/\/mobilaner.de\/blog\/wp-content\/uploads\/2021\/01\/IMG_8188-300x225.jpg 300w, https:\/\/mobilaner.de\/blog\/wp-content\/uploads\/2021\/01\/IMG_8188-768x576.jpg 768w, https:\/\/mobilaner.de\/blog\/wp-content\/uploads\/2021\/01\/IMG_8188-1536x1152.jpg 1536w, https:\/\/mobilaner.de\/blog\/wp-content\/uploads\/2021\/01\/IMG_8188-80x60.jpg 80w\" sizes=\"auto, (max-width: 1024px) 100vw, 1024px\" \/><\/a><\/figure><\/li><\/ul><\/figure>\n","protected":false},"excerpt":{"rendered":"<p>Zwei N\u00e4chte auf einem Campingplatz sollen dann auch erstmal wieder reichen. Einmal frisch geduscht und W\u00e4sche gewaschen und weiter geht\u2019s! Der Sand ruft! Kalle hat sich in Zagora f\u00fcrs erste von uns verabschiedet, f\u00fcr ihn geht es erstmal wieder nordw\u00e4rts. Wahrscheinlich treffen wir uns demn\u00e4chst irgendwo nochmal wieder. Niels und Johanna haben auch grad kein &hellip; <\/p>\n","protected":false},"author":3,"featured_media":949,"comment_status":"open","ping_status":"open","sticky":false,"template":"","format":"standard","meta":{"_stopmodifiedupdate":false,"_modified_date":"","footnotes":""},"categories":[18,19],"tags":[],"class_list":["post-948","post","type-post","status-publish","format-standard","has-post-thumbnail","hentry","category-touren","category-tour-2015-2016"],"_links":{"self":[{"href":"https:\/\/mobilaner.de\/blog\/wp-json\/wp\/v2\/posts\/948","targetHints":{"allow":["GET"]}}],"collection":[{"href":"https:\/\/mobilaner.de\/blog\/wp-json\/wp\/v2\/posts"}],"about":[{"href":"https:\/\/mobilaner.de\/blog\/wp-json\/wp\/v2\/types\/post"}],"author":[{"embeddable":true,"href":"https:\/\/mobilaner.de\/blog\/wp-json\/wp\/v2\/users\/3"}],"replies":[{"embeddable":true,"href":"https:\/\/mobilaner.de\/blog\/wp-json\/wp\/v2\/comments?post=948"}],"version-history":[{"count":1,"href":"https:\/\/mobilaner.de\/blog\/wp-json\/wp\/v2\/posts\/948\/revisions"}],"predecessor-version":[{"id":992,"href":"https:\/\/mobilaner.de\/blog\/wp-json\/wp\/v2\/posts\/948\/revisions\/992"}],"wp:featuredmedia":[{"embeddable":true,"href":"https:\/\/mobilaner.de\/blog\/wp-json\/wp\/v2\/media\/949"}],"wp:attachment":[{"href":"https:\/\/mobilaner.de\/blog\/wp-json\/wp\/v2\/media?parent=948"}],"wp:term":[{"taxonomy":"category","embeddable":true,"href":"https:\/\/mobilaner.de\/blog\/wp-json\/wp\/v2\/categories?post=948"},{"taxonomy":"post_tag","embeddable":true,"href":"https:\/\/mobilaner.de\/blog\/wp-json\/wp\/v2\/tags?post=948"}],"curies":[{"name":"wp","href":"https:\/\/api.w.org\/{rel}","templated":true}]}}